{"id":5584,"date":"2025-09-19T09:43:04","date_gmt":"2025-09-19T12:43:04","guid":{"rendered":"https:\/\/ebp.org.br\/sul\/?p=5584"},"modified":"2025-09-19T09:43:04","modified_gmt":"2025-09-19T12:43:04","slug":"osso-1-2","status":"publish","type":"post","link":"https:\/\/ebp.org.br\/sul\/osso-1-2\/","title":{"rendered":"Osso 1"},"content":{"rendered":"<p><em><strong><span style=\"font-size: 13px;\">Fernanda Baptista<\/span><\/strong><\/em><br \/>\n<em><strong><span style=\"font-size: 13px;\">(Participante das atividades da EBP-Sul)<\/span><\/strong><\/em><\/p>\n<p>Em seu texto, C\u00e9lia Winter nos lembra que o analista deve estar advertido que aquele que busca um psicanalista nada sabe do seu gozo, o que ele busca \u00e9 aliviar-se de seu sofrimento, mas que a aposta ser\u00e1 justamente provocar uma tor\u00e7\u00e3o para que se abra uma pergunta para al\u00e9m da queixa. Para uma pergunta sup\u00f5e-se que haja uma resposta, ou muitas. O que implica em um esfor\u00e7o de constru\u00e7\u00e3o. Um sentido que pode se ordenar, um ganho de saber, um tempo de decifra\u00e7\u00e3o do inconsciente. O que C\u00e9lia nos aponta, entretanto, \u00e9 que h\u00e1 um obst\u00e1culo ao sentido desde o in\u00edcio das an\u00e1lises, o gozo fora do sentido, onde <em>isso<\/em> n\u00e3o fala a ningu\u00e9m. J\u00e1 houve um tempo de fasc\u00ednio pelo sentido, estar\u00edamos num tempo do fasc\u00ednio do gozo? Como um analista pode responder a esse desbordamento sem que ponha a perder tamb\u00e9m o que do sentido pode fazer dreno ao gozo?<\/p>\n<p>Se se trata de uma an\u00e1lise que se inicia j\u00e1 estamos no tempo em que as entrevistas preliminares cumpriram a fun\u00e7\u00e3o diagn\u00f3stica para que o analista se situe na transfer\u00eancia com cada sujeito. De uma massa amorfa para o endere\u00e7amento, o ca\u00f3tico se organiza no convite a falar, e quando isso n\u00e3o acontece, Miller<a href=\"#_ftn1\" name=\"_ftnref1\">[1]<\/a> conclui, &#8220;\u00e9 muito inquietante&#8221;.<\/p>\n<p>Quando algo se organiza estamos no tempo em que os significantes mestres aos poucos se recortam, se localizam, se reduzem, e esse tempo tem, muitas vezes, efeitos terap\u00eauticos r\u00e1pidos, o sujeito tamb\u00e9m goza do sentido que a an\u00e1lise produz. Miller ironiza que essa \u00e9 a &#8220;lua de mel&#8221; para os analistas, e brinca, &#8220;Ah! Seria um sonho, seria sensacional, um triunfo, s\u00f3 efetuar come\u00e7os de an\u00e1lises!&#8221;.<a href=\"#_ftn2\" name=\"_ftnref2\">[2]<\/a><\/p>\n<p>Por outro lado, ser\u00e1 que poder\u00edamos relacionar a <em>inquieta\u00e7\u00e3o<\/em> a que Miller se refere com os desafios frente ao discurso capitalista que vigora e &#8220;obstaculiza a divis\u00e3o subjetiva&#8221;, como formalizado no eixo 2? Muitas vezes n\u00e3o ser\u00e1 pela via da suposi\u00e7\u00e3o de saber, da emerg\u00eancia do Outro enigm\u00e1tico, mas caber\u00e1 ao analista, na sua presen\u00e7a, poder apoiar os sujeitos a uma elabora\u00e7\u00e3o. Se a psican\u00e1lise vai na contram\u00e3o do &#8220;siga o mestre&#8221;, e o mestre diz &#8220;goza!&#8221;, como operar para frear o gozo, mesmo que se saiba que h\u00e1 algo de inelimin\u00e1vel do gozo que percorrer\u00e1 as an\u00e1lises do in\u00edcio ao seu final? Com as crian\u00e7as, que est\u00e3o mais pr\u00f3ximas da puls\u00e3o, podemos aprender algo, como bem orienta Daniel Roy: &#8220;Esse objeto\u00a0<em>a<\/em>, &#8220;imposs\u00edvel de eliminar&#8221;, n\u00f3s o veremos deste modo surgir ao longo das cadeias significantes que a crian\u00e7a articula nos seus sonhos e brincadeiras, desde que lhe tenhamos dado o seu devido lugar, o de ser portador desse &#8220;valor de gozo [que] est\u00e1 no princ\u00edpio da economia do inconsciente&#8221;.<a href=\"#_ftn3\" name=\"_ftnref3\">[3]<\/a> Uma orienta\u00e7\u00e3o preciosa para seguirmos desde os in\u00edcios das an\u00e1lises!<\/p>\n<hr \/>\n<p><span style=\"font-size: 13px;\"><a href=\"#_ftnref1\" name=\"_ftn1\">[1]<\/a> Miller, Jacques-Alain. <em>Perspectivas dos Escritos e Outros escritos de Lacan<\/em>. Rio de Janeiro: Zahar, 2011, p. 101.<\/span><\/p>\n<p><span style=\"font-size: 13px;\"><a href=\"#_ftnref2\" name=\"_ftn2\">[2]<\/a> Idem, p. 105<\/span><\/p>\n<p><span style=\"font-size: 13px;\"><a href=\"#_ftnref3\" name=\"_ftn3\">[3]<\/a> Roy, Daniel. <em>Sonhos e fantasmas na crian\u00e7a<\/em>. Dispon\u00edvel em: https:\/\/www.revistarayuela.com\/pt\/010\/template.php?file=notas\/suenos-y-fantasmas-en-el-nino.html<\/span><\/p>\n","protected":false},"excerpt":{"rendered":"<p>Fernanda Baptista (Participante das atividades da EBP-Sul) Em seu texto, C\u00e9lia Winter nos lembra que o analista deve estar advertido que aquele que busca um psicanalista nada sabe do seu gozo, o que ele busca \u00e9 aliviar-se de seu sofrimento, mas que a aposta ser\u00e1 justamente provocar uma tor\u00e7\u00e3o para que se abra uma pergunta&hellip;<\/p>\n","protected":false},"author":1,"featured_media":0,"comment_status":"closed","ping_status":"open","sticky":false,"template":"","format":"standard","meta":{"footnotes":""},"categories":[23],"tags":[],"post_series":[],"class_list":["post-5584","post","type-post","status-publish","format-standard","hentry","category-vi-jornada","entry","no-media"],"_links":{"self":[{"href":"https:\/\/ebp.org.br\/sul\/wp-json\/wp\/v2\/posts\/5584","targetHints":{"allow":["GET"]}}],"collection":[{"href":"https:\/\/ebp.org.br\/sul\/wp-json\/wp\/v2\/posts"}],"about":[{"href":"https:\/\/ebp.org.br\/sul\/wp-json\/wp\/v2\/types\/post"}],"author":[{"embeddable":true,"href":"https:\/\/ebp.org.br\/sul\/wp-json\/wp\/v2\/users\/1"}],"replies":[{"embeddable":true,"href":"https:\/\/ebp.org.br\/sul\/wp-json\/wp\/v2\/comments?post=5584"}],"version-history":[{"count":1,"href":"https:\/\/ebp.org.br\/sul\/wp-json\/wp\/v2\/posts\/5584\/revisions"}],"predecessor-version":[{"id":5585,"href":"https:\/\/ebp.org.br\/sul\/wp-json\/wp\/v2\/posts\/5584\/revisions\/5585"}],"wp:attachment":[{"href":"https:\/\/ebp.org.br\/sul\/wp-json\/wp\/v2\/media?parent=5584"}],"wp:term":[{"taxonomy":"category","embeddable":true,"href":"https:\/\/ebp.org.br\/sul\/wp-json\/wp\/v2\/categories?post=5584"},{"taxonomy":"post_tag","embeddable":true,"href":"https:\/\/ebp.org.br\/sul\/wp-json\/wp\/v2\/tags?post=5584"},{"taxonomy":"post_series","embeddable":true,"href":"https:\/\/ebp.org.br\/sul\/wp-json\/wp\/v2\/post_series?post=5584"}],"curies":[{"name":"wp","href":"https:\/\/api.w.org\/{rel}","templated":true}]}}