{"id":5206,"date":"2024-09-24T07:28:07","date_gmt":"2024-09-24T10:28:07","guid":{"rendered":"https:\/\/ebp.org.br\/sul\/?p=5206"},"modified":"2024-09-24T07:28:07","modified_gmt":"2024-09-24T10:28:07","slug":"desistir-ou-desexistir","status":"publish","type":"post","link":"https:\/\/ebp.org.br\/sul\/desistir-ou-desexistir\/","title":{"rendered":"DESISTIR OU DESEXISTIR?"},"content":{"rendered":"<p><strong>COM MARCELO VERAS<\/strong><\/p>\n<h6>\u00a0Andrea Tochetto<\/h6>\n<figure id=\"attachment_5193\" aria-describedby=\"caption-attachment-5193\" style=\"width: 500px\" class=\"wp-caption alignnone\"><img loading=\"lazy\" decoding=\"async\" class=\"wp-image-5193\" src=\"https:\/\/ebp.org.br\/sul\/wp-content\/uploads\/2024\/09\/modos_de_usar_005_008-300x218.jpg\" alt=\"\" width=\"500\" height=\"363\" srcset=\"https:\/\/ebp.org.br\/sul\/wp-content\/uploads\/2024\/09\/modos_de_usar_005_008-300x218.jpg 300w, https:\/\/ebp.org.br\/sul\/wp-content\/uploads\/2024\/09\/modos_de_usar_005_008.jpg 433w\" sizes=\"auto, (max-width: 500px) 100vw, 500px\" \/><figcaption id=\"caption-attachment-5193\" class=\"wp-caption-text\">Arte: Jaider Esbell<\/figcaption><\/figure>\n<p>No dia 27 de junho deste ano, \u00a0a Comiss\u00e3o de Biblioteca EBP \u2013 Se\u00e7\u00e3o Sul, em parceria com a Pontif\u00edcia Universidade Cat\u00f3lica do Paran\u00e1, contou com a presen\u00e7a de Marcelo Veras na apresenta\u00e7\u00e3o e noite de aut\u00f3grafos de seu \u00faltimo livro: <em>A Morte de Si<\/em>.<\/p>\n<p>Em uma das salas da PUC-PR, nos trouxe um pouco do que vem a ser um trabalho da elabora\u00e7\u00e3o, de mais de dez anos, que une a escuta psicanal\u00edtica e a teoria, e traduz o encontro \u201ccom as boas palavras\u201d que foram chegando para falar de suic\u00eddio.<\/p>\n<p>Marcelo adverte: n\u00e3o se trata de \u201cuma teoria sobre o <em>suic\u00eddio <\/em>e todas as suas implica\u00e7\u00f5es, tampouco um manual de como agir quando a quest\u00e3o se instaura na cl\u00ednica e no mundo em geral. Falemos de suic\u00eddio entre n\u00f3s, os <em>n\u00f3s <\/em>do suic\u00eddio\u201d[1] .<\/p>\n<p>Ao abordar o assunto, ele percorre alguns caminhos que poder\u00e3o ser melhor lidos em seu livro, como o se jogar para o nada; o sintom\u00e1tico insuport\u00e1vel; aquilo do corpo que est\u00e1 em si, mas n\u00e3o est\u00e1 em \u201cmim\u201d ; o ato mais bem sucedido; e a mensagem que sempre chega, referindo-se \u00e0s cartas que mobilizam os enlutados. Quando fala delas, diz que \u201co suic\u00eddio, por mais que seja um ato solit\u00e1rio, inclui um destinat\u00e1rio. O suic\u00eddio n\u00e3o ocorre sem o Outro, quer seja um gesto \u2018para\u2019 um outro, quer para \u2018separa-se\u2019 dele\u201d. Assim, o suicida tem sua carta e o trabalho da psican\u00e1lise revela que a escrita j\u00e1 estava l\u00e1.<\/p>\n<p>Em diversos momentos do livro, Marcelo nos convida ao questionamento, a rever conceitos e nos encontrarmos com alguns paradoxos:<\/p>\n<blockquote><p>\u201cpassamos a vida na busca de um objeto perdido, mas n\u00e3o \u00e9 o objeto que sempre esteve perdido, somos n\u00f3s mesmos, a ess\u00eancia do nosso ser, que estamos desde quando adentramos o mundo das palavras. E por qu\u00ea? Porque n\u00e3o nascemos com as palavras, todas as palavras que falamos v\u00eam do Outro. E s\u00f3 nos definimos com palavras. Precisamos desse circuito que faz com que passemos do Um, Um como solid\u00e3o de nossa exist\u00eancia, para o campo do Outro. E a\u00ed nos confundimos, achamos que somos o que as palavras permitem dizer que somos&#8230; por isso a dimens\u00e3o do ato \u00e9 t\u00e3o importante no suic\u00eddio, o ato \u00e9 algo que enfim se realiza\u201d(Veras, 2023, p.41).<\/p><\/blockquote>\n<p>E, entre as palavras, este assunto complexo e, \u00e0s vezes, s\u00f3 palp\u00e1vel em pequeninos detalhes, o psicanalista e escritor pode recortar desse tema a aposta que \u00e9 o viver, \u201cmas que nunca sabemos contra quem ou o que apostamos\u201d[2].<\/p>\n<p>Boa Leitura!<\/p>\n","protected":false},"excerpt":{"rendered":"<p>COM MARCELO VERAS \u00a0Andrea Tochetto No dia 27 de junho deste ano, \u00a0a Comiss\u00e3o de Biblioteca EBP \u2013 Se\u00e7\u00e3o Sul, em parceria com a Pontif\u00edcia Universidade Cat\u00f3lica do Paran\u00e1, contou com a presen\u00e7a de Marcelo Veras na apresenta\u00e7\u00e3o e noite de aut\u00f3grafos de seu \u00faltimo livro: A Morte de Si. Em uma das salas da&hellip;<\/p>\n","protected":false},"author":1,"featured_media":0,"comment_status":"closed","ping_status":"open","sticky":false,"template":"","format":"standard","meta":{"footnotes":""},"categories":[3],"tags":[],"post_series":[],"class_list":["post-5206","post","type-post","status-publish","format-standard","hentry","category-boletim-modos-de-usar","entry","no-media"],"_links":{"self":[{"href":"https:\/\/ebp.org.br\/sul\/wp-json\/wp\/v2\/posts\/5206","targetHints":{"allow":["GET"]}}],"collection":[{"href":"https:\/\/ebp.org.br\/sul\/wp-json\/wp\/v2\/posts"}],"about":[{"href":"https:\/\/ebp.org.br\/sul\/wp-json\/wp\/v2\/types\/post"}],"author":[{"embeddable":true,"href":"https:\/\/ebp.org.br\/sul\/wp-json\/wp\/v2\/users\/1"}],"replies":[{"embeddable":true,"href":"https:\/\/ebp.org.br\/sul\/wp-json\/wp\/v2\/comments?post=5206"}],"version-history":[{"count":1,"href":"https:\/\/ebp.org.br\/sul\/wp-json\/wp\/v2\/posts\/5206\/revisions"}],"predecessor-version":[{"id":5207,"href":"https:\/\/ebp.org.br\/sul\/wp-json\/wp\/v2\/posts\/5206\/revisions\/5207"}],"wp:attachment":[{"href":"https:\/\/ebp.org.br\/sul\/wp-json\/wp\/v2\/media?parent=5206"}],"wp:term":[{"taxonomy":"category","embeddable":true,"href":"https:\/\/ebp.org.br\/sul\/wp-json\/wp\/v2\/categories?post=5206"},{"taxonomy":"post_tag","embeddable":true,"href":"https:\/\/ebp.org.br\/sul\/wp-json\/wp\/v2\/tags?post=5206"},{"taxonomy":"post_series","embeddable":true,"href":"https:\/\/ebp.org.br\/sul\/wp-json\/wp\/v2\/post_series?post=5206"}],"curies":[{"name":"wp","href":"https:\/\/api.w.org\/{rel}","templated":true}]}}