{"id":4681,"date":"2023-10-11T09:24:32","date_gmt":"2023-10-11T12:24:32","guid":{"rendered":"https:\/\/ebp.org.br\/sul\/?p=4681"},"modified":"2023-10-11T09:32:04","modified_gmt":"2023-10-11T12:32:04","slug":"boletim-fora-de-linha-05","status":"publish","type":"post","link":"https:\/\/ebp.org.br\/sul\/boletim-fora-de-linha-05\/","title":{"rendered":"Boletim Fora de Linha #05"},"content":{"rendered":"<section class=\"wpb-content-wrapper\">[vc_row][vc_column][vc_single_image image=&#8221;4424&#8243;][vc_column_text]\n<h6 style=\"text-align: center;\">#04 &#8211; SETEMBRO 2023<\/h6>\n[\/vc_column_text][\/vc_column][\/vc_row][vc_row][vc_column width=&#8221;2\/3&#8243;][vc_column_text]\n<h3><strong><em>Editorial &#8211; Em dire\u00e7\u00e3o ao Solar do Ros\u00e1rio<\/em><\/strong><\/h3>\n<h6><em>Gustavo Ramos da Silva (EBP\/AMP)<\/em><\/h6>\n<p>Estamos chegando \u00e0 esta\u00e7\u00e3o Solar do Ros\u00e1rio, em Curitiba, no Paran\u00e1. Este \u00e9 o \u00faltimo n\u00famero do Boletim Fora de Linha e desde j\u00e1 quero agradecer a cada um que contribuiu com seus textos, suas reflex\u00f5es e suas imagens, em especial \u00e0 equipe do Boletim composta por Licene Garcia e Andrea Tochetto.[\/vc_column_text][vc_btn title=&#8221;Leia +&#8221; color=&#8221;inverse&#8221; link=&#8221;url:https%3A%2F%2Febp.org.br%2Fsul%2Feditorial-em-direcao-ao-solar-do-rosario%2F|title:Editorial%20Boletim%20Fora%20de%20Linha%20%2301&#8243;][\/vc_column][vc_column width=&#8221;1\/3&#8243;][vc_single_image image=&#8221;4677&#8243;][\/vc_column][\/vc_row][vc_row][vc_column][vc_separator border_width=&#8221;2&#8243;][\/vc_column][\/vc_row][vc_row][vc_column width=&#8221;2\/3&#8243;][vc_column_text]\n<h3><strong><em>As Loucuras dos discursos e a experi\u00eancia do singular<\/em><\/strong><\/h3>\n<h6><em>Teresa Pavone (EBP\/AMP)<\/em><\/h6>\n<p>Inicialmente agrade\u00e7o ao Leonardo pelo convite para estar na \u00faltima preparat\u00f3ria para nossa IV Jornada da EBP- Se\u00e7\u00e3o Sul, que est\u00e1 pr\u00f3xima de acontecer nos dias 13 e 14 de outubro. Quando recebi o convite, conversando com o Leonardo a respeito do que ele estava pensando sobre o tema dessa preparat\u00f3ria ele me falou da ideia de faz\u00ea-la a partir de um testemunho.[\/vc_column_text][vc_btn title=&#8221;Leia +&#8221; color=&#8221;inverse&#8221; link=&#8221;url:https%3A%2F%2Febp.org.br%2Fsul%2Fas-loucuras-dos-discursos-e-a-experiencia-do-singular%2F|title:Editorial%20Boletim%20Fora%20de%20Linha%20%2301&#8243;][\/vc_column][vc_column width=&#8221;1\/3&#8243;][vc_single_image image=&#8221;4679&#8243;][\/vc_column][\/vc_row][vc_row][vc_column][vc_separator border_width=&#8221;2&#8243;][\/vc_column][\/vc_row][vc_row][vc_column width=&#8221;2\/3&#8243;][vc_column_text]\n<h3><strong><em>Princ\u00edpios diante da causa: sobre a entrevista de Lacan com a Mademoiselle B.<\/em><\/strong><\/h3>\n<h6><em>Diego Cervelin<br \/>\nLicene Garcia<br \/>\nPsicanalistas. Participantes das atividades da EBP-Se\u00e7\u00e3o Sul<\/em><\/h6>\n<p>H\u00e1 momentos em que as indica\u00e7\u00f5es de acolher e aguardar podem surgir como encaminhamentos cruciais em uma experi\u00eancia anal\u00edtica. Longe de isso implicar uma posi\u00e7\u00e3o meramente passiva, trata-se, antes, de colocar em ato um saber que n\u00e3o se desfaz do furo em torno do qual uma exist\u00eancia se constitui.[\/vc_column_text][vc_btn title=&#8221;Leia +&#8221; color=&#8221;inverse&#8221; link=&#8221;url:https%3A%2F%2Febp.org.br%2Fsul%2Fprincipios-diante-da-causa-sobre-a-entrevista-de-lacan-com-a-mademoiselle-b%2F|title:Editorial%20Boletim%20Fora%20de%20Linha%20%2301&#8243;][\/vc_column][vc_column width=&#8221;1\/3&#8243;][vc_single_image image=&#8221;4680&#8243;][\/vc_column][\/vc_row][vc_row][vc_column][vc_separator border_width=&#8221;2&#8243;][\/vc_column][\/vc_row][vc_row][vc_column width=&#8221;2\/3&#8243;][vc_column_text]\n<h3><em><strong>BEM-VINDOS A CURITIBA\u00a0<\/strong><\/em><\/h3>\n<p>Ol\u00e1, pessoal!!<\/p>\n<p>A 4\u00aa Jornada est\u00e1 se aproximando e renovamos nossos votos de boas-vindas a esse rol\u00ea e \u00e0 cidade de Curitiba!<\/p>\n<p>Preparamos algumas dicas para facilitar o pouso nesses dias de Jornada e mantemos aberto o canal no grupo de whats, na inten\u00e7\u00e3o de aproximar as loucuras de cada Um: os que v\u00eam de outra cidade podem se juntar pros deslocamentos; os participantes da jornada poder\u00e3o se conhecer nos intervalos em caf\u00e9s, restaurantes, pubs etc![\/vc_column_text][vc_btn title=&#8221;Leia +&#8221; color=&#8221;inverse&#8221; link=&#8221;url:https%3A%2F%2Febp.org.br%2Fsul%2Fparadoxos-da-fragmentacao-identidades-totalizacao-e-despatologizacao-impasses-de-um-tempo-na-experiencia-clinica%2F|title:Editorial%20Boletim%20Fora%20de%20Linha%20%2301&#8243;][\/vc_column][vc_column width=&#8221;1\/3&#8243;][vc_single_image image=&#8221;4678&#8243;][\/vc_column][\/vc_row][vc_row][vc_column][vc_separator border_width=&#8221;2&#8243;][\/vc_column][\/vc_row][vc_row][vc_column][vc_btn title=&#8221;ACESSE O PROGRAMA&#8221; color=&#8221;inverse&#8221; size=&#8221;lg&#8221; align=&#8221;center&#8221; link=&#8221;url:https%3A%2F%2Febp.org.br%2Fsul%2Feventos%2Fjornadas%2F4a-jornada-da-ebp-secao-sul-louco-motiva-a-cada-um-seu-acento%2F4a-jornada-da-ebp-secao-sul-louco-motiva-a-cada-um-seu-acento-programa%2F|title:Editorial%20Boletim%20Fora%20de%20Linha%20%2301&#8243;][\/vc_column][\/vc_row][vc_row][vc_column][vc_separator border_width=&#8221;2&#8243;][\/vc_column][\/vc_row][vc_row][vc_column][vc_column_text]\n<h3><strong><em>Nomes da IV Jornada<\/em><\/strong><\/h3>\n<p><strong>Dire\u00e7\u00e3o:<\/strong>\u00a0Mariana Zelis (EBP\/AMP), Celia Winter (EBP\/AMP), Teresa Pavone (EBP\/AMP) e Adriana Rodrigues (EBP\/AMP)<\/p>\n<p><strong>Coordena\u00e7\u00e3o da Jornada<\/strong>: Leonardo Scofield (EBP\/AMP)<\/p>\n<p><strong>Fora de linha:<\/strong>\u00a0Gustavo Ramos (EBP\/AMP), Andrea Tochetto, Licene Garcia<\/p>\n<p><strong>Rol\u00ea alternativo:<\/strong>\u00a0Andrea Tochetto, Eduardo Ditzel, Luciana Romagnolli, Cauana Mestre, Diego Cervelin, Rafael Marques Longo (NPJ\/EBP)<\/p>\n<p><strong>Na rede, os la\u00e7os:<\/strong>\u00a0Licene Garcia, Cauana Mestre, Diego Cervelin<\/p>\n<p><strong>Nos trilhos da jornada:<\/strong>\u00a0Maria Teresa Wendhausen (EBP\/AMP), Nohem\u00ed Brown (EBP\/AMP) e Oscar Reymundo (EBP\/AMP)<\/p>\n<p><strong>N\u00e3o procuro, eu acho:<\/strong>\u00a0Juan Cruz Galigniana, Ana Sofia Guerra, Teresa Pavone (EBP\/AMP), Andrea Tochetto, Paula Lermen, Diego Cervelin<\/p>\n<p><strong>Entre o c\u00e9u e a terra:<\/strong>\u00a0Cleci Mendon\u00e7a, Edson Mohr, Bruno Senna, Johannes Rodrigues[\/vc_column_text][\/vc_column][\/vc_row][vc_row][vc_column][vc_separator border_width=&#8221;2&#8243;][\/vc_column][\/vc_row][vc_row][vc_column][vc_single_image image=&#8221;4423&#8243;][\/vc_column][\/vc_row]\n<\/section>","protected":false},"excerpt":{"rendered":"<p>[vc_row][vc_column][vc_single_image image=&#8221;4424&#8243;][vc_column_text] #04 &#8211; SETEMBRO 2023 [\/vc_column_text][\/vc_column][\/vc_row][vc_row][vc_column width=&#8221;2\/3&#8243;][vc_column_text] Editorial &#8211; Em dire\u00e7\u00e3o ao Solar do Ros\u00e1rio Gustavo Ramos da Silva (EBP\/AMP) Estamos chegando \u00e0 esta\u00e7\u00e3o Solar do Ros\u00e1rio, em Curitiba, no Paran\u00e1. Este \u00e9 o \u00faltimo n\u00famero do Boletim Fora de Linha e desde j\u00e1 quero agradecer a cada um que contribuiu com seus textos,&hellip;<\/p>\n","protected":false},"author":1,"featured_media":0,"comment_status":"closed","ping_status":"open","sticky":false,"template":"","format":"standard","meta":{"footnotes":""},"categories":[2],"tags":[],"post_series":[],"class_list":["post-4681","post","type-post","status-publish","format-standard","hentry","category-boletim-fora-de-linha","entry","no-media"],"_links":{"self":[{"href":"https:\/\/ebp.org.br\/sul\/wp-json\/wp\/v2\/posts\/4681","targetHints":{"allow":["GET"]}}],"collection":[{"href":"https:\/\/ebp.org.br\/sul\/wp-json\/wp\/v2\/posts"}],"about":[{"href":"https:\/\/ebp.org.br\/sul\/wp-json\/wp\/v2\/types\/post"}],"author":[{"embeddable":true,"href":"https:\/\/ebp.org.br\/sul\/wp-json\/wp\/v2\/users\/1"}],"replies":[{"embeddable":true,"href":"https:\/\/ebp.org.br\/sul\/wp-json\/wp\/v2\/comments?post=4681"}],"version-history":[{"count":2,"href":"https:\/\/ebp.org.br\/sul\/wp-json\/wp\/v2\/posts\/4681\/revisions"}],"predecessor-version":[{"id":4683,"href":"https:\/\/ebp.org.br\/sul\/wp-json\/wp\/v2\/posts\/4681\/revisions\/4683"}],"wp:attachment":[{"href":"https:\/\/ebp.org.br\/sul\/wp-json\/wp\/v2\/media?parent=4681"}],"wp:term":[{"taxonomy":"category","embeddable":true,"href":"https:\/\/ebp.org.br\/sul\/wp-json\/wp\/v2\/categories?post=4681"},{"taxonomy":"post_tag","embeddable":true,"href":"https:\/\/ebp.org.br\/sul\/wp-json\/wp\/v2\/tags?post=4681"},{"taxonomy":"post_series","embeddable":true,"href":"https:\/\/ebp.org.br\/sul\/wp-json\/wp\/v2\/post_series?post=4681"}],"curies":[{"name":"wp","href":"https:\/\/api.w.org\/{rel}","templated":true}]}}