{"id":4674,"date":"2023-10-11T09:08:45","date_gmt":"2023-10-11T12:08:45","guid":{"rendered":"https:\/\/ebp.org.br\/sul\/?p=4674"},"modified":"2023-10-11T09:09:29","modified_gmt":"2023-10-11T12:09:29","slug":"editorial-em-direcao-ao-solar-do-rosario","status":"publish","type":"post","link":"https:\/\/ebp.org.br\/sul\/editorial-em-direcao-ao-solar-do-rosario\/","title":{"rendered":"Editorial &#8211; Em dire\u00e7\u00e3o ao Solar do Ros\u00e1rio"},"content":{"rendered":"<h6><img loading=\"lazy\" decoding=\"async\" class=\"size-medium wp-image-4675 alignright\" src=\"https:\/\/ebp.org.br\/sul\/wp-content\/uploads\/2023\/10\/001-300x231.jpg\" alt=\"\" width=\"300\" height=\"231\" srcset=\"https:\/\/ebp.org.br\/sul\/wp-content\/uploads\/2023\/10\/001-300x231.jpg 300w, https:\/\/ebp.org.br\/sul\/wp-content\/uploads\/2023\/10\/001-768x590.jpg 768w, https:\/\/ebp.org.br\/sul\/wp-content\/uploads\/2023\/10\/001.jpg 1024w\" sizes=\"auto, (max-width: 300px) 100vw, 300px\" \/>Gustavo Ramos (EBP\/AMP)<\/h6>\n<p>Estamos chegando \u00e0 esta\u00e7\u00e3o Solar do Ros\u00e1rio, em Curitiba, no Paran\u00e1. Este \u00e9 o \u00faltimo n\u00famero do Boletim Fora de Linha e desde j\u00e1 quero agradecer a cada um que contribuiu com seus textos, suas reflex\u00f5es e suas imagens, em especial \u00e0 equipe do Boletim composta por Licene Garcia e Andrea Tochetto. Al\u00e9m, \u00e9 claro, do Bruno Senna, sempre muito sol\u00edcito e prestativo. Dentro de poucos dias estaremos de forma presencial em Curitiba para falarmos um pouco mais sobre essa Louco-motiva: a cada um seu acento. Falamos muito de trens, linhas, fora de linha, esta\u00e7\u00f5es, vag\u00f5es, sem\u00e1foros, fora de uso, inopera\u00e7\u00e3o, agora chegou o momento de ouvirmos as resson\u00e2ncias de cada um nas mesas.<\/p>\n<p>Antes, no entanto, de darmos in\u00edcio \u00e0 jornada propriamente dita, temos algumas informa\u00e7\u00f5es importantes a serem compartilhadas.<\/p>\n<p>Nas duas \u00faltimas preparat\u00f3rias \u00e0 4<sup>a<\/sup> Jornada da EBP Sul tivemos duas contribui\u00e7\u00f5es inestim\u00e1veis: uma de Teresa Pavone (EBP\/AMP) sobre o livro de Catherine Cl\u00e9ment &#8220;A Louca e o Santo&#8221;. Nele, Catherine traz \u00e0 tona a experi\u00eancia m\u00edstica de Madeleine, paciente de Pierre Janet no Hospital Salp\u00eatri\u00e8re, e de Hamakrishna, um m\u00edstico bengali do s\u00e9culo XIX. Teresa pontua que a primeira foi trancafiada como louca e o outro foi reverenciado como santo, mas ambos manifestavam a m\u00edstica em suas palavras. Ela vista como uma mulher louca e ele como um santo, e para ele era visto como &#8220;normal&#8221; a presen\u00e7a das mesmas caracter\u00edsticas presentes nela. O que isso guarda de concomit\u00e2ncia com os tempos que correm?<\/p>\n<p>J\u00e1 na segunda preparat\u00f3ria, Licene Garcia e Diego Cervelin fizeram algo novo: se colocaram a ler a entrevista de paciente de Mademoiselle B. feita por Lacan em 1976. Licene lendo as falas da paciente e Diego, a de Lacan. No texto aqui publicado, eles acentuam a precis\u00e3o cl\u00ednica da fala de Mademoiselle B. de que gostaria de ser suspensa como um vestido, de que ideia e concep\u00e7\u00e3o de corpo estamos lidando aqui?<\/p>\n<p>A comiss\u00e3o &#8220;Rol\u00ea alternativo&#8221; preparou especialmente para n\u00f3s um material muito bonito e importante para nos servir de guia na cidade de Curitiba neste feriado de 12 de outubro. Recomenda\u00e7\u00f5es culturais, gastron\u00f4micas, de hospedagem e at\u00e9 alco\u00f3licas! Al\u00e9m de tudo isso, temos um convite para um jantar e para a festa de encerramento da Jornada. Para mais detalhes, leia o boletim at\u00e9 o final!<\/p>\n<p>Para terminar, contamos com as duas \u00faltimas contribui\u00e7\u00f5es da Comiss\u00e3o &#8220;N\u00e3o procuro, eu acho&#8221; com duas refer\u00eancias de Jacques-Alain Miller.<\/p>\n<p>No final voc\u00ea ainda encontra a programa\u00e7\u00e3o completa da 4<sup>a<\/sup> Jornada da EBP Sul e os nomes dos envolvidos mais diretamente nas equipes e na prepara\u00e7\u00e3o dos trilhos e do que ficou fora deles.<\/p>\n<p>Muito obrigado e at\u00e9 dia 13 de outubro!<\/p>\n","protected":false},"excerpt":{"rendered":"<p>Gustavo Ramos (EBP\/AMP) Estamos chegando \u00e0 esta\u00e7\u00e3o Solar do Ros\u00e1rio, em Curitiba, no Paran\u00e1. Este \u00e9 o \u00faltimo n\u00famero do Boletim Fora de Linha e desde j\u00e1 quero agradecer a cada um que contribuiu com seus textos, suas reflex\u00f5es e suas imagens, em especial \u00e0 equipe do Boletim composta por Licene Garcia e Andrea Tochetto.&hellip;<\/p>\n","protected":false},"author":1,"featured_media":0,"comment_status":"closed","ping_status":"open","sticky":false,"template":"","format":"standard","meta":{"footnotes":""},"categories":[2],"tags":[],"post_series":[],"class_list":["post-4674","post","type-post","status-publish","format-standard","hentry","category-boletim-fora-de-linha","entry","no-media"],"_links":{"self":[{"href":"https:\/\/ebp.org.br\/sul\/wp-json\/wp\/v2\/posts\/4674","targetHints":{"allow":["GET"]}}],"collection":[{"href":"https:\/\/ebp.org.br\/sul\/wp-json\/wp\/v2\/posts"}],"about":[{"href":"https:\/\/ebp.org.br\/sul\/wp-json\/wp\/v2\/types\/post"}],"author":[{"embeddable":true,"href":"https:\/\/ebp.org.br\/sul\/wp-json\/wp\/v2\/users\/1"}],"replies":[{"embeddable":true,"href":"https:\/\/ebp.org.br\/sul\/wp-json\/wp\/v2\/comments?post=4674"}],"version-history":[{"count":1,"href":"https:\/\/ebp.org.br\/sul\/wp-json\/wp\/v2\/posts\/4674\/revisions"}],"predecessor-version":[{"id":4676,"href":"https:\/\/ebp.org.br\/sul\/wp-json\/wp\/v2\/posts\/4674\/revisions\/4676"}],"wp:attachment":[{"href":"https:\/\/ebp.org.br\/sul\/wp-json\/wp\/v2\/media?parent=4674"}],"wp:term":[{"taxonomy":"category","embeddable":true,"href":"https:\/\/ebp.org.br\/sul\/wp-json\/wp\/v2\/categories?post=4674"},{"taxonomy":"post_tag","embeddable":true,"href":"https:\/\/ebp.org.br\/sul\/wp-json\/wp\/v2\/tags?post=4674"},{"taxonomy":"post_series","embeddable":true,"href":"https:\/\/ebp.org.br\/sul\/wp-json\/wp\/v2\/post_series?post=4674"}],"curies":[{"name":"wp","href":"https:\/\/api.w.org\/{rel}","templated":true}]}}