{"id":4626,"date":"2023-09-04T06:39:17","date_gmt":"2023-09-04T09:39:17","guid":{"rendered":"https:\/\/ebp.org.br\/sul\/?p=4053"},"modified":"2023-09-04T06:39:17","modified_gmt":"2023-09-04T09:39:17","slug":"editorial-boletim-fora-de-linha-04","status":"publish","type":"post","link":"https:\/\/ebp.org.br\/sul\/editorial-boletim-fora-de-linha-04\/","title":{"rendered":"Editorial Boletim Fora de Linha #04"},"content":{"rendered":"<h6><img loading=\"lazy\" decoding=\"async\" class=\"alignright size-medium wp-image-4054\" src=\"https:\/\/ebp.org.br\/sul\/wp-content\/uploads\/2023\/09\/fora_de_linha_004_001-300x300.jpeg\" alt=\"\" width=\"300\" height=\"300\" \/>Gustavo Ramos (EBP\/AMP)<\/h6>\n<p>Na \u00faltima preparat\u00f3ria \u00e0 4<sup>a<\/sup> Jornada da Se\u00e7\u00e3o Sul da Escola Brasileira de Psican\u00e1lise, Ra\u00fal Antelo e Bianca Tomaselli nos presentearam com a maneira pela qual a arte abordou a quest\u00e3o da locomotiva, em especial o que fica de fora dos trilhos.<\/p>\n<p>Ra\u00fal Antelo parte da cita\u00e7\u00e3o de J.-A. Miller em <em>Perspectiva dos Escritos e Outros escritos de Lacan<\/em> quando este fala do paradigma e da singularidade de um caso incompar\u00e1vel para trazer \u00e0 tona o quadro de Eduard Manet <em>A estrada de ferro<\/em>, de 1873, e de uma fotografia an\u00f4nima presente na revista <em>Minotaure<\/em>. Fotografia que Andr\u00e9 Breton n\u00e3o conseguiu reproduzir no seu livro <em>O amor louco<\/em>, de 1937, e, por isso, ficou de fora. Nela, percebemos uma locomotiva abandonada na floresta. Tal imagem ilustraria, tempos depois, o texto <em>La nature d\u00e9vore le progr\u00e8s et le d\u00e9passe<\/em>, de Benjamin P\u00e9ret. Ra\u00fal nos prop\u00f5e um trilho singular entre os olhares opostos em Manet, o <em>Angelus Novus<\/em>, de Paul Klee, com o olhar para o futuro e o passado, e termina com o Manifesto da Poesia Pau Brasil, de Oswald de Andrade no qual vemos duas locomotivas indo em destinos opostos.<\/p>\n<p>Em coment\u00e1rio \u00e0 reflex\u00e3o anteliana, Bianca Tomaselli parte da ideia de obra como ato criador a partir das sombras hist\u00f3ricas, do \u00faltimo livro do pr\u00f3prio Ra\u00fal, acompanhando-nos pela estereoscopia, um instrumento da reprodutibilidade t\u00e9cnica. Bianca retoma tr\u00eas telas de Gustave Caillebotte, <em>Les Raboteurs de Parquet<\/em>, de 1875, e <em>Rue de Paris, temps de pluie<\/em>, de 1877, colocando-as em perspectiva com <em>Le Pont d&#8217;Europe<\/em>, por\u00e9m com a an\u00e1lise de Nicolas Callas sobre a indecidibilidade das linhas&#8230; linhas do trem?<\/p>\n<p>Voltando aos trilhos e aos assentos da jornada, somos apresentados \u00e0 reflex\u00e3o de Tain\u00e3 Pinheiro a partir do eixo <em>Salvar a Cl\u00ednica<\/em>, escrito por Maria Teresa Wendhausen (EBP\/AMP) para nossa jornada. Tain\u00e3 postula as consequ\u00eancias da substitui\u00e7\u00e3o dos princ\u00edpios cl\u00ednicos pelos princ\u00edpios jur\u00eddicos. O impasse oriundo da despatologiza\u00e7\u00e3o \u00e9 de como ficaria o que afeta o corpo pelo inconsciente? O lugar da cl\u00ednica ficaria em segundo plano. Sem pathos, todos ap\u00e1ticos?<\/p>\n<p>Dando seguimento \u00e0s escans\u00f5es da comiss\u00e3o &#8220;N\u00e3o procuro, eu acho&#8221;, Andrea Tochetto se coloca nos trilhos de <em>O Aturdito<\/em>, de Lacan, para dar o lugar \u00e0 besteira e seus caminhos impenetr\u00e1veis que s\u00f3 um mal-entendido pode tentar localizar alguma posi\u00e7\u00e3o de gozo. Isso \u00e9 poss\u00edvel com a topologia dos n\u00f3s que interroga a rela\u00e7\u00e3o entre dizer e dito. Na hi\u00e2ncia entre o dito e o ouvido, Andrea escande mais um pouco o eixo <em>Salvar a Cl\u00ednica<\/em>, ao nos dizer que a topologia, ao n\u00e3o ser um farol a nos guiar, pode ser um recurso diante do que retroage na cadeia, servindo, talvez, como uma b\u00fassola.<\/p>\n<p>O eixo 3 tamb\u00e9m provocou Artur Cipriani a ponto de escrever um breve coment\u00e1rio sobre o totalitarismo do somos todos iguais e a passagem \u00e0 singularidade do Um tendo como base um crit\u00e9rio e um modelo de ci\u00eancia para todos.<\/p>\n<p>Escolhemos para esta edi\u00e7\u00e3o as obras de Eric Boyer que produz lindas esculturas em malha de arame e as publica no seu instagram @boyermesh. Fica aqui o convite para visitar sua p\u00e1gina.<\/p>\n<p>Logo nos encontraremos em Curitiba para nossa jornada. As inscri\u00e7\u00f5es continuam abertas!<\/p>\n","protected":false},"excerpt":{"rendered":"<p>Gustavo Ramos (EBP\/AMP) Na \u00faltima preparat\u00f3ria \u00e0 4a Jornada da Se\u00e7\u00e3o Sul da Escola Brasileira de Psican\u00e1lise, Ra\u00fal Antelo e Bianca Tomaselli nos presentearam com a maneira pela qual a arte abordou a quest\u00e3o da locomotiva, em especial o que fica de fora dos trilhos. Ra\u00fal Antelo parte da cita\u00e7\u00e3o de J.-A. Miller em Perspectiva&hellip;<\/p>\n","protected":false},"author":1,"featured_media":0,"comment_status":"closed","ping_status":"closed","sticky":false,"template":"","format":"standard","meta":{"footnotes":""},"categories":[2],"tags":[],"post_series":[],"class_list":["post-4626","post","type-post","status-publish","format-standard","hentry","category-boletim-fora-de-linha","entry","no-media"],"_links":{"self":[{"href":"https:\/\/ebp.org.br\/sul\/wp-json\/wp\/v2\/posts\/4626","targetHints":{"allow":["GET"]}}],"collection":[{"href":"https:\/\/ebp.org.br\/sul\/wp-json\/wp\/v2\/posts"}],"about":[{"href":"https:\/\/ebp.org.br\/sul\/wp-json\/wp\/v2\/types\/post"}],"author":[{"embeddable":true,"href":"https:\/\/ebp.org.br\/sul\/wp-json\/wp\/v2\/users\/1"}],"replies":[{"embeddable":true,"href":"https:\/\/ebp.org.br\/sul\/wp-json\/wp\/v2\/comments?post=4626"}],"version-history":[{"count":0,"href":"https:\/\/ebp.org.br\/sul\/wp-json\/wp\/v2\/posts\/4626\/revisions"}],"wp:attachment":[{"href":"https:\/\/ebp.org.br\/sul\/wp-json\/wp\/v2\/media?parent=4626"}],"wp:term":[{"taxonomy":"category","embeddable":true,"href":"https:\/\/ebp.org.br\/sul\/wp-json\/wp\/v2\/categories?post=4626"},{"taxonomy":"post_tag","embeddable":true,"href":"https:\/\/ebp.org.br\/sul\/wp-json\/wp\/v2\/tags?post=4626"},{"taxonomy":"post_series","embeddable":true,"href":"https:\/\/ebp.org.br\/sul\/wp-json\/wp\/v2\/post_series?post=4626"}],"curies":[{"name":"wp","href":"https:\/\/api.w.org\/{rel}","templated":true}]}}