{"id":4619,"date":"2023-09-04T06:28:10","date_gmt":"2023-09-04T09:28:10","guid":{"rendered":"https:\/\/ebp.org.br\/sul\/?p=4035"},"modified":"2023-09-04T06:28:10","modified_gmt":"2023-09-04T09:28:10","slug":"comentario-sobre-o-totalitarismo-do-universal-e-a-singularidade-do-um","status":"publish","type":"post","link":"https:\/\/ebp.org.br\/sul\/comentario-sobre-o-totalitarismo-do-universal-e-a-singularidade-do-um\/","title":{"rendered":"Coment\u00e1rio sobre o totalitarismo do universal e a singularidade do Um"},"content":{"rendered":"<h6><img loading=\"lazy\" decoding=\"async\" class=\"alignright size-medium wp-image-4036\" src=\"https:\/\/ebp.org.br\/sul\/wp-content\/uploads\/2023\/09\/fora_de_linha_004_004-283x300.jpeg\" alt=\"\" width=\"283\" height=\"300\" \/>Artur Cipriani<a href=\"#_ftn1\" name=\"_ftnref1\">[1]<\/a><\/h6>\n<p>Pretendo aqui dar suporte \u00e0s quest\u00f5es que t\u00eam surgido a partir da proposta do eixo \u201cSalvar a cl\u00ednica\u201d. Para Miller, o aforismo \u201cTodo mundo \u00e9 louco\u201d veio a calhar para a ideologia contempor\u00e2nea da igualdade universal dos seres falantes, onde a fraternidade prenunciada por Lacan, pela qual o terapeuta e o paciente se podem ligar, n\u00e3o \u00e9 mais discreta, mas \u201c[\u2026] exigida a plenos pulm\u00f5es sob a forma de uma igualdade total, inteira, dos seres falantes\u201d.<\/p>\n<p>Uma das perguntas de Ver\u00f4nica Montenegro (Boletim #3) \u00e9: de que se trata o convite de Miller para \u201csacrificar o totalitarismo do universal \u00e0 singularidade do Um\u201d? O Um reaparece no discurso de orienta\u00e7\u00e3o de Miller para o congresso da AMP do pr\u00f3ximo ano; quando disserta sobre o car\u00e1ter n\u00e3o-ensin\u00e1vel da cl\u00ednica psicanal\u00edtica, pontua que uma de suas condi\u00e7\u00f5es \u00e9 o fato de que essa cl\u00ednica n\u00e3o \u00e9 universaliz\u00e1vel:<\/p>\n<blockquote>[\u2026] n\u00e3o \u00e9 em absoluto para todos. \u00c9 para s\u00f3 um, \u00e9 para o Um \u2013 completamente s\u00f3. \u00c9 para ele, apenas ele, que a interpreta\u00e7\u00e3o pode dar lugar a um saber que se desvanece no momento em que se pretende universaliz\u00e1-lo, faz\u00ea-lo valer para todos. Tratem de explicar aos demais o efeito sensacional de uma interpreta\u00e7\u00e3o e o exterior n\u00e3o a ver\u00e1 sen\u00e3o em seu car\u00e1ter banal ou muito discut\u00edvel.<\/p><\/blockquote>\n<p>O saber que se extrai de uma an\u00e1lise pode ter alt\u00edssimo valor de uso e pouco valor de troca. Portanto, essa fraternidade pode ser campo para o estabelecimento de uma an\u00e1lise, mas n\u00e3o seu horizonte. Cito tamb\u00e9m Luis Francisco Camargo:<\/p>\n<blockquote><p>H\u00e1 um consenso entre os estudiosos do m\u00e9todo de estudos de caso sobre a for\u00e7a da validade interna e a fraqueza sobre a validade externa dos construtos. Um estudo de caso \u00fanico n\u00e3o \u00e9 prop\u00edcio para generalizar teorias, mas isso n\u00e3o implica na sua desvaloriza\u00e7\u00e3o como etapa na constru\u00e7\u00e3o do conhecimento.<\/p><\/blockquote>\n<p>N\u00e3o estaria tamb\u00e9m aqui um cerne do desencontro epist\u00eamico entre efeitos anal\u00edticos \u2013 sejam quais forem: dissolu\u00e7\u00f5es de aspectos do Eu e do Outro, modula\u00e7\u00f5es do gozo, efeitos terap\u00eauticos, produ\u00e7\u00e3o de um saber pr\u00f3prio e n\u00e3o universaliz\u00e1vel etc. \u2013 e demandas de que o campo psicanal\u00edtico produza certificados de cientificidade \u2013 principalmente aqueles de acordo com crit\u00e9rios de um modelo de ci\u00eancia para todos? Um conflito, aqui, entre o totalitarismo do universal e a singularidade do Um?<\/p>\n<hr \/>\n<h6><a href=\"#_ftnref1\" name=\"_ftn1\">[1]<\/a> Psicanalista. Participante das atividades da EBP.<\/h6>\n","protected":false},"excerpt":{"rendered":"<p>Artur Cipriani[1] Pretendo aqui dar suporte \u00e0s quest\u00f5es que t\u00eam surgido a partir da proposta do eixo \u201cSalvar a cl\u00ednica\u201d. Para Miller, o aforismo \u201cTodo mundo \u00e9 louco\u201d veio a calhar para a ideologia contempor\u00e2nea da igualdade universal dos seres falantes, onde a fraternidade prenunciada por Lacan, pela qual o terapeuta e o paciente se&hellip;<\/p>\n","protected":false},"author":1,"featured_media":0,"comment_status":"closed","ping_status":"closed","sticky":false,"template":"","format":"standard","meta":{"footnotes":""},"categories":[2],"tags":[],"post_series":[],"class_list":["post-4619","post","type-post","status-publish","format-standard","hentry","category-boletim-fora-de-linha","entry","no-media"],"_links":{"self":[{"href":"https:\/\/ebp.org.br\/sul\/wp-json\/wp\/v2\/posts\/4619","targetHints":{"allow":["GET"]}}],"collection":[{"href":"https:\/\/ebp.org.br\/sul\/wp-json\/wp\/v2\/posts"}],"about":[{"href":"https:\/\/ebp.org.br\/sul\/wp-json\/wp\/v2\/types\/post"}],"author":[{"embeddable":true,"href":"https:\/\/ebp.org.br\/sul\/wp-json\/wp\/v2\/users\/1"}],"replies":[{"embeddable":true,"href":"https:\/\/ebp.org.br\/sul\/wp-json\/wp\/v2\/comments?post=4619"}],"version-history":[{"count":0,"href":"https:\/\/ebp.org.br\/sul\/wp-json\/wp\/v2\/posts\/4619\/revisions"}],"wp:attachment":[{"href":"https:\/\/ebp.org.br\/sul\/wp-json\/wp\/v2\/media?parent=4619"}],"wp:term":[{"taxonomy":"category","embeddable":true,"href":"https:\/\/ebp.org.br\/sul\/wp-json\/wp\/v2\/categories?post=4619"},{"taxonomy":"post_tag","embeddable":true,"href":"https:\/\/ebp.org.br\/sul\/wp-json\/wp\/v2\/tags?post=4619"},{"taxonomy":"post_series","embeddable":true,"href":"https:\/\/ebp.org.br\/sul\/wp-json\/wp\/v2\/post_series?post=4619"}],"curies":[{"name":"wp","href":"https:\/\/api.w.org\/{rel}","templated":true}]}}