{"id":4000,"date":"2023-07-29T07:09:27","date_gmt":"2023-07-29T10:09:27","guid":{"rendered":"https:\/\/ebp.org.br\/sul\/?p=4000"},"modified":"2023-07-29T07:09:27","modified_gmt":"2023-07-29T10:09:27","slug":"editorial-boletim-fora-de-linha-03","status":"publish","type":"post","link":"https:\/\/ebp.org.br\/sul\/editorial-boletim-fora-de-linha-03\/","title":{"rendered":"EDITORIAL Boletim Fora de Linha #03"},"content":{"rendered":"<p><strong>O que ainda ressoa sobre os eixos<\/strong><\/p>\n<h6>Por Licene Garcia<\/h6>\n<p><a href=\"https:\/\/ebp.org.br\/sul\/wp-content\/uploads\/2023\/07\/boletim03_001-scaled.jpg\"><img loading=\"lazy\" decoding=\"async\" class=\"alignright wp-image-4001 size-medium\" src=\"https:\/\/ebp.org.br\/sul\/wp-content\/uploads\/2023\/07\/boletim03_001-300x225.jpg\" alt=\"\" width=\"300\" height=\"225\" \/><\/a>Tomando o fio condutor da \u00faltima edi\u00e7\u00e3o do <em>Fora de linha<\/em> e a \u00faltima atividade preparat\u00f3ria que aconteceu no dia 21 de junho, a terceira edi\u00e7\u00e3o do nosso Boletim pode ser lida a partir das resson\u00e2ncias que marcaram a escrita de cada um dos trabalhos que comp\u00f5em a presente edi\u00e7\u00e3o. A locomotiva que partiu rumo \u00e0 4\u00aa Jornada j\u00e1 deixou rastros por onde passou.<\/p>\n<p>Nesta edi\u00e7\u00e3o, contaremos com os textos daqueles que comentaram cada eixo em nossa \u00faltima preparat\u00f3ria. Rafael Marques Longo, sobre o eixo I \u201c<em>O objeto a n\u00e3o tem sexo\u201d<\/em> assinala que o abismo existente entre a anatomia e o sexual se presentificar\u00e1 como cada um estabelecer\u00e1 a rela\u00e7\u00e3o com o seu objeto <em>a, <\/em>enquanto (a)ssexuado<a href=\"#_ftn1\" name=\"_ftnref1\">[1]<\/a>, objeto que se funda no gozo do Um.<\/p>\n<p>Marcia Stival (EBP\/AMP) com seu coment\u00e1rio tra\u00e7a tr\u00eas pontos de parada que nos permitem ler o eixo II <em>\u201cSalvar a cl\u00ednica\u201d<\/em> a partir de perguntas que envolvem a posi\u00e7\u00e3o e a opera\u00e7\u00e3o do analista no que diz respeito a transfer\u00eancia, a interpreta\u00e7\u00e3o e o diagn\u00f3stico.<\/p>\n<p>Louise Lhullier (EBP\/AMP), animada pelo eixo III \u201cQue b\u00fassola \u00e9 essa?\u201d, traz o acr\u00e9scimo de mais tr\u00eas refer\u00eancias que contribuem para a conversa\u00e7\u00e3o: <em>\u201cA inven\u00e7\u00e3o do del\u00edrio\u201d<\/em> de Jacques-Alain Miller; \u201cA loucura nossa de cada dia\u201d de Graciela Brodsky e uma confer\u00eancia de Marie-H\u00e9l\u00e8ne Brousse, ministrada em 2021 na Universidade de Buenos Aires.<\/p>\n<p>Ainda se tratando dos efeitos dos eixos, Licene Garcia escreve sobre o que ressoou da apresenta\u00e7\u00e3o do eixo III com o texto <em>\u201cQuando a b\u00fassola ressoa como pergunta\u201d<\/em>. A partir da constata\u00e7\u00e3o <em>\u201cH\u00e1 gozo\u201d<\/em>, ela traz para conversa\u00e7\u00e3o a experi\u00eancia solit\u00e1ria em habitar o corpo pr\u00f3prio. Seguindo nesta mesma toada, Rafael Marques Longo faz sua dobradinha na edi\u00e7\u00e3o do Boletim, com o texto <em>\u201cPara cernir um corpo real\u201d<\/em>, com sua contribui\u00e7\u00e3o, dimensionando as no\u00e7\u00f5es de gozo e corpo a partir do lapso com qual se depara na tradu\u00e7\u00e3o de um trecho de Miller em \u201c<em>Habeas Corpus\u201d. <\/em><\/p>\n<p>J\u00e1 a Comiss\u00e3o \u201cN\u00e3o procuro, eu acho\u201d, entrega sua segunda escans\u00e3o, na escrita de Ver\u00f4nica Montenegro, intitulada <em>\u201cH\u00e1-Um que louco-motiva\u201d<\/em>, que a partir do recorte do trecho da li\u00e7\u00e3o XI do curso <em>\u201cO ser e o Um\u201d<\/em> de Miller, articulando o que ressoou dos tr\u00eas eixos de trabalho.<\/p>\n<p>Por fim, temos a carta-convite ao envio de trabalhos para a 4\u00aa Jornada da Se\u00e7\u00e3o Sul, que ter\u00e1 como prazo o dia 11 de setembro.<\/p>\n<p>Boa leitura!<\/p>\n<p>&nbsp;<\/p>\n<hr \/>\n<h6><a href=\"#_ftnref1\" name=\"_ftn1\">[1]<\/a> Termo utilizado por Miquel Bassols, em seu texto \u201cO objeto (a)ssexuado\u201d, publicado na Op\u00e7\u00e3o Lacaniana on-line, ano 7, n. 21, nov. 2016.<\/h6>\n","protected":false},"excerpt":{"rendered":"<p>O que ainda ressoa sobre os eixos Por Licene Garcia Tomando o fio condutor da \u00faltima edi\u00e7\u00e3o do Fora de linha e a \u00faltima atividade preparat\u00f3ria que aconteceu no dia 21 de junho, a terceira edi\u00e7\u00e3o do nosso Boletim pode ser lida a partir das resson\u00e2ncias que marcaram a escrita de cada um dos trabalhos&hellip;<\/p>\n","protected":false},"author":1,"featured_media":0,"comment_status":"closed","ping_status":"closed","sticky":false,"template":"","format":"standard","meta":{"footnotes":""},"categories":[2],"tags":[],"post_series":[],"class_list":["post-4000","post","type-post","status-publish","format-standard","hentry","category-boletim-fora-de-linha","entry","no-media"],"_links":{"self":[{"href":"https:\/\/ebp.org.br\/sul\/wp-json\/wp\/v2\/posts\/4000","targetHints":{"allow":["GET"]}}],"collection":[{"href":"https:\/\/ebp.org.br\/sul\/wp-json\/wp\/v2\/posts"}],"about":[{"href":"https:\/\/ebp.org.br\/sul\/wp-json\/wp\/v2\/types\/post"}],"author":[{"embeddable":true,"href":"https:\/\/ebp.org.br\/sul\/wp-json\/wp\/v2\/users\/1"}],"replies":[{"embeddable":true,"href":"https:\/\/ebp.org.br\/sul\/wp-json\/wp\/v2\/comments?post=4000"}],"version-history":[{"count":0,"href":"https:\/\/ebp.org.br\/sul\/wp-json\/wp\/v2\/posts\/4000\/revisions"}],"wp:attachment":[{"href":"https:\/\/ebp.org.br\/sul\/wp-json\/wp\/v2\/media?parent=4000"}],"wp:term":[{"taxonomy":"category","embeddable":true,"href":"https:\/\/ebp.org.br\/sul\/wp-json\/wp\/v2\/categories?post=4000"},{"taxonomy":"post_tag","embeddable":true,"href":"https:\/\/ebp.org.br\/sul\/wp-json\/wp\/v2\/tags?post=4000"},{"taxonomy":"post_series","embeddable":true,"href":"https:\/\/ebp.org.br\/sul\/wp-json\/wp\/v2\/post_series?post=4000"}],"curies":[{"name":"wp","href":"https:\/\/api.w.org\/{rel}","templated":true}]}}