{"id":3945,"date":"2023-06-28T17:52:42","date_gmt":"2023-06-28T20:52:42","guid":{"rendered":"https:\/\/ebp.org.br\/sul\/?p=3945"},"modified":"2023-06-28T17:52:42","modified_gmt":"2023-06-28T20:52:42","slug":"nao-procuro-eu-acho","status":"publish","type":"post","link":"https:\/\/ebp.org.br\/sul\/nao-procuro-eu-acho\/","title":{"rendered":"\u201cN\u00e3o procuro, eu acho\u201d"},"content":{"rendered":"<h6><strong><img loading=\"lazy\" decoding=\"async\" class=\"alignright wp-image-3947\" src=\"https:\/\/ebp.org.br\/sul\/wp-content\/uploads\/2023\/06\/006-300x199.jpg\" alt=\"\" width=\"400\" height=\"266\" \/>Juan Cruz Galigniana<\/strong><\/h6>\n<p>\u00c9 com grande prazer que trazemos not\u00edcias das atividades j\u00e1 iniciadas para a 4\u00b0 Jornada da EBP-Se\u00e7\u00e3o Sul. Inspirados pelo tema que nos convoca, fomos tomados por algumas quest\u00f5es nas quais temos nos detido cuidadosamente: como fazer das refer\u00eancias bibliogr\u00e1ficas letra viva capaz de causar o desejo de saber? De que maneira criar um lugar em que o rigor do manejo conceitual e epist\u00eamico possa fazer litoral com o fino gr\u00e3o da loucura de cada um?<\/p>\n<p>S\u00e3o quest\u00f5es sem respostas definitivas, mas que tocam nossos corpos e orientam nossas pesquisas, elabora\u00e7\u00f5es e escolhas. \u00c9 assim que apostamos em poss\u00edveis novos modos de fazer, n\u00e3o sem nos valer das experi\u00eancias e dos aprendizados fruto de nossas Jornadas anteriores.<\/p>\n<p>Em primeiro lugar, este ano nossas publica\u00e7\u00f5es acontecer\u00e3o de maneira peri\u00f3dica e estar\u00e3o organizadas por linhas tem\u00e1ticas. A partida foi dada pela \u201c<em>Linha A\u201d: Loucura, del\u00edrio e liberdade<\/em>, j\u00e1 dispon\u00edvel em nossa p\u00e1gina.<\/p>\n<p>Haver\u00e1 tamb\u00e9m, em cada boletim, a escans\u00e3o de uma refer\u00eancia escrita por um integrante da equipe \u00e0 luz das propostas presentes no argumento e nos tr\u00eas eixos apresentados em nossas duas preparat\u00f3rias iniciais.<\/p>\n<p>Finalmente, poder\u00e3o acompanhar postagens semanais via Instagram. Aqui, al\u00e9m das cita\u00e7\u00f5es de Freud, Lacan, Miller e outros autores do Campo Freudiano, ganham espa\u00e7o o cinema, a m\u00fasica e a literatura.<\/p>\n<p>A parceria e o di\u00e1logo ass\u00edduo com as equipes <em>\u201cFora de Linha\u201d<\/em> e <em>\u201cNas redes, os la\u00e7os\u201d<\/em> tem sido essencial no desenho deste caminho. A <em>louco-motiva<\/em> est\u00e1 em pleno movimento. Convidamo-los a tomar seus <em>acentos,<\/em> para que cada um, causado pelo seu desejo, possa colocar-se a trabalho e contribuir com a vivifica\u00e7\u00e3o da psican\u00e1lise de orienta\u00e7\u00e3o lacaniana.<\/p>\n<p>&nbsp;<\/p>\n","protected":false},"excerpt":{"rendered":"<p>Juan Cruz Galigniana \u00c9 com grande prazer que trazemos not\u00edcias das atividades j\u00e1 iniciadas para a 4\u00b0 Jornada da EBP-Se\u00e7\u00e3o Sul. Inspirados pelo tema que nos convoca, fomos tomados por algumas quest\u00f5es nas quais temos nos detido cuidadosamente: como fazer das refer\u00eancias bibliogr\u00e1ficas letra viva capaz de causar o desejo de saber? De que maneira&hellip;<\/p>\n","protected":false},"author":1,"featured_media":0,"comment_status":"closed","ping_status":"closed","sticky":false,"template":"","format":"standard","meta":{"footnotes":""},"categories":[2],"tags":[],"post_series":[],"class_list":["post-3945","post","type-post","status-publish","format-standard","hentry","category-boletim-fora-de-linha","entry","no-media"],"_links":{"self":[{"href":"https:\/\/ebp.org.br\/sul\/wp-json\/wp\/v2\/posts\/3945","targetHints":{"allow":["GET"]}}],"collection":[{"href":"https:\/\/ebp.org.br\/sul\/wp-json\/wp\/v2\/posts"}],"about":[{"href":"https:\/\/ebp.org.br\/sul\/wp-json\/wp\/v2\/types\/post"}],"author":[{"embeddable":true,"href":"https:\/\/ebp.org.br\/sul\/wp-json\/wp\/v2\/users\/1"}],"replies":[{"embeddable":true,"href":"https:\/\/ebp.org.br\/sul\/wp-json\/wp\/v2\/comments?post=3945"}],"version-history":[{"count":0,"href":"https:\/\/ebp.org.br\/sul\/wp-json\/wp\/v2\/posts\/3945\/revisions"}],"wp:attachment":[{"href":"https:\/\/ebp.org.br\/sul\/wp-json\/wp\/v2\/media?parent=3945"}],"wp:term":[{"taxonomy":"category","embeddable":true,"href":"https:\/\/ebp.org.br\/sul\/wp-json\/wp\/v2\/categories?post=3945"},{"taxonomy":"post_tag","embeddable":true,"href":"https:\/\/ebp.org.br\/sul\/wp-json\/wp\/v2\/tags?post=3945"},{"taxonomy":"post_series","embeddable":true,"href":"https:\/\/ebp.org.br\/sul\/wp-json\/wp\/v2\/post_series?post=3945"}],"curies":[{"name":"wp","href":"https:\/\/api.w.org\/{rel}","templated":true}]}}