{"id":2,"name":"Reda\u00e7\u00e3o Carta de S\u00e3o Paulo","url":"","description":"","link":"https:\/\/ebp.org.br\/sp\/author\/redacao\/","slug":"redacao","avatar_urls":{"24":"https:\/\/secure.gravatar.com\/avatar\/03bae94d6b25ad354780e66ec150d7d1973d00fcd2ddb41a55378a7e1f12898c?s=24&d=mm&r=g","48":"https:\/\/secure.gravatar.com\/avatar\/03bae94d6b25ad354780e66ec150d7d1973d00fcd2ddb41a55378a7e1f12898c?s=48&d=mm&r=g","96":"https:\/\/secure.gravatar.com\/avatar\/03bae94d6b25ad354780e66ec150d7d1973d00fcd2ddb41a55378a7e1f12898c?s=96&d=mm&r=g"},"meta":[],"_links":{"self":[{"href":"https:\/\/ebp.org.br\/sp\/wp-json\/wp\/v2\/users\/2","targetHints":{"allow":["GET"]}}],"collection":[{"href":"https:\/\/ebp.org.br\/sp\/wp-json\/wp\/v2\/users"}]}}