{"id":9182,"date":"2023-09-26T14:28:48","date_gmt":"2023-09-26T17:28:48","guid":{"rendered":"https:\/\/ebp.org.br\/sp\/?p=9182"},"modified":"2024-10-29T09:55:35","modified_gmt":"2024-10-29T12:55:35","slug":"boletim-gaio-05","status":"publish","type":"post","link":"https:\/\/ebp.org.br\/sp\/boletim-gaio-05\/","title":{"rendered":"Boletim Gaio #05"},"content":{"rendered":"<section class=\"wpb-content-wrapper\">[vc_row][vc_column][vc_single_image image=&#8221;9046&#8243; alignment=&#8221;center&#8221;][\/vc_column][\/vc_row][vc_row][vc_column][vc_column_text]\n<h5 style=\"text-align: center;\">#05 &#8211; SETEMBRO 2023<\/h5>\n[\/vc_column_text][\/vc_column][\/vc_row][vc_row][vc_column width=&#8221;2\/3&#8243;][vc_column_text]\n<h3><span style=\"color: #808000;\">Editorial<\/span><\/h3>\n<h6><em>Niraldo de Oliveira Santos<br \/>\nMembro da EBP\/AMP<br \/>\nDiretor da EBP-Se\u00e7\u00e3o S\u00e3o Paulo<br \/>\n<\/em><\/h6>\n<p>Chegamos \u00e0 edi\u00e7\u00e3o #5 do Boletim Gaio, o que indica que estamos, aproximadamente, a um m\u00eas das Jornadas R.I.S.o. Do lan\u00e7amento, no m\u00eas de abril, at\u00e9 aqui, foram muitas as vias abertas em torno do tema. Um apanhado de perguntas, hip\u00f3teses e elabora\u00e7\u00f5es, vindo de diversos colegas da EBP e do Campo Freudiano, deu corpo aos n\u00fameros anteriores do Gaio e p\u00f4de ser lido e utilizado na produ\u00e7\u00e3o dos muitos trabalhos enviados para as Mesas Simult\u00e2neas. O tema, como hav\u00edamos apostado desde o momento inicial, p\u00f4de provocar resson\u00e2ncias e causou o desejo de investiga\u00e7\u00e3o em nossa comunidade.<\/p>\n<p><a href=\"https:\/\/ebp.org.br\/sp\/editorial-gaio-5\/\" target=\"_blank\" rel=\"noopener\">Leia+<\/a>[\/vc_column_text][\/vc_column][vc_column width=&#8221;1\/3&#8243;][vc_single_image image=&#8221;9124&#8243; img_size=&#8221;400&#215;400&#8243; add_caption=&#8221;yes&#8221; alignment=&#8221;right&#8221;][\/vc_column][\/vc_row][vc_row][vc_column][vc_separator color=&#8221;sandy_brown&#8221; border_width=&#8221;2&#8243;][\/vc_column][\/vc_row][vc_row][vc_column width=&#8221;2\/3&#8243;][vc_column_text]\n<h3 style=\"text-align: justify;\"><span style=\"color: #8e7847;\">Escrita Gaia<\/span><\/h3>\n<p><strong>Rir-se<\/strong><\/p>\n<h6>Marcus Andr\u00e9 Vieira<br \/>\nAME da EBP\/AMP<\/h6>\n<p>De que rimos? Humor \u00e9 coisa grande. Neste universo quase sem fim, Lacan, em seu quinto semin\u00e1rio, entra cortando: uma coisa \u00e9 o c\u00f4mico, outra \u00e9 o chiste. Come\u00e7a por separar nossos risos em dois grandes rios.<\/p>\n<p>De um lado, as v\u00eddeo-cassetadas, as crian\u00e7as fofas, os gatinhos mais inteligentes que os c\u00e3es e tudo mais que nos leva a rir pelas trapalhadas da exist\u00eancia, que \u00e9 sempre mais destrambelhada do que nossos c\u00e1lculos&#8230;<\/p>\n<p><a title=\"Rir-se\" href=\"https:\/\/ebp.org.br\/sp\/rir-se\/\" target=\"_blank\" rel=\"noopener\">Leia+<\/a>[\/vc_column_text][\/vc_column][vc_column width=&#8221;1\/3&#8243;][vc_single_image image=&#8221;9123&#8243; img_size=&#8221;400&#215;400&#8243; add_caption=&#8221;yes&#8221; alignment=&#8221;right&#8221;][\/vc_column][\/vc_row][vc_row][vc_column width=&#8221;2\/3&#8243;][vc_column_text]<strong>Rir de tudo \u00e9 desespero<\/strong><\/p>\n<h6>Cassandra Dias Farias<br \/>\nMembro da EBP\/AMP<\/h6>\n<p>Os versos desse poema sempre me impressionaram por se referirem ao riso como desespero.<\/p>\n<p>De fato, me ocorre pensar que a rela\u00e7\u00e3o do falante com o riso, t\u00e3o explorada nas com\u00e9dias, programas de humor e mais recentemente, nos stand ups, baseia-se em extrair gra\u00e7a e riso de situa\u00e7\u00f5es em que, muitas vezes, prevalecem o sofrimento e a dificuldade na vida ou at\u00e9 mesmo, aquilo que \u00e9 grotesco. Rir de tudo \u00e9 levado ao p\u00e9 da letra, como na express\u00e3o \u201ctudo para n\u00e3o perder a piada\u201d.<\/p>\n<h3><a style=\"font-size: 15px;\" href=\"https:\/\/ebp.org.br\/sp\/rir-de-tudo-e-desespero\/\" target=\"_blank\" rel=\"noopener\">Leia+<\/a><\/h3>\n[\/vc_column_text][\/vc_column][vc_column width=&#8221;1\/3&#8243;][vc_single_image image=&#8221;9122&#8243; img_size=&#8221;400&#215;400&#8243; add_caption=&#8221;yes&#8221; alignment=&#8221;right&#8221;][\/vc_column][\/vc_row][vc_row][vc_column][vc_separator color=&#8221;sandy_brown&#8221; border_width=&#8221;2&#8243;][\/vc_column][\/vc_row][vc_row][vc_column width=&#8221;2\/3&#8243;][vc_column_text]<strong>A literatura rosiana ensina \u00e0 psican\u00e1lise sobre o riso?<\/strong><\/p>\n<h6><em>Fl\u00e1via M. S. Leibovitz<\/em><br \/>\n<em>Associada ao Clin-a<\/em><br \/>\n<em>Participante da Comiss\u00e3o de Boletim das XII Jornadas da EBP-SP<\/em><\/h6>\n<p><em>\u201c<\/em>O nada \u00e9 uma faca sem l\u00e2mina da qual se tirou o cabo\u201d. Passemos ao nada na inten\u00e7\u00e3o de encontrar a\u00ed uma sorte de demonstra\u00e7\u00e3o da liga\u00e7\u00e3o do riso ao fora do sentido, por vezes ao nada, nas \u201canedotas de abstra\u00e7\u00e3o\u201d contadas e comentadas: narrativas simples, algumas colhidas da sabedoria popular, da literatura internacional, ou de sua lavra, que Guimar\u00e3es Rosa faz desfilar quase que topologicamente ao esburacar o primeiro dos quatro pref\u00e1cios de Tutam\u00e9ia,\u00a0 \u201cAletria e hermen\u00eautica\u201d, com anedotas algo absurdas; \u201canedotas que mais colidem com o n\u00e3o-senso (&#8230;) estas visariam o nada (&#8230;) com alguma coisa excepta \u2013 as de pronta valia no que aqui se quer tirar: seja o leite que a vaca n\u00e3o prometeu<em>\u201d.<\/em><\/p>\n<p><a href=\"https:\/\/ebp.org.br\/sp\/a-literatura-rosiana-ensina-a-psicanalise-sobre-o-riso\/\" target=\"_blank\" rel=\"noopener\">Leia+<\/a>[\/vc_column_text][\/vc_column][vc_column width=&#8221;1\/3&#8243;][vc_single_image image=&#8221;9121&#8243; img_size=&#8221;400&#215;400&#8243; add_caption=&#8221;yes&#8221; alignment=&#8221;right&#8221;][\/vc_column][\/vc_row][vc_row][vc_column][vc_separator color=&#8221;sandy_brown&#8221; border_width=&#8221;2&#8243;][\/vc_column][\/vc_row][vc_row][vc_column width=&#8221;2\/3&#8243;][vc_column_text]<strong>Viva o humor, porque, sem humor, n\u00e3o haveria humoristas!<\/strong><\/p>\n<h6><em>Perp\u00e9tua Medrado Gon\u00e7alves<\/em><br \/>\n<em>Priscila Tavares Viviani<\/em><br \/>\n<em>Participantes da Comiss\u00e3o de Livraria das XII Jornadas da EBP-SP<\/em><\/h6>\n<p>\u00c9 poss\u00edvel pensar o lugar e a fun\u00e7\u00e3o dos dispositivos art\u00edsticos, como a charge e o teatro, sendo espa\u00e7os e acontecimentos de transmiss\u00e3o cr\u00edtica sobre a pol\u00edtica, onde h\u00e1 um ganho de prazer, pelo riso, pela zombaria, pelo belo, pelo fant\u00e1stico, objetos de amarra\u00e7\u00e3o entre um Simb\u00f3lico e Imagin\u00e1rio para se tocar um Real. Ser\u00e1 a\u00ed uma forma de fazer la\u00e7o frente a um mal-estar vivido um a um e compartilhado no coletivo, buscando um triunfo do Eu, quanto ao desprazer presente em determinados n\u00edveis da realidade?<\/p>\n<p><a href=\"https:\/\/ebp.org.br\/sp\/viva-o-humor-porque-sem-humor-nao-haveria-humoristas\/\" target=\"_blank\" rel=\"noopener\">Leia+<\/a>[\/vc_column_text][\/vc_column][vc_column width=&#8221;1\/3&#8243;][vc_single_image image=&#8221;9119&#8243; img_size=&#8221;400&#215;400&#8243; add_caption=&#8221;yes&#8221; alignment=&#8221;right&#8221;][\/vc_column][\/vc_row][vc_row][vc_column][vc_separator color=&#8221;sandy_brown&#8221; border_width=&#8221;2&#8243;][\/vc_column][\/vc_row][vc_row][vc_column width=&#8221;2\/3&#8243;][vc_column_text]\n<h3><span style=\"color: #808000;\">Esp de um riso<\/span><\/h3>\n<p><strong>O que faz rir na Com\u00e9dia dos Sexos ?<\/strong><\/p>\n<h6><em>Jos\u00e9 Wilson R. Braga J\u00fanior<\/em><br \/>\n<em>Associado \u00e0 CLIPP<\/em><br \/>\n<em>Participante da Comiss\u00e3o de Refer\u00eancias Bibliogr\u00e1ficas das XII Jornadas da EBP-SP<\/em><\/h6>\n<p>Mas, atendo-nos \u00e0 fun\u00e7\u00e3o do falo, podemos apontar as estruturas a que ser\u00e3o submetidas as rela\u00e7\u00f5es entre os sexos. Digamos que essas rela\u00e7\u00f5es girar\u00e3o em tomo de um ser e de um ter que, por se reportarem a um significante, o falo, t\u00eam o efeito contr\u00e1rio de, por um lado, dar realidade ao sujeito nesse significante e, por outro, irrealizar as rela\u00e7\u00f5es a serem significadas. E isso pela interven\u00e7\u00e3o de um parecer que substitui o ter, para, de um lado, proteg\u00ea-lo e, de outro, mascarar sua falta no outro, e que tem como efeito projetar inteiramente as manifesta\u00e7\u00f5es ideais ou t\u00edpicas do comportamento de cada um dos sexos, at\u00e9 o limite do ato da copula\u00e7\u00e3o, na com\u00e9dia.<\/p>\n<p><a href=\"https:\/\/ebp.org.br\/sp\/o-que-faz-rir-na-comedia-dos-sexos\/\" target=\"_blank\" rel=\"noopener\">Leia+<\/a>[\/vc_column_text][\/vc_column][vc_column width=&#8221;1\/3&#8243;][vc_single_image image=&#8221;9138&#8243; img_size=&#8221;400&#215;400&#8243; add_caption=&#8221;yes&#8221; alignment=&#8221;right&#8221;][\/vc_column][\/vc_row][vc_row][vc_column][vc_separator color=&#8221;sandy_brown&#8221; border_width=&#8221;2&#8243;][\/vc_column][\/vc_row][vc_row][vc_column width=&#8221;2\/3&#8243;][vc_column_text]\n<h3><span style=\"color: #808000;\">Est\u00e3o fazendo arte<\/span><\/h3>\n<p><strong>O riso, a fotografia e o objeto a<\/strong><\/p>\n<h6><em>Marcella Pereira de Oliveira<\/em><br \/>\n<em>Associada ao Clin-a<\/em><br \/>\n<em>Participante da Comiss\u00e3o de Arte e Cultura das XII Jornadas da EBP-SP<\/em><\/h6>\n<p>Uma m\u00e1quina fotogr\u00e1fica, muitas vezes, pode ser considerada um objeto que causa o sorriso. Nesta fotografia, temos av\u00f3 e neta, negras, livres, numa festa que convoca ao relaxamento e libera\u00e7\u00e3o do prazer. Walter Firmo \u00e9 um fot\u00f3grafo, tamb\u00e9m negro, cujo estilo \u00e9 atravessado pela dignifica\u00e7\u00e3o da ra\u00e7a negra no Brasil. Tamb\u00e9m foi nomeado de documentarista de festas populares brasileiras, as quais s\u00e3o retratadas partindo de suas pesquisas sobre o folclore brasileiro.<\/p>\n<p><a href=\"https:\/\/ebp.org.br\/sp\/o-riso-a-fotografia-e-o-objeto-a\/\" target=\"_blank\" rel=\"noopener\">Leia+<\/a>[\/vc_column_text][\/vc_column][vc_column width=&#8221;1\/3&#8243;][vc_single_image image=&#8221;9137&#8243; img_size=&#8221;400&#215;400&#8243; add_caption=&#8221;yes&#8221; alignment=&#8221;right&#8221;][\/vc_column][\/vc_row][vc_row][vc_column width=&#8221;2\/3&#8243;][vc_column_text]<strong>\u201cO coro e o c\u00f4mico\u201d \u2013 Entrevista com F\u00e1bio Cordeiro<\/strong><\/p>\n<p>No dia 29 de maio de 2023, a Comiss\u00e3o de Arte e Cultura realizou uma entrevista, conduzida por Magno Azevedo e Elisangela Miras, com F\u00e1bio Cordeiro.<\/p>\n<p>Fabio Cordeiro \u00e9 antes de tudo um homem de teatro e que ao longo de sua carreira combinou o exerc\u00edcio do fazer teatral com uma carreira acad\u00eamica onde chegou aos grados de P\u00f3s Doc pela Universidade de S\u00e3o Paulo. Al\u00e9m de ensa\u00edsta, com o pr\u00f3ximo livro CORALIDADES EMANCIPADAS (itiner\u00e1rios da cena colaborativa brasileira) ainda sem data e editora, Fabio \u00e9 artista da NONATA CIA DE ARTE, criada por ele em 2004. Atualmente dirige e atua na leitura dramatizada de O Juiz de Paz na Ro\u00e7a, de Martins Pena.<\/p>\n<p><a href=\"https:\/\/ebp.org.br\/sp\/o-coro-e-o-comico-entrevista-com-fabio-cordeiro\/\" target=\"_blank\" rel=\"noopener\">Leia+<\/a>[\/vc_column_text][\/vc_column][vc_column width=&#8221;1\/3&#8243;][vc_single_image image=&#8221;9136&#8243; img_size=&#8221;400&#215;400&#8243; add_caption=&#8221;yes&#8221; alignment=&#8221;right&#8221;][\/vc_column][\/vc_row][vc_row][vc_column][vc_separator color=&#8221;sandy_brown&#8221; border_width=&#8221;2&#8243;][\/vc_column][\/vc_row][vc_row][vc_column width=&#8221;2\/3&#8243;][vc_column_text]\n<h3><span style=\"color: #808000;\">Acontece na cidade<\/span><\/h3>\n<p><strong>O vivo da exposi\u00e7\u00e3o \u201cMarta Minuj\u00edn: Ao vivo\u201d<\/strong><\/p>\n<p><em>Comiss\u00e3o de Acolhimento<\/em><\/p>\n<p>A escolha por essa exposi\u00e7\u00e3o foi pelo efeito que ela causou em uma visita \u00e0 Pinacoteca do Estado de S\u00e3o Paulo \u2013 um lugar lindo que j\u00e1 vale a pena a visita. Durante a exposi\u00e7\u00e3o, que na exposi\u00e7\u00e3o \u201cMarta Minuj\u00edn: Ao vivo\u201d, escutando as pessoas rirem constantemente \u2013 coisa que n\u00e3o \u00e9 t\u00e3o comum em exposi\u00e7\u00f5es \u2013 a decis\u00e3o foi tomada, e tomada pelo efeito do riso que tamb\u00e9m me causou.<\/p>\n<p><a href=\"https:\/\/ebp.org.br\/sp\/o-vivo-da-exposicao-marta-minujin-ao-vivo\/\" target=\"_blank\" rel=\"noopener\">Leia+<\/a>[\/vc_column_text][\/vc_column][vc_column width=&#8221;1\/3&#8243;][vc_single_image image=&#8221;7336&#8243; img_size=&#8221;400&#215;400&#8243; add_caption=&#8221;yes&#8221; alignment=&#8221;right&#8221;][\/vc_column][\/vc_row][vc_row][vc_column][vc_separator color=&#8221;sandy_brown&#8221; border_width=&#8221;2&#8243;][\/vc_column][\/vc_row][vc_row][vc_column width=&#8221;2\/3&#8243;][vc_column_text]\n<h3><span style=\"color: #8e7847;\">Hospedagem<\/span><\/h3>\n<p><strong>Voc\u00ea j\u00e1 sabe onde se hospedar em S\u00e3o Paulo durante as XII Jornadas da EBP?<\/strong><\/p>\n<p>O Hotel Meli\u00e1 preparou um desconto especial para os inscritos das Jornadas que desejem se hospedar no pr\u00f3prio hotel durante o evento!<br \/>\nO link para reserva est\u00e1 na bio\u00a0\u00a0<a href=\"https:\/\/events.melia.com\/pt\/events\/melia-paulista\/Escola-Brasileira-de-Psicanalise\">https:\/\/events.melia.com\/pt\/events\/melia-paulista\/Escola-Brasileira-de-Psicanalise<\/a><\/p>\n<p><a href=\"https:\/\/ebp.org.br\/sp\/hospedagem\/\" target=\"_blank\" rel=\"noopener\">Leia+<\/a>[\/vc_column_text][\/vc_column][vc_column width=&#8221;1\/3&#8243;][vc_single_image image=&#8221;9115&#8243; img_size=&#8221;400&#215;400&#8243; add_caption=&#8221;yes&#8221; alignment=&#8221;right&#8221;][\/vc_column][\/vc_row][vc_row][vc_column][vc_separator color=&#8221;sandy_brown&#8221; border_width=&#8221;2&#8243;][\/vc_column][\/vc_row][vc_row][vc_column][vc_column_text]\n<h3><span style=\"color: #8e7847;\">RSRSRS<\/span><\/h3>\n[\/vc_column_text][vc_single_image image=&#8221;9144&#8243; add_caption=&#8221;yes&#8221; alignment=&#8221;center&#8221;][\/vc_column][\/vc_row][vc_row][vc_column][vc_separator color=&#8221;sandy_brown&#8221; border_width=&#8221;2&#8243;][\/vc_column][\/vc_row][vc_row][vc_column width=&#8221;1\/3&#8243;][vc_single_image image=&#8221;7121&#8243; add_caption=&#8221;yes&#8221; alignment=&#8221;center&#8221; onclick=&#8221;custom_link&#8221; link=&#8221;https:\/\/ebp.org.br\/sp\/jornadas\/xii-jornadas-r-i-s-o\/xii-jornadas-r-i-s-o-inscricoes\/&#8221;][vc_column_text]\n<p style=\"text-align: center;\"><strong>INSCRI\u00c7\u00d5ES<\/strong><\/p>\n<h6 style=\"text-align: center;\">DATA FINAL DE INSCRI\u00c7\u00c3O ONLINE \u2013 25\/10\/23<\/h6>\n[\/vc_column_text][\/vc_column][vc_column width=&#8221;1\/3&#8243;][vc_single_image image=&#8221;7120&#8243; add_caption=&#8221;yes&#8221; alignment=&#8221;center&#8221; onclick=&#8221;custom_link&#8221; link=&#8221;https:\/\/ebp.org.br\/sp\/jornadas\/xii-jornadas-r-i-s-o\/xii-jornadas-r-i-s-o-comissoes-organizadoras-2\/&#8221;][vc_column_text]\n<p style=\"text-align: center;\"><strong>COMISS\u00d5ES<\/strong><\/p>\n[\/vc_column_text][\/vc_column][vc_column width=&#8221;1\/3&#8243;][vc_single_image image=&#8221;9170&#8243; add_caption=&#8221;yes&#8221; alignment=&#8221;center&#8221; onclick=&#8221;custom_link&#8221; link=&#8221;https:\/\/ebp.org.br\/sp\/hospedagem\/&#8221;][vc_column_text]\n<p style=\"text-align: center;\"><strong>HOSPEDAGEM<\/strong><\/p>\n[\/vc_column_text][\/vc_column][\/vc_row][vc_row css=&#8221;.vc_custom_1681935813243{background-color: #282212 !important;}&#8221;][vc_column][vc_single_image image=&#8221;7250&#8243; alignment=&#8221;center&#8221;][vc_column_text]\n<h6 style=\"text-align: center;\"><span style=\"color: #ffffff;\">Diretoria da EBP &#8211; Se\u00e7\u00e3o S\u00e3o Paulo: Niraldo de Oliveira Santos, Cristiana Chacon Gallo, Camila Popadiuk, Eduardo C\u00e9sar Benedicto<\/span><\/h6>\n<h6 style=\"text-align: center;\"><span style=\"color: #ffffff;\">Coordena\u00e7\u00e3o Geral das XII Jornadas: Gustavo Oliveira Menezes<\/span><\/h6>\n<h6 style=\"text-align: center;\"><span style=\"color: #ffffff;\">Comiss\u00e3o do Boletim: Maria C\u00e9lia Reinaldo Kato (coordena\u00e7\u00e3o), \u00c9lida Biasoli (coordena\u00e7\u00e3o), Cl\u00e1udia Reis, Diva Rubim Parentoni,<\/span><br \/>\n<span style=\"color: #ffffff;\">Fl\u00e1via M. Seidinger Leibovitz, Luciana Ernanny Legey, Mariana Galletti Ferretti, M\u00f4nica Bueno de Camargo<\/span><\/h6>\n<h6 style=\"text-align: center;\"><span style=\"color: #ffffff;\">Designer: Bruno Senna<\/span><\/h6>\n[\/vc_column_text][\/vc_column][\/vc_row]\n<\/section>","protected":false},"excerpt":{"rendered":"<p>[vc_row][vc_column][vc_single_image image=&#8221;9046&#8243; alignment=&#8221;center&#8221;][\/vc_column][\/vc_row][vc_row][vc_column][vc_column_text] #05 &#8211; SETEMBRO 2023 [\/vc_column_text][\/vc_column][\/vc_row][vc_row][vc_column width=&#8221;2\/3&#8243;][vc_column_text] Editorial Niraldo de Oliveira Santos Membro da EBP\/AMP Diretor da EBP-Se\u00e7\u00e3o S\u00e3o Paulo Chegamos \u00e0 edi\u00e7\u00e3o #5 do Boletim Gaio, o que indica que estamos, aproximadamente, a um m\u00eas das Jornadas R.I.S.o. Do lan\u00e7amento, no m\u00eas de abril, at\u00e9 aqui, foram muitas as vias abertas em&hellip;<\/p>\n","protected":false},"author":1,"featured_media":0,"comment_status":"closed","ping_status":"closed","sticky":false,"template":"","format":"standard","meta":{"footnotes":""},"categories":[6],"tags":[],"post_series":[],"class_list":["post-9182","post","type-post","status-publish","format-standard","hentry","category-boletim-gaio","entry","no-media"],"aioseo_notices":[],"_links":{"self":[{"href":"https:\/\/ebp.org.br\/sp\/wp-json\/wp\/v2\/posts\/9182","targetHints":{"allow":["GET"]}}],"collection":[{"href":"https:\/\/ebp.org.br\/sp\/wp-json\/wp\/v2\/posts"}],"about":[{"href":"https:\/\/ebp.org.br\/sp\/wp-json\/wp\/v2\/types\/post"}],"author":[{"embeddable":true,"href":"https:\/\/ebp.org.br\/sp\/wp-json\/wp\/v2\/users\/1"}],"replies":[{"embeddable":true,"href":"https:\/\/ebp.org.br\/sp\/wp-json\/wp\/v2\/comments?post=9182"}],"version-history":[{"count":4,"href":"https:\/\/ebp.org.br\/sp\/wp-json\/wp\/v2\/posts\/9182\/revisions"}],"predecessor-version":[{"id":9517,"href":"https:\/\/ebp.org.br\/sp\/wp-json\/wp\/v2\/posts\/9182\/revisions\/9517"}],"wp:attachment":[{"href":"https:\/\/ebp.org.br\/sp\/wp-json\/wp\/v2\/media?parent=9182"}],"wp:term":[{"taxonomy":"category","embeddable":true,"href":"https:\/\/ebp.org.br\/sp\/wp-json\/wp\/v2\/categories?post=9182"},{"taxonomy":"post_tag","embeddable":true,"href":"https:\/\/ebp.org.br\/sp\/wp-json\/wp\/v2\/tags?post=9182"},{"taxonomy":"post_series","embeddable":true,"href":"https:\/\/ebp.org.br\/sp\/wp-json\/wp\/v2\/post_series?post=9182"}],"curies":[{"name":"wp","href":"https:\/\/api.w.org\/{rel}","templated":true}]}}