{"id":858,"date":"2016-07-29T10:41:14","date_gmt":"2016-07-29T10:41:14","guid":{"rendered":"http:\/\/ebpsp.org.br\/institucional\/?p=858"},"modified":"2016-07-29T10:41:14","modified_gmt":"2016-07-29T10:41:14","slug":"ta-ligado-05","status":"publish","type":"post","link":"https:\/\/ebp.org.br\/sp\/ta-ligado-05\/","title":{"rendered":"T\u00e1 Ligado? #05"},"content":{"rendered":"<section class=\"wpb-content-wrapper\">[vc_row][vc_column width=&#8221;1\/2&#8243;][vc_column_text]\n<h2><span style=\"color: #993300;\">Links diretos para o conte\u00fado:<\/span><\/h2>\n<ul>\n<li><a href=\"http:\/\/ebpsp.org.br\/institucional\/2016\/07\/28\/resenha-uma-nova-perspectiva-para-a-crianca-de-daniel-roy\/\">\u201cUma Nova Perspectiva para a Crian\u00e7a\u201d, De Daniel Roy<\/a><\/li>\n<li><a href=\"http:\/\/ebpsp.org.br\/institucional\/2016\/07\/28\/resenha-a-iniciacao-sexual-na-adolescencia-entre-mito-e-estrutura\/\">A Inicia\u00e7\u00e3o Sexual na Adolesc\u00eancia: Entre Mito E\\e Estrutura<\/a><\/li>\n<li><a href=\"http:\/\/ebpsp.org.br\/institucional\/2016\/07\/28\/textos-de-referencia-sobre-o-tema-das-jornadas-diversos-autores-do-campo-freudiano-abreu-t-2015-a-solidao-globalizada-na-infancia-e-na-adolescencia-conversacao\/\">Bibliografia da Jornada Ebp Sp 2016 &#8211; outros autores para mesclar<\/a><\/li>\n<\/ul>\n[\/vc_column_text][\/vc_column][vc_column width=&#8221;1\/2&#8243;][vc_column_text]<a href=\"http:\/\/ebpsp.org.br\/institucional\/wp-content\/uploads\/2016\/07\/ta_ligado005.jpg\"><img loading=\"lazy\" decoding=\"async\" class=\"alignleft size-full wp-image-845\" src=\"http:\/\/ebpsp.org.br\/institucional\/wp-content\/uploads\/2016\/07\/ta_ligado005.jpg\" alt=\"Print\" width=\"350\" height=\"976\" \/><\/a>[\/vc_column_text][\/vc_column][\/vc_row]\n<\/section>","protected":false},"excerpt":{"rendered":"<p>[vc_row][vc_column width=&#8221;1\/2&#8243;][vc_column_text] Links diretos para o conte\u00fado: \u201cUma Nova Perspectiva para a Crian\u00e7a\u201d, De Daniel Roy A Inicia\u00e7\u00e3o Sexual na Adolesc\u00eancia: Entre Mito E\\e Estrutura Bibliografia da Jornada Ebp Sp 2016 &#8211; outros autores para mesclar [\/vc_column_text][\/vc_column][vc_column width=&#8221;1\/2&#8243;][vc_column_text][\/vc_column_text][\/vc_column][\/vc_row]<\/p>\n","protected":false},"author":1,"featured_media":0,"comment_status":"closed","ping_status":"open","sticky":false,"template":"","format":"standard","meta":{"footnotes":""},"categories":[9],"tags":[],"post_series":[],"class_list":["post-858","post","type-post","status-publish","format-standard","hentry","category-boletins","entry","no-media"],"aioseo_notices":[],"_links":{"self":[{"href":"https:\/\/ebp.org.br\/sp\/wp-json\/wp\/v2\/posts\/858","targetHints":{"allow":["GET"]}}],"collection":[{"href":"https:\/\/ebp.org.br\/sp\/wp-json\/wp\/v2\/posts"}],"about":[{"href":"https:\/\/ebp.org.br\/sp\/wp-json\/wp\/v2\/types\/post"}],"author":[{"embeddable":true,"href":"https:\/\/ebp.org.br\/sp\/wp-json\/wp\/v2\/users\/1"}],"replies":[{"embeddable":true,"href":"https:\/\/ebp.org.br\/sp\/wp-json\/wp\/v2\/comments?post=858"}],"version-history":[{"count":0,"href":"https:\/\/ebp.org.br\/sp\/wp-json\/wp\/v2\/posts\/858\/revisions"}],"wp:attachment":[{"href":"https:\/\/ebp.org.br\/sp\/wp-json\/wp\/v2\/media?parent=858"}],"wp:term":[{"taxonomy":"category","embeddable":true,"href":"https:\/\/ebp.org.br\/sp\/wp-json\/wp\/v2\/categories?post=858"},{"taxonomy":"post_tag","embeddable":true,"href":"https:\/\/ebp.org.br\/sp\/wp-json\/wp\/v2\/tags?post=858"},{"taxonomy":"post_series","embeddable":true,"href":"https:\/\/ebp.org.br\/sp\/wp-json\/wp\/v2\/post_series?post=858"}],"curies":[{"name":"wp","href":"https:\/\/api.w.org\/{rel}","templated":true}]}}