{"id":854,"date":"2016-07-29T10:27:06","date_gmt":"2016-07-29T10:27:06","guid":{"rendered":"http:\/\/ebpsp.org.br\/institucional\/?p=854"},"modified":"2016-07-29T10:27:06","modified_gmt":"2016-07-29T10:27:06","slug":"ta-ligado-03","status":"publish","type":"post","link":"https:\/\/ebp.org.br\/sp\/ta-ligado-03\/","title":{"rendered":"T\u00e1 Ligado? #03"},"content":{"rendered":"<section class=\"wpb-content-wrapper\">[vc_row][vc_column width=&#8221;1\/2&#8243;][vc_column_text]\n<h2><span style=\"color: #993300;\">Links diretos para o conte\u00fado:<\/span><\/h2>\n<ul>\n<li><a href=\"http:\/\/ebpsp.org.br\/institucional\/jornadas\/jornadas-da-ebpsp-2016\/argumento\/\">Argumento<\/a><\/li>\n<li><a href=\"http:\/\/ebpsp.org.br\/institucional\/jornadas\/jornadas-da-ebpsp-2016\/argumento\/\">Eixos tema\u0301ticos<\/a><\/li>\n<li><a href=\"http:\/\/ebpsp.org.br\/institucional\/jornadas\/jornadas-da-ebpsp-2016\/envio-de-trabalhos\/\">Envio de trabalhos<\/a><\/li>\n<li><a href=\"http:\/\/ebpsp.org.br\/institucional\/2016\/07\/28\/referencias-em-freud\/\">Refer\u00eancias\u00a0Freud<\/a><\/li>\n<li><a href=\"http:\/\/ebpsp.org.br\/institucional\/2016\/07\/28\/referencias-em-lacan\/\">Refer\u00eancias\u00a0Lacan<\/a><\/li>\n<li><a href=\"http:\/\/ebpsp.org.br\/institucional\/2016\/07\/28\/referencias-em-miller\/\">Refer\u00eancias Miller<\/a><\/li>\n<li><a href=\"http:\/\/ebpsp.org.br\/institucional\/2016\/07\/28\/resenha-em-direcao-a-adolescencia\/\">Resenha:\u00a0Miller, J.-A. (2015). \u201cEm dire\u00e7\u00e3o \u00e0 adolesc\u00eancia\u201d\u00a0<\/a><\/li>\n<\/ul>\n[\/vc_column_text][\/vc_column][vc_column width=&#8221;1\/2&#8243;][vc_column_text]<a href=\"http:\/\/ebpsp.org.br\/institucional\/wp-content\/uploads\/2016\/07\/ta_ligado003.jpg\"><img loading=\"lazy\" decoding=\"async\" class=\"alignleft size-full wp-image-843\" src=\"http:\/\/ebpsp.org.br\/institucional\/wp-content\/uploads\/2016\/07\/ta_ligado003.jpg\" alt=\"Print\" width=\"350\" height=\"973\" \/><\/a>[\/vc_column_text][\/vc_column][\/vc_row]\n<\/section>","protected":false},"excerpt":{"rendered":"<p>[vc_row][vc_column width=&#8221;1\/2&#8243;][vc_column_text] Links diretos para o conte\u00fado: Argumento Eixos tema\u0301ticos Envio de trabalhos Refer\u00eancias\u00a0Freud Refer\u00eancias\u00a0Lacan Refer\u00eancias Miller Resenha:\u00a0Miller, J.-A. (2015). \u201cEm dire\u00e7\u00e3o \u00e0 adolesc\u00eancia\u201d\u00a0 [\/vc_column_text][\/vc_column][vc_column width=&#8221;1\/2&#8243;][vc_column_text][\/vc_column_text][\/vc_column][\/vc_row]<\/p>\n","protected":false},"author":1,"featured_media":0,"comment_status":"closed","ping_status":"open","sticky":false,"template":"","format":"standard","meta":{"footnotes":""},"categories":[9],"tags":[],"post_series":[],"class_list":["post-854","post","type-post","status-publish","format-standard","hentry","category-boletins","entry","no-media"],"aioseo_notices":[],"_links":{"self":[{"href":"https:\/\/ebp.org.br\/sp\/wp-json\/wp\/v2\/posts\/854","targetHints":{"allow":["GET"]}}],"collection":[{"href":"https:\/\/ebp.org.br\/sp\/wp-json\/wp\/v2\/posts"}],"about":[{"href":"https:\/\/ebp.org.br\/sp\/wp-json\/wp\/v2\/types\/post"}],"author":[{"embeddable":true,"href":"https:\/\/ebp.org.br\/sp\/wp-json\/wp\/v2\/users\/1"}],"replies":[{"embeddable":true,"href":"https:\/\/ebp.org.br\/sp\/wp-json\/wp\/v2\/comments?post=854"}],"version-history":[{"count":0,"href":"https:\/\/ebp.org.br\/sp\/wp-json\/wp\/v2\/posts\/854\/revisions"}],"wp:attachment":[{"href":"https:\/\/ebp.org.br\/sp\/wp-json\/wp\/v2\/media?parent=854"}],"wp:term":[{"taxonomy":"category","embeddable":true,"href":"https:\/\/ebp.org.br\/sp\/wp-json\/wp\/v2\/categories?post=854"},{"taxonomy":"post_tag","embeddable":true,"href":"https:\/\/ebp.org.br\/sp\/wp-json\/wp\/v2\/tags?post=854"},{"taxonomy":"post_series","embeddable":true,"href":"https:\/\/ebp.org.br\/sp\/wp-json\/wp\/v2\/post_series?post=854"}],"curies":[{"name":"wp","href":"https:\/\/api.w.org\/{rel}","templated":true}]}}