{"id":7290,"date":"2023-08-15T06:12:51","date_gmt":"2023-08-15T09:12:51","guid":{"rendered":"https:\/\/ebp.org.br\/sp\/?p=7290"},"modified":"2023-08-15T06:12:51","modified_gmt":"2023-08-15T09:12:51","slug":"acontece-na-cidade-7","status":"publish","type":"post","link":"https:\/\/ebp.org.br\/sp\/acontece-na-cidade-7\/","title":{"rendered":"Acontece na Cidade"},"content":{"rendered":"<p><strong><img loading=\"lazy\" decoding=\"async\" class=\"alignnone wp-image-7291\" src=\"https:\/\/ebp.org.br\/new\/sp\/wp-content\/uploads\/2023\/08\/gaio004_008-1.jpg\" alt=\"\" width=\"400\" height=\"398\" srcset=\"https:\/\/ebp.org.br\/sp\/wp-content\/uploads\/2023\/08\/gaio004_008-1.jpg 602w, https:\/\/ebp.org.br\/sp\/wp-content\/uploads\/2023\/08\/gaio004_008-1-300x300.jpg 300w, https:\/\/ebp.org.br\/sp\/wp-content\/uploads\/2023\/08\/gaio004_008-1-150x150.jpg 150w\" sizes=\"auto, (max-width: 400px) 100vw, 400px\" \/><\/strong><\/p>\n<p><strong>A cena em ato cantada \u00e9!<\/strong><\/p>\n<h6><em>Comiss\u00e3o de Acolhimento<\/em><\/h6>\n<p>Dois palcos, no centro de S\u00e3o Paulo, s\u00e3o ocupados por artistas atravessado[re]s de m\u00fasica e de teatro ou de teatro e de m\u00fasica.<\/p>\n<p>Cida Moreira, acompanhada de outros grandes, nos recebe com o show &#8216;Poeta do riso e da dor&#8217;, dando vida \u00e0s can\u00e7\u00f5es de S\u00e9rgio Sampaio, na Casa de Francisca, dia 12\/08. O poeta cantado cantou &#8220;<em>antigamente<\/em> quando eu n\u00e3o tinha nada, sa\u00eda sempre na captura do que fazer e procurava, como todo mundo, encontrar voc\u00ea.&#8221;<\/p>\n<p>N\u00e3o muito longe dali, no Bixiga, ao lado do <em>futuramente<\/em> Parque do Rio Bixiga, o espet\u00e1culo &#8216;Rasga Cora\u00e7\u00e3o&#8217; volta em cartaz no Teatro Oficina. As dezenas de artistas que ali est\u00e3o, enlutados \u00e0 maneira Z\u00e9 Celso de encarar a trag\u00e9dia chamada vida, fazem em ato com o riso resposta, aparato, trato no teatro ao r.existir.em. Ele, o riso, est\u00e1 l\u00e1, <em>insistentemente<\/em>, em cena, nas letras, nos coros, nos cantos, nas falas, nos corpos, galerias, cal\u00e7adas, na pista do Teatro.<\/p>\n<p>A pe\u00e7a musical &#8216;Rasga Cora\u00e7\u00e3o&#8217; surge &#8220;da devora\u00e7\u00e3o da obra de Heitor Villa-Lobos [&#8230;] Villa tem influ\u00eancia decisiva nas artes sintonizadas no surgimento da Tropic\u00e1lia&#8221;. Estar\u00e1 em cartaz todos os s\u00e1bados e domingos de agosto no Teatro Oficina Uzyna Uzona.<\/p>\n<p>Camila Mota, atriz e diretora do Oficina, faz quest\u00e3o de nos lembrar que o teatro \u00e9 uma tecnologia da presen\u00e7a e do encontro. Que a cena musical e teatral paulistana brasileira, <em>presentemente<\/em>, aconte\u00e7a na impostura da tecnologia furiosamente delicada do ser e n\u00e3o ser dos encontros. Evo\u00e9!!!<\/p>\n<p>Refer\u00eancias e informa\u00e7\u00f5es em:<\/p>\n<p><a href=\"https:\/\/www.instagram.com\/cidamoreiraoficial\/\">https:\/\/www.instagram.com\/cidamoreiraoficial<\/a><\/p>\n<p><a href=\"https:\/\/www.instagram.com\/oficinauzynauzona\">https:\/\/www.instagram.com\/oficinauzynauzona<\/a><\/p>\n","protected":false},"excerpt":{"rendered":"<p>A cena em ato cantada \u00e9! Comiss\u00e3o de Acolhimento Dois palcos, no centro de S\u00e3o Paulo, s\u00e3o ocupados por artistas atravessado[re]s de m\u00fasica e de teatro ou de teatro e de m\u00fasica. Cida Moreira, acompanhada de outros grandes, nos recebe com o show &#8216;Poeta do riso e da dor&#8217;, dando vida \u00e0s can\u00e7\u00f5es de S\u00e9rgio&hellip;<\/p>\n","protected":false},"author":1,"featured_media":0,"comment_status":"closed","ping_status":"closed","sticky":false,"template":"","format":"standard","meta":{"footnotes":""},"categories":[6],"tags":[],"post_series":[],"class_list":["post-7290","post","type-post","status-publish","format-standard","hentry","category-boletim-gaio","entry","no-media"],"aioseo_notices":[],"_links":{"self":[{"href":"https:\/\/ebp.org.br\/sp\/wp-json\/wp\/v2\/posts\/7290","targetHints":{"allow":["GET"]}}],"collection":[{"href":"https:\/\/ebp.org.br\/sp\/wp-json\/wp\/v2\/posts"}],"about":[{"href":"https:\/\/ebp.org.br\/sp\/wp-json\/wp\/v2\/types\/post"}],"author":[{"embeddable":true,"href":"https:\/\/ebp.org.br\/sp\/wp-json\/wp\/v2\/users\/1"}],"replies":[{"embeddable":true,"href":"https:\/\/ebp.org.br\/sp\/wp-json\/wp\/v2\/comments?post=7290"}],"version-history":[{"count":0,"href":"https:\/\/ebp.org.br\/sp\/wp-json\/wp\/v2\/posts\/7290\/revisions"}],"wp:attachment":[{"href":"https:\/\/ebp.org.br\/sp\/wp-json\/wp\/v2\/media?parent=7290"}],"wp:term":[{"taxonomy":"category","embeddable":true,"href":"https:\/\/ebp.org.br\/sp\/wp-json\/wp\/v2\/categories?post=7290"},{"taxonomy":"post_tag","embeddable":true,"href":"https:\/\/ebp.org.br\/sp\/wp-json\/wp\/v2\/tags?post=7290"},{"taxonomy":"post_series","embeddable":true,"href":"https:\/\/ebp.org.br\/sp\/wp-json\/wp\/v2\/post_series?post=7290"}],"curies":[{"name":"wp","href":"https:\/\/api.w.org\/{rel}","templated":true}]}}