{"id":6716,"date":"2022-09-25T09:34:03","date_gmt":"2022-09-25T12:34:03","guid":{"rendered":"https:\/\/ebp.org.br\/sp\/?p=6716"},"modified":"2022-09-25T09:34:03","modified_gmt":"2022-09-25T12:34:03","slug":"acontece-na-cidade-3","status":"publish","type":"post","link":"https:\/\/ebp.org.br\/sp\/acontece-na-cidade-3\/","title":{"rendered":"Acontece na cidade"},"content":{"rendered":"<p><strong>COMISS\u00c3O DE ACOLHIMENTO<\/strong><\/p>\n<h6><strong>Maria Veridiana Sampaio Paes de Barros<br \/>\n<\/strong>Associada ao CLIN-a<\/h6>\n<h6><strong>Marilice Dos Santos Guerra<br \/>\n<\/strong>Associada ao CLIN-a<\/h6>\n<figure id=\"attachment_6717\" aria-describedby=\"caption-attachment-6717\" style=\"width: 288px\" class=\"wp-caption alignnone\"><img loading=\"lazy\" decoding=\"async\" class=\"size-full wp-image-6717\" src=\"https:\/\/ebp.org.br\/new\/sp\/wp-content\/uploads\/2022\/09\/010-1.jpg\" alt=\"Imagem - divulga\u00e7\u00e3o\" width=\"288\" height=\"192\" \/><figcaption id=\"caption-attachment-6717\" class=\"wp-caption-text\">Imagem &#8211; divulga\u00e7\u00e3o<\/figcaption><\/figure>\n<p>Em plena Avenida Paulista, cora\u00e7\u00e3o da cidade de S\u00e3o Paulo, situa-se o Ita\u00fa Cultural, voltado ao incentivo de manifesta\u00e7\u00f5es art\u00edstico-intelectuais. Est\u00e1 em cartaz, at\u00e9 o dia 01 de outubro de 2022 a exposi\u00e7\u00e3o <em>\u201cBispo do Ros\u00e1rio &#8211; Eu vim: Apari\u00e7\u00e3o, impregna\u00e7\u00e3o e impacto\u201d<\/em>.<\/p>\n<p>Sim, somos impactados por uma mostra de 404 pe\u00e7as da vasta obra deste artista, que em 22 de dezembro de 1938, teve uma vis\u00e3o: Sete anjos anunciaram sua miss\u00e3o. Era Jesus, aquele que viera ao mundo para julgar os vivos e os mortos.<\/p>\n<p>Sua obra foi feita nos confins de um manic\u00f4mio. Um bordar para o fim do mundo, com um invent\u00e1rio sobre o que existe no mundo para o dia do julgamento final. O artista explicou que era obrigado a fazer, pois as vozes o ordenavam. Confeccionou seu manto, todo escrito sobre as coisas do mundo para que ele pudesse vestir neste dia especial.<\/p>\n<p>N\u00e3o h\u00e1 como n\u00e3o nos remeter ao escabelo, t\u00e3o bem traduzido por Miller: \u201c(&#8230;) \u00e9, de modo geral, aquilo sobre o qual o <em>falasser<\/em> se ergue, sobe para se fazer belo. \u00c9 seu pedestal, que lhe permite elevar a si mesmo \u00e0 dignidade da Coisa\u201d<a href=\"#_ftn1\" name=\"_ftnref1\">[1]<\/a>.<\/p>\n<p>Nesta exposi\u00e7\u00e3o nos deparamos com objetos velhos, restos encontrados no manic\u00f4mio, quinquilharias elevadas a dignidade da Coisa. A exposi\u00e7\u00e3o nos faz testemunhar a grandeza de um objeto de arte.<\/p>\n<p>Como nos lembra Miller,<\/p>\n<p>\u201c(&#8230;) Analisar o <em>falasser <\/em>demanda jogar uma partida entre del\u00edrio, debilidade e tapea\u00e7\u00e3o. \u00c9 dirigir um del\u00edrio de maneira que sua debilidade ceda \u00e0 tapea\u00e7\u00e3o do real. (&#8230;) No lugar do recalcado, a an\u00e1lise do <em>falasser<\/em> instala a verdade mentirosa que decorre do que Freud reconheceu como recalque origin\u00e1rio. Isso quer dizer que a verdade \u00e9 intrinsecamente da mesma ess\u00eancia que a mentira. O <em>proton\u00a0 pseudos<\/em> \u00e9 tamb\u00e9m o falso \u00faltimo. O gozo, ou os gozos do corpo falante, por\u00e9m, \u00e9 aquilo que n\u00e3o mente\u201d<a href=\"#_ftn2\" name=\"_ftnref2\">[2]<\/a>.<\/p>\n<p>Vale conferir essa exposi\u00e7\u00e3o que nos ensina como a arte sabe fazer com o real!<\/p>\n<p><strong>Bispo Do Ros\u00e1rio \u2013 Eu Vim: Apari\u00e7\u00e3o, Impregna\u00e7\u00e3o E Impacto<\/strong><\/p>\n<p>De quarta\u00a0<strong>18 de maio<\/strong>\u00a0a s\u00e1bado\u00a0<strong>1 de outubro de 2022.<\/strong><br \/>\nTer\u00e7a a s\u00e1bado\u00a0<strong>11h \u00e0s 20h<\/strong><br \/>\nDomingo e feriados\u00a0<strong>11h \u00e0s 19h<\/strong><\/p>\n<p><strong>Entrada gratuita<\/strong><br \/>\nIta\u00fa Cultural \u2013 Av. Paulista, 149, S\u00e3o Paulo<\/p>\n[livre para todos os p\u00fablicos]\n<hr \/>\n<h6><a href=\"#_ftnref1\" name=\"_ftn1\">[1]<\/a> <strong>Miller. <\/strong>\u201cO inconsciente e o corpo falante\u201d.\u00a0<em>Scilicet: o corpo falante \u2013 sobre o inconsciente no s\u00e9culo XXI.<\/em>\u00a0S\u00e3o Paulo: Escola Brasileira de Psican\u00e1lise, 2016. p. 27<\/h6>\n<h6><a href=\"#_ftnref2\" name=\"_ftn2\">[2]<\/a> Ibid. p. 31-32<strong>\u00a0<\/strong><\/h6>\n","protected":false},"excerpt":{"rendered":"<p>COMISS\u00c3O DE ACOLHIMENTO Maria Veridiana Sampaio Paes de Barros Associada ao CLIN-a Marilice Dos Santos Guerra Associada ao CLIN-a Em plena Avenida Paulista, cora\u00e7\u00e3o da cidade de S\u00e3o Paulo, situa-se o Ita\u00fa Cultural, voltado ao incentivo de manifesta\u00e7\u00f5es art\u00edstico-intelectuais. Est\u00e1 em cartaz, at\u00e9 o dia 01 de outubro de 2022 a exposi\u00e7\u00e3o \u201cBispo do Ros\u00e1rio&hellip;<\/p>\n","protected":false},"author":1,"featured_media":0,"comment_status":"closed","ping_status":"closed","sticky":false,"template":"","format":"standard","meta":{"footnotes":""},"categories":[7],"tags":[],"post_series":[],"class_list":["post-6716","post","type-post","status-publish","format-standard","hentry","category-boletim-inter-dito","entry","no-media"],"aioseo_notices":[],"_links":{"self":[{"href":"https:\/\/ebp.org.br\/sp\/wp-json\/wp\/v2\/posts\/6716","targetHints":{"allow":["GET"]}}],"collection":[{"href":"https:\/\/ebp.org.br\/sp\/wp-json\/wp\/v2\/posts"}],"about":[{"href":"https:\/\/ebp.org.br\/sp\/wp-json\/wp\/v2\/types\/post"}],"author":[{"embeddable":true,"href":"https:\/\/ebp.org.br\/sp\/wp-json\/wp\/v2\/users\/1"}],"replies":[{"embeddable":true,"href":"https:\/\/ebp.org.br\/sp\/wp-json\/wp\/v2\/comments?post=6716"}],"version-history":[{"count":0,"href":"https:\/\/ebp.org.br\/sp\/wp-json\/wp\/v2\/posts\/6716\/revisions"}],"wp:attachment":[{"href":"https:\/\/ebp.org.br\/sp\/wp-json\/wp\/v2\/media?parent=6716"}],"wp:term":[{"taxonomy":"category","embeddable":true,"href":"https:\/\/ebp.org.br\/sp\/wp-json\/wp\/v2\/categories?post=6716"},{"taxonomy":"post_tag","embeddable":true,"href":"https:\/\/ebp.org.br\/sp\/wp-json\/wp\/v2\/tags?post=6716"},{"taxonomy":"post_series","embeddable":true,"href":"https:\/\/ebp.org.br\/sp\/wp-json\/wp\/v2\/post_series?post=6716"}],"curies":[{"name":"wp","href":"https:\/\/api.w.org\/{rel}","templated":true}]}}