{"id":6701,"date":"2022-08-29T11:52:29","date_gmt":"2022-08-29T14:52:29","guid":{"rendered":"https:\/\/ebp.org.br\/sp\/?p=6701"},"modified":"2022-08-29T11:52:29","modified_gmt":"2022-08-29T14:52:29","slug":"boletim-inter-dito-03","status":"publish","type":"post","link":"https:\/\/ebp.org.br\/sp\/boletim-inter-dito-03\/","title":{"rendered":"Boletim Inter-dito #03"},"content":{"rendered":"<section class=\"wpb-content-wrapper\">[vc_row][vc_column][vc_single_image image=&#8221;6482&#8243; img_size=&#8221;full&#8221; alignment=&#8221;center&#8221;][vc_row_inner][vc_column_inner width=&#8221;1\/2&#8243;][vc_column_text]\n<h5><strong>BOLETIM ELETR\u00d4NICO DAS XI Jornadas da EBP &#8211; Se\u00e7\u00e3o S\u00e3o Paulo<\/strong><br \/>\nLocal das Jornadas: Meli\u00e1 Paulista \u2013 Av. Paulista, 2181, S\u00e3o Paulo\/SP<\/h5>\n[\/vc_column_text][\/vc_column_inner][vc_column_inner width=&#8221;1\/2&#8243;][vc_column_text]\n<h5 style=\"text-align: right;\"><strong>N\u00ba 3<br \/>\nAgosto de 2022<\/strong><\/h5>\n[\/vc_column_text][\/vc_column_inner][\/vc_row_inner][\/vc_column][\/vc_row][vc_row][vc_column][vc_column_text]\n<h3><span style=\"color: #5e4f42;\">EDITORIAL<\/span><\/h3>\n[\/vc_column_text][vc_row_inner][vc_column_inner width=&#8221;1\/4&#8243;][vc_single_image image=&#8221;6688&#8243; img_size=&#8221;full&#8221;][\/vc_column_inner][vc_column_inner width=&#8221;3\/4&#8243;][vc_column_text]\n<h6><strong>Por Niraldo de Oliveira Santos<\/strong><br \/>\n<em>Membro da EBP e da AMP<\/em><\/h6>\n<p>\u00c9 com satisfa\u00e7\u00e3o que lan\u00e7amos o terceiro n\u00famero do Boletim\u00a0<em>Inter-dito<\/em>, nosso ve\u00edculo mensal destinado \u00e0s elabora\u00e7\u00f5es em torno das XI Jornadas da EBP-SP:\u00a0<strong>\u023a\u00a0verdade e o gozo que n\u00e3o mente<\/strong>. Nosso boletim est\u00e1 abastado de contribui\u00e7\u00f5es em torno do referido tema e nos permite verificar o quanto a refer\u00eancia \u00e0 verdade e ao gozo ocupam um lugar fundamental no ensino de Lacan.[\/vc_column_text][vc_btn title=&#8221;Leia+&#8221; color=&#8221;chino&#8221; link=&#8221;url:https%3A%2F%2Febp.org.br%2Fsp%2Feditorial-boletim-inter-dito-03%2F|title:Editorial%20%2301&#8243;][\/vc_column_inner][\/vc_row_inner][\/vc_column][\/vc_row][vc_row][vc_column][vc_separator border_width=&#8221;2&#8243;][\/vc_column][\/vc_row][vc_row][vc_column][vc_column_text]\n<h3><strong>VARIDADES<\/strong><\/h3>\n[\/vc_column_text][vc_row_inner][vc_column_inner width=&#8221;1\/4&#8243;][vc_single_image image=&#8221;6691&#8243; img_size=&#8221;full&#8221;][\/vc_column_inner][vc_column_inner width=&#8221;3\/4&#8243;][vc_column_text]<strong>A VERDADE COMO CONTRADI\u00c7\u00c3O ENTRE O VERDADEIRO E O FALSO<\/strong><\/p>\n<h6><strong>J\u00e9sus Santiago<\/strong><br \/>\n<em>AME, Membro da EBP e da AMP<\/em><\/h6>\n<p>O in\u00edcio do ensino de Lacan toma as forma\u00e7\u00f5es do inconsciente \u2013 o sonho, o lapso e os chistes \u2013 como dependentes da verdade do desejo a respeito da letra e, no contexto desta elabora\u00e7\u00e3o, trata-se da letra alojada no inconsciente. No in\u00edcio dos anos cinquenta, em seu c\u00e9lebre coment\u00e1rio sobre a \u201cA carta roubada\u201d, de Edgar Alan Poe, confirma-se a import\u00e2ncia concedida \u00e0 carta\/letra, pois esta se apresenta&#8230;[\/vc_column_text][vc_btn title=&#8221;Leia+&#8221; color=&#8221;chino&#8221; link=&#8221;url:https%3A%2F%2Febp.org.br%2Fsp%2Fa-verdade-como-contradicao-entre-o-verdadeiro-e-o-falso%2F|title:Editorial%20%2301&#8243;][\/vc_column_inner][\/vc_row_inner][vc_row_inner][vc_column_inner width=&#8221;1\/4&#8243;][vc_single_image image=&#8221;6690&#8243; img_size=&#8221;full&#8221;][\/vc_column_inner][vc_column_inner width=&#8221;3\/4&#8243;][vc_column_text]<strong>UMA VERDADE VARI\u00c1VEL<\/strong><\/p>\n<h6><strong>Maria de Lourdes Mattos<\/strong><br \/>\n<em>Membro da EBP e da AMP<\/em><\/h6>\n<p>Inicialmente quero destacar a atualidade do tema das XI Jornadas da EBP-SP, tanto do ponto de vista cl\u00ednico como pol\u00edtico, dado que vivemos num tempo de falsas verdades.<br \/>\nA atual presidente da AMP Christiane Alberti, em interven\u00e7\u00e3o no evento de permuta\u00e7\u00e3o da diretoria do Bureau da FAPOL, trouxe contribui\u00e7\u00f5es importantes ao nosso tema.[\/vc_column_text][vc_btn title=&#8221;Leia+&#8221; color=&#8221;chino&#8221; link=&#8221;url:https%3A%2F%2Febp.org.br%2Fsp%2Fuma-verdade-variavel%2F|title:Editorial%20%2301&#8243;][\/vc_column_inner][\/vc_row_inner][vc_row_inner][vc_column_inner width=&#8221;1\/4&#8243;][vc_single_image image=&#8221;6689&#8243; img_size=&#8221;full&#8221;][\/vc_column_inner][vc_column_inner width=&#8221;3\/4&#8243;][vc_column_text]<strong>VERDADE, UM LUGAR<\/strong><\/p>\n<h6><strong>Fabiola Ramon<br \/>\n<\/strong><em><strong>Membro da EBP e da AMP<\/strong><\/em><\/h6>\n<p>Cristiane Alberti em recente interven\u00e7\u00e3o intitulada \u201cLiberdade de express\u00e3o: a verdade \u00e9 am\u00e1vel?\u201d<a href=\"#_edn1\" name=\"_ednref1\">[i]<\/a> traz importantes contribui\u00e7\u00f5es para pensarmos o tema das XI Jornadas da Se\u00e7\u00e3o S\u00e3o Paulo.<\/p>\n<p>Destacarei um ponto espec\u00edfico de sua explana\u00e7\u00e3o: de que Lacan situou a verdade como um lugar. Trata-se de um lugar necess\u00e1rio, assim como tamb\u00e9m \u00e9 necess\u00e1rio que este lugar esteja vazio, para que possa produzir saber. Essa \u00e9 uma condi\u00e7\u00e3o fundamental para que uma experi\u00eancia anal\u00edtica possa se dar&#8230;[\/vc_column_text][vc_btn title=&#8221;Leia+&#8221; color=&#8221;chino&#8221; link=&#8221;url:https%3A%2F%2Febp.org.br%2Fsp%2Fverdade-um-lugar%2F|title:Editorial%20%2301&#8243;][\/vc_column_inner][\/vc_row_inner][vc_column_text]\n<h4><strong>ATIVIDADES PREPARAT\u00d3RIAS<\/strong><\/h4>\n[\/vc_column_text][vc_row_inner][vc_column_inner width=&#8221;1\/4&#8243;][vc_single_image image=&#8221;6692&#8243; img_size=&#8221;full&#8221;][\/vc_column_inner][vc_column_inner width=&#8221;3\/4&#8243;][vc_column_text]<strong>INTERVEN\u00c7\u00c3O SOBRE O VETOR: \u201cO AMOR \u00c0 VERDADE EM FREUD\u201d<\/strong><\/p>\n<h6><strong>Vel\u00e1ria Ferranti<\/strong><br \/>\n<em>Membro da EBP e da AMP<\/em><\/h6>\n<p>Em 1896, em uma carta endere\u00e7ada a Fliess , encontramos o primeiro modelo do Aparelho Ps\u00edquico. Pareceu-me interessante tom\u00e1-lo tanto no tempo &#8211; j\u00e1 que escrito h\u00e1 mais de um s\u00e9culo-, como por aquilo que escapa ao pr\u00f3prio aparelho: os\u00a0<em>fueros.<\/em>\u00a0J\u00e1 de sa\u00edda, algo falha no maquin\u00e1rio da representa\u00e7\u00e3o. Ao inventar um m\u00e9todo e orientar seus pacientes a falar livremente, Freud busca, naquilo que falha..[\/vc_column_text][vc_btn title=&#8221;Leia+&#8221; color=&#8221;chino&#8221; link=&#8221;url:https%3A%2F%2Febp.org.br%2Fsp%2Fintervencao-sobre-o-vetor-o-amor-a-verdade-em-freud1%2F|title:Editorial%20%2301&#8243;][\/vc_column_inner][\/vc_row_inner][vc_row_inner][vc_column_inner width=&#8221;1\/4&#8243;][vc_single_image image=&#8221;6693&#8243; img_size=&#8221;full&#8221;][\/vc_column_inner][vc_column_inner width=&#8221;3\/4&#8243;][vc_column_text]<strong>INTERVEN\u00c7\u00c3O SOBRE O VETOR: \u201cA VERDADE COMO ESTRUTURA DE FIC\u00c7\u00c3O\u201d<\/strong><\/p>\n<h6><strong>Maria Cec\u00edlia Galletti Ferretti<\/strong><br \/>\n<em>AME, Membro da EBP e da AMP<\/em><\/h6>\n<p>Freud e Lacan, depararam-se, ambos, com a quest\u00e3o da verdade, quest\u00e3o tratada pela filosofia desde os seus prim\u00f3rdios. Marie-H\u00e9l\u00e8ne Brousse, abordando o uso que faz Lacan da filosofia e fazendo notar o quanto Lacan refere-se a ela, afirma que ele \u201cutiliza alguns fil\u00f3sofos de uma maneira que lhe \u00e9 pr\u00f3pria. Depois da descontinuidade radical que Freud produziu no discurso por meio de uma defini\u00e7\u00e3o in\u00e9dit&#8230;[\/vc_column_text][vc_btn title=&#8221;Leia+&#8221; color=&#8221;chino&#8221; link=&#8221;url:https%3A%2F%2Febp.org.br%2Fsp%2Fintervencao-sobre-o-vetor-a-verdade-como-estrutura-de-ficcao1%2F|title:Editorial%20%2301&#8243;][\/vc_column_inner][\/vc_row_inner][vc_column_text]\n<h4><strong>RESSON\u00c2NCIAS DOS EIXOS TEM\u00c1TICOS<\/strong><\/h4>\n[\/vc_column_text][vc_row_inner][vc_column_inner width=&#8221;1\/4&#8243;][vc_single_image image=&#8221;6694&#8243; img_size=&#8221;full&#8221;][\/vc_column_inner][vc_column_inner width=&#8221;3\/4&#8243;][vc_column_text]<strong>O QUE EM NOSSA PR\u00c1TICA TEM SE APRESENTADO COMO PRELIMINAR?<\/strong><\/p>\n<h6><strong>Camila Col\u00e1s<\/strong><br \/>\n<em>Associada ao CLIN-a<\/em><\/h6>\n<p>Nas X Jornadas da EBP-SP \u201cPsican\u00e1lise em Ato\u201d (2021) Anna Arom\u00ed levantou quest\u00f5es importantes em sua confer\u00eancia sobre como entendemos e praticamos as entrevistas preliminares nos tempos de hoje: \u201co m\u00ednimo que podemos dizer das entrevistas preliminares \u00e9 que s\u00e3o o tempo necess\u00e1rio e vari\u00e1vel em cada caso, para que o discurso do inconsciente se estabele\u00e7a e o sintoma se apresente\u201d&#8230;[\/vc_column_text][vc_btn title=&#8221;Leia+&#8221; color=&#8221;chino&#8221; link=&#8221;url:https%3A%2F%2Febp.org.br%2Fsp%2Fo-que-em-nossa-pratica-tem-se-apresentado-como-preliminar1%2F|title:Editorial%20%2301&#8243;][\/vc_column_inner][\/vc_row_inner][vc_row_inner][vc_column_inner width=&#8221;1\/4&#8243;][vc_single_image image=&#8221;6695&#8243; img_size=&#8221;full&#8221;][\/vc_column_inner][vc_column_inner width=&#8221;3\/4&#8243;][vc_column_text]<strong>URG\u00caNCIA E SATISFA\u00c7\u00c3O NAS ENTREVISTAS PRELIMINARES<\/strong><\/p>\n<h6><strong>S\u00edlvia Sato<\/strong><br \/>\n<em>Membro da EBP e da AMP<\/em><\/h6>\n<p>Podemos dizer que ao considerar o empuxo \u00e0 satisfa\u00e7\u00e3o no in\u00edcio do tratamento, \u00e9 preciso repensar o lugar do amor \u00e0 verdade nas entrevistas preliminares?<br \/>\nAlberti retoma Lacan ao dizer que \u201cDar essa satisfa\u00e7\u00e3o \u00e9 a urg\u00eancia que a an\u00e1lise preside\u201d e prop\u00f5e que, desde seu in\u00edcio, a dire\u00e7\u00e3o do tratamento seja orientada pela urg\u00eancia de satisfa\u00e7\u00e3o&#8230;[\/vc_column_text][vc_btn title=&#8221;Leia+&#8221; color=&#8221;chino&#8221; link=&#8221;url:https%3A%2F%2Febp.org.br%2Fsp%2Furgencia-e-satisfacao-nas-entrevistas-preliminares%2F|title:Editorial%20%2301&#8243;][\/vc_column_inner][\/vc_row_inner][vc_row_inner][vc_column_inner width=&#8221;1\/4&#8243;][vc_single_image image=&#8221;6696&#8243; img_size=&#8221;full&#8221;][\/vc_column_inner][vc_column_inner width=&#8221;3\/4&#8243;][vc_column_text]<strong>ANTES DE CONCLUIR, CORTAR<\/strong><\/p>\n<h6><strong>Janaina de Paula Costa Ver\u00edssimo<\/strong><br \/>\n<em>Associada ao CLIN-a<\/em><\/h6>\n<p>Tomo como ponto de partida, para escrever estas breves notas, o Eixo 1 \u2013 O amor \u00e0 verdade e as entrevistas preliminares \u2013 das XI Jornadas da EBP-SP, do qual extrai o seguinte fragmento de Jacques-Allain Miller: \u201c(&#8230;) a verdade \u00e9 intrinsecamente da mesma ess\u00eancia que a mentira\u201d. Mais ainda: \u201co gozo, ou os gozos do corpo falante, por\u00e9m, \u00e9 aquilo que n\u00e3o mente\u201d.[\/vc_column_text][vc_btn title=&#8221;Leia+&#8221; color=&#8221;chino&#8221; link=&#8221;url:https%3A%2F%2Febp.org.br%2Fsp%2Fantes-de-concluir-cortar%2F|title:Editorial%20%2301&#8243;][\/vc_column_inner][\/vc_row_inner][\/vc_column][\/vc_row][vc_row][vc_column][vc_separator border_width=&#8221;2&#8243;][\/vc_column][\/vc_row][vc_row][vc_column][vc_column_text]\n<h3><span style=\"color: #5e4f42;\">REFER\u00caNCIAS BIBLIOGR\u00c1FICAS<\/span><\/h3>\n<h4><strong>UM DIZER: A OBRA COMENTADA<\/strong><\/h4>\n[\/vc_column_text][vc_row_inner][vc_column_inner width=&#8221;1\/4&#8243;][vc_single_image image=&#8221;6697&#8243; img_size=&#8221;full&#8221;][\/vc_column_inner][vc_column_inner width=&#8221;3\/4&#8243;][vc_column_text]<strong>UMA JOIA INTRAMUROS<\/strong><\/p>\n<h6><strong>Maria do Carmo Dias Batista<\/strong><br \/>\n<em>AME, membro da EBP e da AMP<\/em><\/h6>\n<p><em>Estou falando com as paredes\u00a0<\/em>[<em>Je parle sux murs<\/em>] \u00e9 um pequeno livro, \u00faltimo da s\u00e9rie dos pequenos livros\u00a0<em>Paradoxos de Lacan<\/em>, lan\u00e7ada pela Zahar no Brasil entre a primeira e a segunda d\u00e9cada dos anos 2000 e dirigida por Judith e Jacques-Alain Miller.<br \/>\n<em>Estou falando com as paredes<\/em>\u00a0re\u00fane tr\u00eas aulas do Semin\u00e1rio\u00a0<em>O saber do psicanalista<\/em>, proferidas por Lacan na capela do Hospital&#8230;[\/vc_column_text][vc_btn title=&#8221;Leia+&#8221; color=&#8221;chino&#8221; link=&#8221;url:https%3A%2F%2Febp.org.br%2Fsp%2Fuma-joia-intramuros%2F|title:Editorial%20%2301&#8243;][\/vc_column_inner][\/vc_row_inner][vc_row_inner][vc_column_inner width=&#8221;1\/4&#8243;][vc_single_image image=&#8221;6698&#8243; img_size=&#8221;full&#8221;][\/vc_column_inner][vc_column_inner width=&#8221;3\/4&#8243;][vc_column_text]<strong>GIACOMETTI \u2013 IMPLOS\u00c3O DO OLHAR<\/strong><\/p>\n<h6><strong>Fernando Prota<\/strong><br \/>\n<em>Membro da EBP e da AMP<\/em><\/h6>\n<p>O pr\u00f3prio, o particular, da arte moderna do s\u00e9culo XX \u00e9 o profundo questionamento da no\u00e7\u00e3o de representa\u00e7\u00e3o. A partir dessa particularidade, interessa ao psicanalista se deixar tocar pela quest\u00e3o: qual \u00e9 o modo singular, a afirma\u00e7\u00e3o criativa com a qual cada artista responde a algo que o ultrapassa ap\u00f3s essa queda da representa\u00e7\u00e3o?<br \/>\nA resposta que encontramos na obra de Alberto Giacomett&#8230;[\/vc_column_text][vc_btn title=&#8221;Leia+&#8221; color=&#8221;chino&#8221; link=&#8221;url:https%3A%2F%2Febp.org.br%2Fsp%2Fgiacometti-implosao-do-olhar%2F|title:Editorial%20%2301&#8243;][\/vc_column_inner][\/vc_row_inner][vc_column_text]\n<h4><strong>VERBETES E REFER\u00caNCIAS<\/strong><\/h4>\n[\/vc_column_text][vc_row_inner][vc_column_inner width=&#8221;1\/4&#8243;][vc_single_image image=&#8221;6699&#8243; img_size=&#8221;full&#8221;][\/vc_column_inner][vc_column_inner width=&#8221;3\/4&#8243;][vc_column_text]Na inten\u00e7\u00e3o de que o levantamento das refer\u00eancias bibliogr\u00e1ficas sobre o tema\u00a0<em>\u023a\u00a0verdade e o gozo que n\u00e3o mente<\/em>\u00a0n\u00e3o seja apenas uma lista de consulta, esta Comiss\u00e3o de Refer\u00eancias Bibliogr\u00e1ficas prop\u00f5e uma apresenta\u00e7\u00e3o das refer\u00eancias bibliogr\u00e1ficas a partir de verbetes. Isto \u00e9, para cada n\u00famero do Boletim Inter-dito, ofereceremos alguns verbetes (Cl\u00ednico, Epist\u00eamico e\/ou Pol\u00edtico), constru\u00eddos a partir de uma cita\u00e7\u00e3o e seguida de um pequeno texto.[\/vc_column_text][vc_btn title=&#8221;Leia+&#8221; color=&#8221;chino&#8221; link=&#8221;url:https%3A%2F%2Febp.org.br%2Fsp%2Fjornadas%2Fxi-jornadas-%25E2%25B1%25A5-verdade-e-o-gozo-que-nao-mente%2Freferencias-bibliograficas-xi-jornadas%2F|title:Editorial%20%2301&#8243;][\/vc_column_inner][\/vc_row_inner][\/vc_column][\/vc_row][vc_row][vc_column][vc_separator border_width=&#8221;2&#8243;][\/vc_column][\/vc_row][vc_row][vc_column][vc_column_text]\n<h3><span style=\"color: #5e4f42;\">ACONTECE NA CIDADE<\/span><\/h3>\n[\/vc_column_text][vc_row_inner][vc_column_inner width=&#8221;1\/4&#8243;][vc_single_image image=&#8221;6700&#8243; img_size=&#8221;full&#8221;][\/vc_column_inner][vc_column_inner width=&#8221;3\/4&#8243;][vc_column_text]<strong>Comiss\u00e3o de acolhimento<\/strong><\/p>\n<p>A cidade futurista de David Cronenberg, em\u00a0<em>Crimes of the future\u00a0<\/em>(2022), \u00e9 uma cidade de vazios pontuados por algumas performances. Por um lado, uma burocracia estatal nada opressiva, mas curiosamente interessada naquilo que \u00e9 o tema do filme &#8211;\u00a0<em>o que \u00e9 o humano no momento em que estes evoluem para n\u00e3o sentir a dor org\u00e2nica?\u00a0<\/em>Por outro, performances art\u00edsticas nas quais este mist\u00e9rio &#8211;\u00a0<em>o que \u00e9 o humano?&#8230;<\/em>[\/vc_column_text][vc_btn title=&#8221;Leia+&#8221; color=&#8221;chino&#8221; link=&#8221;url:https%3A%2F%2Febp.org.br%2Fsp%2Facontece-na-cidade-2%2F|title:Editorial%20%2301&#8243;][\/vc_column_inner][\/vc_row_inner][\/vc_column][\/vc_row][vc_row][vc_column][vc_separator border_width=&#8221;2&#8243;][\/vc_column][\/vc_row][vc_row][vc_column width=&#8221;1\/2&#8243;][vc_single_image image=&#8221;6544&#8243; img_size=&#8221;full&#8221; alignment=&#8221;center&#8221;][vc_column_text]\n<p style=\"text-align: center;\"><strong>COMISS\u00d5ES<\/strong><\/p>\n[\/vc_column_text][vc_btn title=&#8221;Leia+&#8221; color=&#8221;chino&#8221; align=&#8221;center&#8221; link=&#8221;url:https%3A%2F%2Febp.org.br%2Fsp%2Fjornadas%2Fxi-jornadas-%25e2%25b1%25a5-verdade-e-o-gozo-que-nao-mente%2Fcomissoes-organizadoras-xi-jornadas%2F|title:Editorial%20%2301&#8243;][\/vc_column][vc_column width=&#8221;1\/2&#8243;][vc_single_image image=&#8221;6545&#8243; img_size=&#8221;full&#8221; alignment=&#8221;center&#8221;][vc_column_text]\n<p style=\"text-align: center;\"><strong>INSCRI\u00c7\u00d5ES<\/strong><\/p>\n[\/vc_column_text][vc_btn title=&#8221;Leia+&#8221; color=&#8221;chino&#8221; align=&#8221;center&#8221; link=&#8221;url:https%3A%2F%2Febp.org.br%2Fsp%2Fjornadas%2Fxi-jornadas-%25e2%25b1%25a5-verdade-e-o-gozo-que-nao-mente%2Finscricoes-xi-jornadas%2F|title:Editorial%20%2301&#8243;][\/vc_column][\/vc_row][vc_row][vc_column][vc_separator border_width=&#8221;2&#8243;][\/vc_column][\/vc_row][vc_row][vc_column][vc_single_image image=&#8221;6483&#8243; img_size=&#8221;full&#8221;][\/vc_column][\/vc_row][vc_row][vc_column width=&#8221;1\/2&#8243;][vc_single_image image=&#8221;6484&#8243; img_size=&#8221;full&#8221;][\/vc_column][vc_column width=&#8221;1\/2&#8243;][vc_column_text]\n<h6 style=\"text-align: right;\">Jovita Carneiro de Lima<strong>\u00a0(coordenadora)<\/strong>,<br \/>\nNiraldo de Oliveira Santos<strong>\u00a0(coordenador)\u00a0<\/strong>Andressa Luz,<br \/>\nCynthia Gindro, \u00c9lida Biasoli, Elis\u00e2ngela Miras,<br \/>\nGabriela Malvezzi, Paula Maia, Veridiana Marucio<\/h6>\n[\/vc_column_text][\/vc_column][\/vc_row]\n<\/section>","protected":false},"excerpt":{"rendered":"<p>[vc_row][vc_column][vc_single_image image=&#8221;6482&#8243; img_size=&#8221;full&#8221; alignment=&#8221;center&#8221;][vc_row_inner][vc_column_inner width=&#8221;1\/2&#8243;][vc_column_text] BOLETIM ELETR\u00d4NICO DAS XI Jornadas da EBP &#8211; Se\u00e7\u00e3o S\u00e3o Paulo Local das Jornadas: Meli\u00e1 Paulista \u2013 Av. Paulista, 2181, S\u00e3o Paulo\/SP [\/vc_column_text][\/vc_column_inner][vc_column_inner width=&#8221;1\/2&#8243;][vc_column_text] N\u00ba 3 Agosto de 2022 [\/vc_column_text][\/vc_column_inner][\/vc_row_inner][\/vc_column][\/vc_row][vc_row][vc_column][vc_column_text] EDITORIAL [\/vc_column_text][vc_row_inner][vc_column_inner width=&#8221;1\/4&#8243;][vc_single_image image=&#8221;6688&#8243; img_size=&#8221;full&#8221;][\/vc_column_inner][vc_column_inner width=&#8221;3\/4&#8243;][vc_column_text] Por Niraldo de Oliveira Santos Membro da EBP e da AMP \u00c9 com satisfa\u00e7\u00e3o&hellip;<\/p>\n","protected":false},"author":1,"featured_media":0,"comment_status":"closed","ping_status":"closed","sticky":false,"template":"","format":"standard","meta":{"footnotes":""},"categories":[7],"tags":[],"post_series":[],"class_list":["post-6701","post","type-post","status-publish","format-standard","hentry","category-boletim-inter-dito","entry","no-media"],"aioseo_notices":[],"_links":{"self":[{"href":"https:\/\/ebp.org.br\/sp\/wp-json\/wp\/v2\/posts\/6701","targetHints":{"allow":["GET"]}}],"collection":[{"href":"https:\/\/ebp.org.br\/sp\/wp-json\/wp\/v2\/posts"}],"about":[{"href":"https:\/\/ebp.org.br\/sp\/wp-json\/wp\/v2\/types\/post"}],"author":[{"embeddable":true,"href":"https:\/\/ebp.org.br\/sp\/wp-json\/wp\/v2\/users\/1"}],"replies":[{"embeddable":true,"href":"https:\/\/ebp.org.br\/sp\/wp-json\/wp\/v2\/comments?post=6701"}],"version-history":[{"count":0,"href":"https:\/\/ebp.org.br\/sp\/wp-json\/wp\/v2\/posts\/6701\/revisions"}],"wp:attachment":[{"href":"https:\/\/ebp.org.br\/sp\/wp-json\/wp\/v2\/media?parent=6701"}],"wp:term":[{"taxonomy":"category","embeddable":true,"href":"https:\/\/ebp.org.br\/sp\/wp-json\/wp\/v2\/categories?post=6701"},{"taxonomy":"post_tag","embeddable":true,"href":"https:\/\/ebp.org.br\/sp\/wp-json\/wp\/v2\/tags?post=6701"},{"taxonomy":"post_series","embeddable":true,"href":"https:\/\/ebp.org.br\/sp\/wp-json\/wp\/v2\/post_series?post=6701"}],"curies":[{"name":"wp","href":"https:\/\/api.w.org\/{rel}","templated":true}]}}