{"id":6535,"date":"2022-07-26T06:42:06","date_gmt":"2022-07-26T09:42:06","guid":{"rendered":"https:\/\/ebp.org.br\/sp\/?p=6535"},"modified":"2022-07-26T06:42:06","modified_gmt":"2022-07-26T09:42:06","slug":"boletim-inter-dito-02","status":"publish","type":"post","link":"https:\/\/ebp.org.br\/sp\/boletim-inter-dito-02\/","title":{"rendered":"Boletim Inter-dito #02"},"content":{"rendered":"<section class=\"wpb-content-wrapper\">[vc_row][vc_column][vc_single_image image=&#8221;6482&#8243; img_size=&#8221;full&#8221; alignment=&#8221;center&#8221;][vc_row_inner][vc_column_inner width=&#8221;1\/2&#8243;][vc_column_text]\n<h5><strong>BOLETIM ELETR\u00d4NICO DAS XI Jornadas da EBP &#8211; Se\u00e7\u00e3o S\u00e3o Paulo<\/strong><br \/>\nLocal das Jornadas: Meli\u00e1 Paulista \u2013 Av. Paulista, 2181, S\u00e3o Paulo\/SP<\/h5>\n[\/vc_column_text][\/vc_column_inner][vc_column_inner width=&#8221;1\/2&#8243;][vc_column_text]\n<h5 style=\"text-align: right;\"><strong>N\u00ba 2<br \/>\nJulho de 2022<\/strong><\/h5>\n[\/vc_column_text][\/vc_column_inner][\/vc_row_inner][\/vc_column][\/vc_row][vc_row][vc_column][vc_column_text]\n<h3><span style=\"color: #5e4f42;\">EDITORIAL<\/span><\/h3>\n[\/vc_column_text][vc_row_inner][vc_column_inner width=&#8221;1\/4&#8243;][vc_single_image image=&#8221;6533&#8243; img_size=&#8221;full&#8221;][\/vc_column_inner][vc_column_inner width=&#8221;3\/4&#8243;][vc_column_text]\n<h6><strong>Veridiana Marucio<\/strong><br \/>\n<em>Membro da EBP-AMP<\/em><\/h6>\n<p>S\u00e3o diversos os momentos no percurso de Lacan em que ele se dirige aos jovens. Poder\u00edamos at\u00e9 nos perguntar se todo o seu ensino n\u00e3o foi inicialmente dirigido aos jovens, preocupado como ele se manifestava com o futuro da psican\u00e1lise.<\/p>\n<p>Para ele, o que constitui a juventude \u00e9 a rela\u00e7\u00e3o com o saber, muito mais do que a idade. De fato, nenhum sinal de uma fantasmatizac\u00e3o da juventude em Lacan. Seguindo suas palavras, o momento da juventude se refere a um despertar, a isso que faz furo no saber. Talvez pud\u00e9ssemos dizer que ele se dirige aos jovens, um a um.[\/vc_column_text][vc_btn title=&#8221;Leia+&#8221; color=&#8221;chino&#8221; link=&#8221;url:https%3A%2F%2Febp.org.br%2Fsp%2Feditorial-02%2F|title:Editorial%20%2301&#8243;][\/vc_column_inner][\/vc_row_inner][\/vc_column][\/vc_row][vc_row][vc_column][vc_separator border_width=&#8221;2&#8243;][\/vc_column][\/vc_row][vc_row][vc_column][vc_column_text]\n<h3><strong>VARIDADES<\/strong><\/h3>\n[\/vc_column_text][vc_row_inner][vc_column_inner width=&#8221;1\/4&#8243;][vc_single_image image=&#8221;6554&#8243; img_size=&#8221;full&#8221;][\/vc_column_inner][vc_column_inner width=&#8221;3\/4&#8243;][vc_column_text]<strong>Verdade e real em Jo\u00e3o Guimar\u00e3es Rosa<\/strong><\/p>\n<h6><strong>Elisangela Miras<\/strong><em><br \/>\nPsic\u00f3loga, psicanalista, mestre em comunica\u00e7\u00e3o em semi\u00f3tica PUC-SP.<\/em><\/h6>\n<p>Na novela\u00a0<em>Em conversa de bois<\/em>, que se encontra em\u00a0<em>Sagarana<\/em>\u00a0de Jo\u00e3o Guimar\u00e3es Rosa, o personagem Manuel Timborna afirma que \u00e9 certo e indiscut\u00edvel que os bois conversam entre si e com os homens, e isto, se comprova nos livros das fadas carochas.<\/p>\n<p>Rosa o descreve da seguinte maneira: \u201cManuel Timborna, que, em vez de ca\u00e7ar servi\u00e7o para fazer, vive falando inven\u00e7\u00f5es&#8230;[\/vc_column_text][vc_btn title=&#8221;Leia+&#8221; color=&#8221;chino&#8221; link=&#8221;url:https%3A%2F%2Febp.org.br%2Fsp%2Fverdade-e-real-em-joao-guimaraes-rosa%2F|title:Editorial%20%2301&#8243;][\/vc_column_inner][\/vc_row_inner][vc_row_inner][vc_column_inner width=&#8221;1\/4&#8243;][vc_single_image image=&#8221;6541&#8243; img_size=&#8221;full&#8221;][\/vc_column_inner][vc_column_inner width=&#8221;3\/4&#8243;][vc_column_text]<strong>Verdade, de um lugar (a) Outro<\/strong><\/p>\n<h6><strong>Paula Maia Peixoto Camargo<br \/>\n<\/strong><em>Psicanalista, Integrante da Comiss\u00e3o de Boletim<\/em><\/h6>\n<p>\u00c9 preciso partir de algum lugar, sobretudo quando \u00e9 a verdade que est\u00e1 em causa nas XI Jornadas da EBP Se\u00e7\u00e3o-SP. Ao fazer ressoar o que est\u00e1 em quest\u00e3o no tema\u00a0<em>\u023a Verdade e o Gozo que n\u00e3o mente,<\/em>\u00a0deparamo-nos com um problema que se estabelece na condi\u00e7\u00e3o pr\u00f3pria e inerente \u00e0 verdade: a de que, como diz Lacan, n\u00e3o \u00e9 poss\u00edvel diz\u00ea-la toda. \u00c9 exatamente nesse ponto que se fundamenta o que se desloca da discuss\u00e3o&#8230;[\/vc_column_text][vc_btn title=&#8221;Leia+&#8221; color=&#8221;chino&#8221; link=&#8221;url:https%3A%2F%2Febp.org.br%2Fsp%2Fverdade-de-um-lugar-a-outro%2F|title:Editorial%20%2301&#8243;][\/vc_column_inner][\/vc_row_inner][vc_row_inner][vc_column_inner width=&#8221;1\/4&#8243;][vc_single_image image=&#8221;6539&#8243; img_size=&#8221;full&#8221;][\/vc_column_inner][vc_column_inner width=&#8221;3\/4&#8243;][vc_column_text]<strong>O truque do sonho<\/strong><\/p>\n<h6><strong>Cynthia Gon\u00e7alves Gindro<br \/>\n<\/strong><em>Associada ao CLIN-a<\/em><\/h6>\n<p>Como no sonho, a interpreta\u00e7\u00e3o n\u00e3o trata de entender o que se quer dizer, mas sim, de um texto. Como diz Jacques Lacan no Semin\u00e1rio\u00a0<em>mais, ainda<\/em>: \u201cUm sonho, isso n\u00e3o introduz a nenhuma experi\u00eancia insond\u00e1vel, a nenhuma m\u00edstica, isso se l\u00ea do que dele se diz, e que se poder\u00e1 ir mais longe ao tomar seus equ\u00edvocos no sentido mais anagram\u00e1tico do termo\u201d.<br \/>\nO que do sonho n\u00e3o pode ser todo, e se diz nas entrelinhas&#8230;[\/vc_column_text][vc_btn title=&#8221;Leia+&#8221; color=&#8221;chino&#8221; link=&#8221;url:https%3A%2F%2Febp.org.br%2Fsp%2Fo-truque-do-sonho%2F|title:Editorial%20%2301&#8243;][\/vc_column_inner][\/vc_row_inner][vc_row_inner][vc_column_inner width=&#8221;1\/4&#8243;][vc_single_image image=&#8221;6538&#8243; img_size=&#8221;full&#8221;][\/vc_column_inner][vc_column_inner width=&#8221;3\/4&#8243;][vc_column_text]<strong>De uma mentira ver\u00eddica \u00e0 verdade mentirosa<\/strong><\/p>\n<h6><strong>Andressa Cont\u00f3 Luz<br \/>\n<\/strong><em>Associada ao CLIN-a<\/em><\/h6>\n<p>Diante da oportunidade de contribuir para este boletim das XI Jornadas da EBP\/SP\u00a0\u023a\u00a0verdade e o gozo que n\u00e3o mente\u201d, determinei a \u201csatisfa\u00e7\u00e3o que marca o fim da an\u00e1lise\u201dcomo ponto de partida deste trabalho. \u00c9 o que me faz quest\u00e3o, pois \u00e9 este o ponto do qual se verifica o limite de uma certa ilus\u00e3o da verdade que se fez presente durante todo o percurso da an\u00e1lise.<br \/>\nPara tanto, busquei algumas passagens de Lacan e de Miller, onde pude localizar refer\u00eancias concernentes ao tema da verdade, para contextualizar a minha quest\u00e3o a seguir:[\/vc_column_text][vc_btn title=&#8221;Leia+&#8221; color=&#8221;chino&#8221; link=&#8221;url:https%3A%2F%2Febp.org.br%2Fsp%2Fde-uma-mentira-veridica-a-verdade-mentirosa%2F|title:Editorial%20%2301&#8243;][\/vc_column_inner][\/vc_row_inner][vc_row_inner][vc_column_inner width=&#8221;1\/4&#8243;][vc_single_image image=&#8221;6537&#8243; img_size=&#8221;full&#8221;][\/vc_column_inner][vc_column_inner width=&#8221;3\/4&#8243;][vc_column_text]<strong>Sens\u00edvel \u00e0 palavra<\/strong><\/p>\n<h6><strong>\u00c9lida Biasol<br \/>\n<\/strong><em>Psicanalista, Associada ao CLIN-a<\/em><\/h6>\n<p>Eu ainda era estudante de psicologia. Estava fazendo um est\u00e1gio em que atendia uma crian\u00e7a psic\u00f3tica 3 vezes por semana. Desde l\u00e1, j\u00e1 era muito envolvida pela psican\u00e1lise, mas naquela \u00e9poca, a orienta\u00e7\u00e3o que seguia era da escola inglesa. A diretriz era a de que o analista, munido de uma hist\u00f3ria familiar pr\u00e9via traduzida na linguagem da psican\u00e1lise, lan\u00e7asse suas hip\u00f3teses ao paciente&#8230;[\/vc_column_text][vc_btn title=&#8221;Leia+&#8221; color=&#8221;chino&#8221; link=&#8221;url:https%3A%2F%2Febp.org.br%2Fsp%2Fsensivel-a-palavra%2F|title:Editorial%20%2301&#8243;][\/vc_column_inner][\/vc_row_inner][\/vc_column][\/vc_row][vc_row][vc_column][vc_separator border_width=&#8221;2&#8243;][\/vc_column][\/vc_row][vc_row][vc_column][vc_column_text]\n<h3><span style=\"color: #5e4f42;\">REFER\u00caNCIAS BIBLIOGR\u00c1FICAS<\/span><\/h3>\n[\/vc_column_text][vc_row_inner][vc_column_inner width=&#8221;1\/4&#8243;][vc_single_image image=&#8221;6456&#8243; img_size=&#8221;full&#8221;][\/vc_column_inner][vc_column_inner width=&#8221;3\/4&#8243;][vc_column_text]Na inten\u00e7\u00e3o de que o levantamento das refer\u00eancias bibliogr\u00e1ficas sobre o tema\u00a0<em>\u023a\u00a0verdade e o gozo que n\u00e3o mente<\/em>\u00a0n\u00e3o seja apenas uma lista de consulta, esta Comiss\u00e3o de Refer\u00eancias Bibliogr\u00e1ficas prop\u00f5e uma apresenta\u00e7\u00e3o das refer\u00eancias bibliogr\u00e1ficas a partir de verbetes. Isto \u00e9, para cada n\u00famero do Boletim Inter-dito, ofereceremos alguns verbetes (Cl\u00ednico, Epist\u00eamico e\/ou Pol\u00edtico), constru\u00eddos a partir de uma cita\u00e7\u00e3o e seguida de um pequeno texto.<\/p>\n<p>A articula\u00e7\u00e3o cita\u00e7\u00e3o-verbete \u00e9 uma tentativa de introduzir nesta rubrica do Boletim, mas tamb\u00e9m nas m\u00eddias, algo do j\u00e1 escrito que toque o tema das XI Jornadas da EBP-SP, com uma leitura\/escrita breve do respons\u00e1vel por apresentar essa articula\u00e7\u00e3o. Visamos com isso levar o leitor diretamente aos textos. Este trabalho ser\u00e1 feito pelos integrantes da Comiss\u00e3o de Refer\u00eancias Bibliogr\u00e1ficas e livraria.[\/vc_column_text][vc_btn title=&#8221;Leia+&#8221; color=&#8221;chino&#8221; link=&#8221;url:https%3A%2F%2Febp.org.br%2Fsp%2Fjornadas%2Fxi-jornadas-%25e2%25b1%25a5-verdade-e-o-gozo-que-nao-mente%2Freferencias-bibliograficas-xi-jornadas%2F|title:Editorial%20%2301&#8243;][\/vc_column_inner][\/vc_row_inner][\/vc_column][\/vc_row][vc_row][vc_column][vc_separator border_width=&#8221;2&#8243;][\/vc_column][\/vc_row][vc_row][vc_column][vc_column_text]\n<h3><span style=\"color: #5e4f42;\">CART\u00c9IS<\/span><\/h3>\n[\/vc_column_text][vc_row_inner][vc_column_inner width=&#8221;1\/4&#8243;][vc_single_image image=&#8221;6457&#8243; img_size=&#8221;full&#8221;][\/vc_column_inner][vc_column_inner width=&#8221;3\/4&#8243;][vc_column_text]\n<h6><strong>Gustavo Oliveira Menezes<\/strong><br \/>\n<em>Membro da EBP e da AMP<br \/>\nDiretor de cart\u00e9is e interc\u00e2mbio da EBP-SP<\/em><\/h6>\n<p>\u00d3rg\u00e3o de base da Escola, o dispositivo de cartel \u00e9 fundamental para manter sua l\u00f3gica de funcionamento, assim como fazer circular a transfer\u00eancia de trabalho. \u00c9 tamb\u00e9m o espa\u00e7o privilegiado para as produ\u00e7\u00f5es epist\u00eamicas e que ir\u00e3o contribuir para animar nosso evento.<br \/>\nPara estas XI Jornadas da EBP-SP, a diretoria incentiva a forma\u00e7\u00e3o destes pequenos grupos em torno do tema proposto \u2013\u00a0\u023a\u00a0Verdade e o gozo que n\u00e3o mente \u2013, assim como dos eixos tem\u00e1ticos.[\/vc_column_text][vc_btn title=&#8221;Leia+&#8221; color=&#8221;chino&#8221; link=&#8221;url:https%3A%2F%2Febp.org.br%2Fsp%2Fjornadas%2Fxi-jornadas-%25e2%25b1%25a5-verdade-e-o-gozo-que-nao-mente%2Fcarteis-xi-jornadas%2F|title:Editorial%20%2301&#8243;][\/vc_column_inner][\/vc_row_inner][\/vc_column][\/vc_row][vc_row][vc_column][vc_separator border_width=&#8221;2&#8243;][\/vc_column][\/vc_row][vc_row][vc_column][vc_column_text]\n<h3><span style=\"color: #5e4f42;\">ACONTECE NA CIDADE<\/span><\/h3>\n[\/vc_column_text][vc_row_inner][vc_column_inner width=&#8221;1\/4&#8243;][vc_single_image image=&#8221;6536&#8243; img_size=&#8221;full&#8221;][\/vc_column_inner][vc_column_inner width=&#8221;3\/4&#8243;][vc_column_text]<strong>Comiss\u00e3o de acolhimento<\/strong><\/p>\n<p>A Pinacoteca de S\u00e3o Paulo empresta seu espa\u00e7o \u00e0 exposi\u00e7\u00e3o de\u00a0<strong>Adriana Varej\u00e3o:<\/strong>\u00a0<strong>Suturas, fissuras, ru\u00ednas<\/strong>. Trata-se de uma abordagem panor\u00e2mica e in\u00e9dita da trajet\u00f3ria da artista, com mais de sessenta obras produzidas entre 1985 at\u00e9 2022.<\/p>\n<p>Os azulejos barrocos s\u00e3o a marca pela qual Adriana Varej\u00e3o \u00e9 conhecida mundialmente.[\/vc_column_text][vc_btn title=&#8221;Leia+&#8221; color=&#8221;chino&#8221; link=&#8221;url:https%3A%2F%2Febp.org.br%2Fsp%2Facontece-na-cidade%2F|title:Editorial%20%2301&#8243;][\/vc_column_inner][\/vc_row_inner][\/vc_column][\/vc_row][vc_row][vc_column][vc_separator border_width=&#8221;2&#8243;][\/vc_column][\/vc_row][vc_row][vc_column width=&#8221;1\/2&#8243;][vc_single_image image=&#8221;6544&#8243; img_size=&#8221;full&#8221; alignment=&#8221;center&#8221;][vc_column_text]\n<p style=\"text-align: center;\"><strong>COMISS\u00d5ES<\/strong><\/p>\n[\/vc_column_text][vc_btn title=&#8221;Leia+&#8221; color=&#8221;chino&#8221; align=&#8221;center&#8221; link=&#8221;url:https%3A%2F%2Febp.org.br%2Fsp%2Fjornadas%2Fxi-jornadas-%25e2%25b1%25a5-verdade-e-o-gozo-que-nao-mente%2Fcomissoes-organizadoras-xi-jornadas%2F|title:Editorial%20%2301&#8243;][\/vc_column][vc_column width=&#8221;1\/2&#8243;][vc_single_image image=&#8221;6545&#8243; img_size=&#8221;full&#8221; alignment=&#8221;center&#8221;][vc_column_text]\n<p style=\"text-align: center;\"><strong>INSCRI\u00c7\u00d5ES<\/strong><\/p>\n[\/vc_column_text][vc_btn title=&#8221;Leia+&#8221; color=&#8221;chino&#8221; align=&#8221;center&#8221; link=&#8221;url:https%3A%2F%2Febp.org.br%2Fsp%2Fjornadas%2Fxi-jornadas-%25e2%25b1%25a5-verdade-e-o-gozo-que-nao-mente%2Finscricoes-xi-jornadas%2F|title:Editorial%20%2301&#8243;][\/vc_column][\/vc_row][vc_row][vc_column][vc_separator border_width=&#8221;2&#8243;][\/vc_column][\/vc_row][vc_row][vc_column][vc_single_image image=&#8221;6483&#8243; img_size=&#8221;full&#8221;][\/vc_column][\/vc_row][vc_row][vc_column width=&#8221;1\/2&#8243;][vc_single_image image=&#8221;6484&#8243; img_size=&#8221;full&#8221;][\/vc_column][vc_column width=&#8221;1\/2&#8243;][vc_column_text]\n<h6 style=\"text-align: right;\">Jovita Carneiro de Lima<strong>\u00a0(coordenadora)<\/strong>,<br \/>\nNiraldo de Oliveira Santos<strong>\u00a0(coordenador)\u00a0<\/strong>Andressa Luz,<br \/>\nCynthia Gindro, \u00c9lida Biasoli, Elis\u00e2ngela Miras,<br \/>\nGabriela Malvezzi, Paula Maia, Veridiana Marucio<\/h6>\n[\/vc_column_text][\/vc_column][\/vc_row]\n<\/section>","protected":false},"excerpt":{"rendered":"<p>[vc_row][vc_column][vc_single_image image=&#8221;6482&#8243; img_size=&#8221;full&#8221; alignment=&#8221;center&#8221;][vc_row_inner][vc_column_inner width=&#8221;1\/2&#8243;][vc_column_text] BOLETIM ELETR\u00d4NICO DAS XI Jornadas da EBP &#8211; Se\u00e7\u00e3o S\u00e3o Paulo Local das Jornadas: Meli\u00e1 Paulista \u2013 Av. Paulista, 2181, S\u00e3o Paulo\/SP [\/vc_column_text][\/vc_column_inner][vc_column_inner width=&#8221;1\/2&#8243;][vc_column_text] N\u00ba 2 Julho de 2022 [\/vc_column_text][\/vc_column_inner][\/vc_row_inner][\/vc_column][\/vc_row][vc_row][vc_column][vc_column_text] EDITORIAL [\/vc_column_text][vc_row_inner][vc_column_inner width=&#8221;1\/4&#8243;][vc_single_image image=&#8221;6533&#8243; img_size=&#8221;full&#8221;][\/vc_column_inner][vc_column_inner width=&#8221;3\/4&#8243;][vc_column_text] Veridiana Marucio Membro da EBP-AMP S\u00e3o diversos os momentos no percurso de Lacan em&hellip;<\/p>\n","protected":false},"author":1,"featured_media":0,"comment_status":"closed","ping_status":"closed","sticky":false,"template":"","format":"standard","meta":{"footnotes":""},"categories":[7],"tags":[],"post_series":[],"class_list":["post-6535","post","type-post","status-publish","format-standard","hentry","category-boletim-inter-dito","entry","no-media"],"aioseo_notices":[],"_links":{"self":[{"href":"https:\/\/ebp.org.br\/sp\/wp-json\/wp\/v2\/posts\/6535","targetHints":{"allow":["GET"]}}],"collection":[{"href":"https:\/\/ebp.org.br\/sp\/wp-json\/wp\/v2\/posts"}],"about":[{"href":"https:\/\/ebp.org.br\/sp\/wp-json\/wp\/v2\/types\/post"}],"author":[{"embeddable":true,"href":"https:\/\/ebp.org.br\/sp\/wp-json\/wp\/v2\/users\/1"}],"replies":[{"embeddable":true,"href":"https:\/\/ebp.org.br\/sp\/wp-json\/wp\/v2\/comments?post=6535"}],"version-history":[{"count":0,"href":"https:\/\/ebp.org.br\/sp\/wp-json\/wp\/v2\/posts\/6535\/revisions"}],"wp:attachment":[{"href":"https:\/\/ebp.org.br\/sp\/wp-json\/wp\/v2\/media?parent=6535"}],"wp:term":[{"taxonomy":"category","embeddable":true,"href":"https:\/\/ebp.org.br\/sp\/wp-json\/wp\/v2\/categories?post=6535"},{"taxonomy":"post_tag","embeddable":true,"href":"https:\/\/ebp.org.br\/sp\/wp-json\/wp\/v2\/tags?post=6535"},{"taxonomy":"post_series","embeddable":true,"href":"https:\/\/ebp.org.br\/sp\/wp-json\/wp\/v2\/post_series?post=6535"}],"curies":[{"name":"wp","href":"https:\/\/api.w.org\/{rel}","templated":true}]}}