{"id":6461,"date":"2022-06-26T09:12:44","date_gmt":"2022-06-26T12:12:44","guid":{"rendered":"https:\/\/ebp.org.br\/sp\/?p=6461"},"modified":"2022-06-26T09:12:44","modified_gmt":"2022-06-26T12:12:44","slug":"editorial-01","status":"publish","type":"post","link":"https:\/\/ebp.org.br\/sp\/editorial-01\/","title":{"rendered":"Editorial #01"},"content":{"rendered":"<section class=\"wpb-content-wrapper\">[vc_row][vc_column][vc_single_image image=&#8221;6423&#8243; img_size=&#8221;full&#8221;][\/vc_column][\/vc_row][vc_row][vc_column][vc_column_text]<strong>EDITORIAL \u2013 BOLETIM INTER-DITO #1<\/strong><\/p>\n<p><strong>Jovita Carneiro de Lima<\/strong><\/p>\n<p>Membro da EBP e da AMP<\/p>\n<figure id=\"attachment_6462\" aria-describedby=\"caption-attachment-6462\" style=\"width: 300px\" class=\"wp-caption alignright\"><img loading=\"lazy\" decoding=\"async\" class=\"size-medium wp-image-6462\" src=\"https:\/\/ebp.org.br\/new\/sp\/wp-content\/uploads\/2022\/06\/boletim01_000-1-300x265.jpg\" alt=\"\" width=\"300\" height=\"265\" srcset=\"https:\/\/ebp.org.br\/sp\/wp-content\/uploads\/2022\/06\/boletim01_000-1-300x265.jpg 300w, https:\/\/ebp.org.br\/sp\/wp-content\/uploads\/2022\/06\/boletim01_000-1.jpg 650w\" sizes=\"auto, (max-width: 300px) 100vw, 300px\" \/><figcaption id=\"caption-attachment-6462\" class=\"wp-caption-text\">Imagem: Instagram @contemporary_art<\/figcaption><\/figure>\n<p>Est\u00e1 no ar o primeiro boletim Inter-dito, nome inspirado pelo tema das XI Jornadas, que j\u00e1 nos colocou a trabalho. Era preciso encontrar um nome que estivesse \u00e0 altura de um tema t\u00e3o complexo e caro para a psican\u00e1lise de orienta\u00e7\u00e3o lacaniana.<\/p>\n<p>Inter-dito, o dito que se l\u00ea entre palavras, entre linhas. O que se pode aceder do saber imposs\u00edvel por estrutura. Trata-se de circunscrever o que pode ser dito de verdadeiro sobre o que \u00e9 para cada um esse encontro com um certo n\u00e3o-saber-fazer com o real.<\/p>\n<p>Alessandra Pecego, Diretora da EBP-SP, diz sobre o fio que enla\u00e7a o tema das XI Jornadas <em>\u023a verdade e o gozo que n\u00e3o mente<\/em>, ao das X Jornadas <em>Psican\u00e1lise em ato<\/em>, ao lan\u00e7ar as seguintes quest\u00f5es: \u201cSe no in\u00edcio de uma an\u00e1lise a quest\u00e3o da verdade se coloca necessariamente e, ao final, depreende-se a verdade mentirosa, o estatuto da verdade segue sendo um orientador cl\u00ednico. Como podemos problematizar esse orientador a partir do que avan\u00e7amos em rela\u00e7\u00e3o \u00e0 cl\u00ednica do real e do gozo? H\u00e1 algo a ser atualizado ou renovado, para usar o termo de Miller, em rela\u00e7\u00e3o \u00e0 dimens\u00e3o da verdade, a partir da nossa pr\u00e1tica na cl\u00ednica do falasser\u201d?<\/p>\n<p>Milena Vicari Crastelo, Coordenadora geral das Jornadas, ressalta que o tema de trabalho proposto faz o enlace de duas dimens\u00f5es: cl\u00ednica e pol\u00edtica e a partir da\u00ed, convoca a nossa comunidade a responder, mais ainda, ao que se apresenta como impasses da civiliza\u00e7\u00e3o sob a forma do empuxo ao gozo. Lembra que a psican\u00e1lise \u00e9 guardi\u00e3 da singularidade e \u00e9 dando consequ\u00eancias a isso que pode seguir como uma alternativa viva para o tratamento do mal-estar no s\u00e9culo XXI.<\/p>\n<p>Neste Boletim, o leitor tem acesso tamb\u00e9m ao argumento, produzido por uma comiss\u00e3o coordenada por Angelina Harari, que ao apostar na novidade, orienta e convoca ao trabalho a partir da pr\u00f3pria escrita do texto. A estrutura preserva o estilo de cada um, na apresenta\u00e7\u00e3o de um percurso que ressalta o parentesco entre a verdade e o gozo ao longo da obra de Freud e do ensino de Lacan. Parte do amor \u00e0 verdade, marca da entrada da psican\u00e1lise no mundo com Freud, passa pelo regime da verdade vari\u00e1vel, que livre das paix\u00f5es \u00e9 inscrita em uma proposi\u00e7\u00e3o l\u00f3gica, e segue para, no final, em conson\u00e2ncia com a mudan\u00e7a de estatuto do inconsciente, extrair em Lacan o sintagma \u201cverdade mentirosa\u201d, que \u00e9 o testemunho da alian\u00e7a da verdade com a mentira.<\/p>\n<p>O texto do argumento prop\u00f5e v\u00e1rias quest\u00f5es que nos servir\u00e3o de ponto de partida para o trabalho, dentre as quais extra\u00edmos as que se seguem: Qual a verdade em jogo na experi\u00eancia anal\u00edtica, uma vez que a verdade \u00e9 vari\u00e1vel e a busca de sentido n\u00e3o tem fim, embora o seu fim s\u00f3 possa ser a mentira? No regime da verdade mentirosa, como se articulam verdade e o gozo que n\u00e3o mente?<\/p>\n<p>Finalmente, lan\u00e7amos o convite para a leitura deste primeiro boletim, com os votos de que cada um possa se inspirar a dar testemunho dessa tecitura que \u00e9 a experi\u00eancia de uma an\u00e1lise, onde se l\u00ea entre-linhas, entre-palavras, inter-ditos, o que se escreve e se reescreve dos destinos de uma vida, na \u00e9poca que nos cabe viver.<\/p>\n<p>Boa leitura![\/vc_column_text][\/vc_column][\/vc_row]\n<\/section>","protected":false},"excerpt":{"rendered":"<p>[vc_row][vc_column][vc_single_image image=&#8221;6423&#8243; img_size=&#8221;full&#8221;][\/vc_column][\/vc_row][vc_row][vc_column][vc_column_text]EDITORIAL \u2013 BOLETIM INTER-DITO #1 Jovita Carneiro de Lima Membro da EBP e da AMP Est\u00e1 no ar o primeiro boletim Inter-dito, nome inspirado pelo tema das XI Jornadas, que j\u00e1 nos colocou a trabalho. Era preciso encontrar um nome que estivesse \u00e0 altura de um tema t\u00e3o complexo e caro para a&hellip;<\/p>\n","protected":false},"author":1,"featured_media":0,"comment_status":"closed","ping_status":"closed","sticky":false,"template":"","format":"standard","meta":{"footnotes":""},"categories":[7],"tags":[],"post_series":[],"class_list":["post-6461","post","type-post","status-publish","format-standard","hentry","category-boletim-inter-dito","entry","no-media"],"aioseo_notices":[],"_links":{"self":[{"href":"https:\/\/ebp.org.br\/sp\/wp-json\/wp\/v2\/posts\/6461","targetHints":{"allow":["GET"]}}],"collection":[{"href":"https:\/\/ebp.org.br\/sp\/wp-json\/wp\/v2\/posts"}],"about":[{"href":"https:\/\/ebp.org.br\/sp\/wp-json\/wp\/v2\/types\/post"}],"author":[{"embeddable":true,"href":"https:\/\/ebp.org.br\/sp\/wp-json\/wp\/v2\/users\/1"}],"replies":[{"embeddable":true,"href":"https:\/\/ebp.org.br\/sp\/wp-json\/wp\/v2\/comments?post=6461"}],"version-history":[{"count":0,"href":"https:\/\/ebp.org.br\/sp\/wp-json\/wp\/v2\/posts\/6461\/revisions"}],"wp:attachment":[{"href":"https:\/\/ebp.org.br\/sp\/wp-json\/wp\/v2\/media?parent=6461"}],"wp:term":[{"taxonomy":"category","embeddable":true,"href":"https:\/\/ebp.org.br\/sp\/wp-json\/wp\/v2\/categories?post=6461"},{"taxonomy":"post_tag","embeddable":true,"href":"https:\/\/ebp.org.br\/sp\/wp-json\/wp\/v2\/tags?post=6461"},{"taxonomy":"post_series","embeddable":true,"href":"https:\/\/ebp.org.br\/sp\/wp-json\/wp\/v2\/post_series?post=6461"}],"curies":[{"name":"wp","href":"https:\/\/api.w.org\/{rel}","templated":true}]}}