{"id":6175,"date":"2021-10-27T16:41:54","date_gmt":"2021-10-27T19:41:54","guid":{"rendered":"https:\/\/ebp.org.br\/sp\/?p=6175"},"modified":"2021-10-27T16:41:54","modified_gmt":"2021-10-27T19:41:54","slug":"conexoes-com-a-cidade-3","status":"publish","type":"post","link":"https:\/\/ebp.org.br\/sp\/conexoes-com-a-cidade-3\/","title":{"rendered":"Conex\u00f5es com a Cidade"},"content":{"rendered":"<h3><span style=\"color: #993300;\"><strong>45\u00aa MOSTRA INTERNACIONAL DE CINEMA<\/strong><\/span><\/h3>\n<figure id=\"attachment_6179\" aria-describedby=\"caption-attachment-6179\" style=\"width: 589px\" class=\"wp-caption alignnone\"><img loading=\"lazy\" decoding=\"async\" class=\"wp-image-6179 size-full\" src=\"https:\/\/ebp.org.br\/new\/sp\/wp-content\/uploads\/2021\/10\/travessias_005_009_001-1.png\" alt=\"\" width=\"589\" height=\"399\" srcset=\"https:\/\/ebp.org.br\/sp\/wp-content\/uploads\/2021\/10\/travessias_005_009_001-1.png 589w, https:\/\/ebp.org.br\/sp\/wp-content\/uploads\/2021\/10\/travessias_005_009_001-1-300x203.png 300w\" sizes=\"auto, (max-width: 589px) 100vw, 589px\" \/><figcaption id=\"caption-attachment-6179\" class=\"wp-caption-text\">Imagem: Instagram #45mostrainternacionaldecinemadesp<\/figcaption><\/figure>\n<p>A<strong>\u00a0<\/strong>tradicional <strong>Mostra Internacional de Cinema em S\u00e3o Paulo<\/strong>\u00a0est\u00e1 em sua 45\u00aa edi\u00e7\u00e3o e acontece dos dias 21\/10\/2021 ao 03\/11\/2021. A Mostra este ano vem com uma programa\u00e7\u00e3o repleta de\u00a0<a href=\"https:\/\/45.mostra.org\/filmes?tags=filmes%20premiados\">filmes premiados<\/a>\u00a0nos festivais internacionais do mundo, apresentando tend\u00eancias, tem\u00e1ticas, narrativas e est\u00e9ticas do cinema contempor\u00e2neo.<\/p>\n<p>A\u00a0programa\u00e7\u00e3o da <strong>Mostra<\/strong> conta com 264 filmes de mais de cinquenta pa\u00edses, divididos em se\u00e7\u00f5es: <em>Perspectiva Internacional, Competi\u00e7\u00e3o Novos Diretores, Mostra Brasil, Apresenta\u00e7\u00e3o Especial e Retrospectiva Paulo Rocha<\/em>. Tamb\u00e9m exibir\u00e1 o vencedor da Palma de Ouro no Festival de Cannes,\u00a0<a href=\"https:\/\/45.mostra.org\/filmes\/titane\"><strong>Titane<\/strong><\/a>, dirigido por Julia Ducournau, diretora francesa.<\/p>\n<p>Destaque da Mostra Brasil para o filme <em>Deserto particular<\/em>, de Aly Muritiba o representante do Brasil no Oscar 2022.<\/p>\n<p>O cartaz da divulga\u00e7\u00e3o da 45\u00aa Mostra tem a assinatura do cartunista Ziraldo.<\/p>\n<p>Os filmes da Mostra poder\u00e3o ser vistos nos cinemas da cidade, mas mant\u00e9m parte da programa\u00e7\u00e3o on-line para todo Brasil.<\/p>\n<p>Saiba mais: <a href=\"https:\/\/45.mostra.org\/programacao\/\">45\u00aa Mostra Internacional de Cinema em S\u00e3o Paulo<\/a><\/p>\n<h3><span style=\"color: #993300;\"><strong>Rainha do rock! Rita Lee ganha exposi\u00e7\u00e3o in\u00e9dita no MIS SP<\/strong><\/span><\/h3>\n<figure id=\"attachment_6180\" aria-describedby=\"caption-attachment-6180\" style=\"width: 673px\" class=\"wp-caption alignnone\"><img loading=\"lazy\" decoding=\"async\" class=\"size-full wp-image-6180\" src=\"https:\/\/ebp.org.br\/new\/sp\/wp-content\/uploads\/2021\/10\/travessias_005_009_002-1.png\" alt=\"\" width=\"673\" height=\"447\" srcset=\"https:\/\/ebp.org.br\/sp\/wp-content\/uploads\/2021\/10\/travessias_005_009_002-1.png 673w, https:\/\/ebp.org.br\/sp\/wp-content\/uploads\/2021\/10\/travessias_005_009_002-1-300x199.png 300w\" sizes=\"auto, (max-width: 673px) 100vw, 673px\" \/><figcaption id=\"caption-attachment-6180\" class=\"wp-caption-text\">Cr\u00e9dito: Guilherme Samora\/ divulga\u00e7\u00e3o\/ Casa do Bom Conte\u00fadoExposi\u00e7\u00e3o sobre Rita Lee tem curadoria do filho da artista, Jo\u00e3o Lee<\/figcaption><\/figure>\n<p>A exposi\u00e7\u00e3o <strong>Rainha do Rock<\/strong> retrata, dentre v\u00e1rios pontos, o encontro e o amor de Rita Lee e Roberto de Carvalho; retrata tamb\u00e9m a fam\u00edlia, a repress\u00e3o da ditadura, a causa animal e obras de arte.<\/p>\n<p>Rita Lee \u00e9 cantora, compositora, instrumentista, atriz, escritora e ativista pelo direito dos animais. \u00c9 tamb\u00e9m considerada a rainha do rock, uma multiartista, uma das mulheres mais influentes do Brasil!<\/p>\n<p>Com a curadoria de Jo\u00e3o Lee, a exposi\u00e7\u00e3o mostra os momentos mais emblem\u00e1ticos da carreira de Rita Lee, as particularidades da sua trajet\u00f3ria, al\u00e9m de compartilhar aspectos in\u00e9ditos da vida particular dela.<\/p>\n<p>A exposi\u00e7\u00e3o <strong>Rainha do Rock<\/strong> a fica em cartaz at\u00e9 o dia 28 de novembro de 2021.<\/p>\n<p>Saiba mais: <a href=\"https:\/\/catracalivre.com.br\/agenda\/exposicao-rita-lee-sp\/\">Rainha do rock! Rita Lee ganha exposi\u00e7\u00e3o in\u00e9dita no MIS SP (catracalivre.com.br)<\/a><\/p>\n<h3><span style=\"color: #993300;\"><strong>Moderno onde? Moderno quando? A Semana de 22 como motiva\u00e7\u00e3o<\/strong><\/span><\/h3>\n<figure id=\"attachment_6181\" aria-describedby=\"caption-attachment-6181\" style=\"width: 353px\" class=\"wp-caption alignnone\"><img loading=\"lazy\" decoding=\"async\" class=\"size-full wp-image-6181\" src=\"https:\/\/ebp.org.br\/new\/sp\/wp-content\/uploads\/2021\/10\/travessias_005_009_003-1.png\" alt=\"\" width=\"353\" height=\"351\" srcset=\"https:\/\/ebp.org.br\/sp\/wp-content\/uploads\/2021\/10\/travessias_005_009_003-1.png 353w, https:\/\/ebp.org.br\/sp\/wp-content\/uploads\/2021\/10\/travessias_005_009_003-1-300x298.png 300w, https:\/\/ebp.org.br\/sp\/wp-content\/uploads\/2021\/10\/travessias_005_009_003-1-150x150.png 150w\" sizes=\"auto, (max-width: 353px) 100vw, 353px\" \/><figcaption id=\"caption-attachment-6181\" class=\"wp-caption-text\">Imagem: Instagram @mamoficial<\/figcaption><\/figure>\n<p>Em 2022 ser\u00e1 o anivers\u00e1rio do Movimento Modernista de 22. O MAM organizou uma mostra que nomeou <strong>Moderno onde? Moderno quando? A Semana de 22 como motiva\u00e7\u00e3o.<\/strong> A mostra traz uma excelente oportunidade de ver pinturas, esculturas, desenhos e fotografias que expressam uma inquieta\u00e7\u00e3o de artistas participantes do evento no Theatro Municipal, que ficou marcado como a Semana de 22 \u2013 muitas vezes considerados nem sempre t\u00e3o modernos.<\/p>\n<p>Saiba mais: <a href=\"https:\/\/mam.org.br\/exposicao\/moderno-onde-moderno-quando-a-semana-de-22-como-motivacao\/\">Moderno onde? Moderno quando? A Semana de 22 como motiva\u00e7\u00e3o | MAM<\/a><\/p>\n<h3><span style=\"color: #993300;\"><strong>\u201cEquil\u00edbrio\u201d<\/strong><\/span><\/h3>\n<figure id=\"attachment_6182\" aria-describedby=\"caption-attachment-6182\" style=\"width: 593px\" class=\"wp-caption alignnone\"><img loading=\"lazy\" decoding=\"async\" class=\"size-full wp-image-6182\" src=\"https:\/\/ebp.org.br\/new\/sp\/wp-content\/uploads\/2021\/10\/travessias_005_009_004-1.png\" alt=\"\" width=\"593\" height=\"549\" srcset=\"https:\/\/ebp.org.br\/sp\/wp-content\/uploads\/2021\/10\/travessias_005_009_004-1.png 593w, https:\/\/ebp.org.br\/sp\/wp-content\/uploads\/2021\/10\/travessias_005_009_004-1-300x278.png 300w\" sizes=\"auto, (max-width: 593px) 100vw, 593px\" \/><figcaption id=\"caption-attachment-6182\" class=\"wp-caption-text\">Imagem: Instagram @japanhousesp<\/figcaption><\/figure>\n<p>A dupla japonesa\u00a0<a href=\"http:\/\/daisyballoon.com\/\">Daisy Balloon<\/a>\u00a0criou uma instala\u00e7\u00e3o com 9 mil bal\u00f5es na Japan House. <strong>\u201cEquil\u00edbrio\u201d<\/strong>\u00a0\u00e9 uma instala\u00e7\u00e3o com 11 metros de comprimento por tr\u00eas metros de altura e ocupa a \u00e1rea expositiva no t\u00e9rreo, onde o visitante pode observar a passagem do tempo.<\/p>\n<p>A instala\u00e7\u00e3o \u00e9 inspirada nos ciclos da natureza, a ideia da obra \u00e9 propor uma reflex\u00e3o sobre o conceito de \u201cWa\u201d, que simboliza o equil\u00edbrio e a harmonia na cultura japonesa. Embora n\u00e3o haja uma tradu\u00e7\u00e3o literal para a express\u00e3o \u201cWa\u201d, seu sentido mais pr\u00f3ximo \u00e9 a valoriza\u00e7\u00e3o da ordem, da harmonia e da polidez no ambiente coletivo. Observa-se que \u00e0 medida que os bal\u00f5es v\u00e3o murchando, revelam sinais da passagem do tempo.<\/p>\n<p>Por conta de ter na superf\u00edcie dos bal\u00f5es uma camada externa de pel\u00edcula polarizada, reflete a luz que incide sobre a instala\u00e7\u00e3o, projetando no espa\u00e7o um efeito semelhante ao da aurora boreal.<\/p>\n<p>Saiba mais: <a href=\"https:\/\/www.japanhousesp.com.br\/exposicao\/equilibrio-daisy-balloon\/\">Equil\u00edbrio &#8211; DAISY BALLOON | Exhibition | JAPAN HOUSE (S\u00e3o Paulo) (japanhousesp.com.br)<\/a><\/p>\n<h3><span style=\"color: #993300;\"><strong>\u00d3pera: Os sete pecados Capitais<\/strong><\/span><\/h3>\n<figure id=\"attachment_6183\" aria-describedby=\"caption-attachment-6183\" style=\"width: 598px\" class=\"wp-caption alignnone\"><img loading=\"lazy\" decoding=\"async\" class=\"size-full wp-image-6183\" src=\"https:\/\/ebp.org.br\/new\/sp\/wp-content\/uploads\/2021\/10\/travessias_005_009_005-1.png\" alt=\"\" width=\"598\" height=\"391\" srcset=\"https:\/\/ebp.org.br\/sp\/wp-content\/uploads\/2021\/10\/travessias_005_009_005-1.png 598w, https:\/\/ebp.org.br\/sp\/wp-content\/uploads\/2021\/10\/travessias_005_009_005-1-300x196.png 300w\" sizes=\"auto, (max-width: 598px) 100vw, 598px\" \/><figcaption id=\"caption-attachment-6183\" class=\"wp-caption-text\">Imagem: Instagram @ theatrosaopedro<\/figcaption><\/figure>\n<p>A \u00f3pera <strong>Os 7 pecados capitais<\/strong> de Kurt Weill ter\u00e1 estreia em novembro. O espet\u00e1culo transita entre a m\u00fasica e o teatro para mergulhar nos aspectos de cada pecado capital.<\/p>\n<p><strong>Sobre a \u00f3pera<\/strong><\/p>\n<p>\u201cA obra narra a hist\u00f3ria de Anna, que parte em viagem para conseguir trabalho e, mais tarde, poder retornar \u00e0 Louisianna e construir uma casa para sua fam\u00edlia. Brecht e Weill dividem Anna em duas. Anna I \u00e9 cuidadosa e equilibrada; Anna II \u00e9 uma menina transformada em mercadoria.\u201d<\/p>\n<p>Saiba mais: <a href=\"https:\/\/theatrosaopedro.org.br\/estreia-os-sete-pecados-capitais-no-sao-pedro\/\">Estreia Os sete pecados Capitais no S\u00e3o Pedro | Theatro S\u00e3o Pedro &#8211; S\u00e3o Paulo (theatrosaopedro.org.br)<\/a><\/p>\n","protected":false},"excerpt":{"rendered":"<p>45\u00aa MOSTRA INTERNACIONAL DE CINEMA A\u00a0tradicional Mostra Internacional de Cinema em S\u00e3o Paulo\u00a0est\u00e1 em sua 45\u00aa edi\u00e7\u00e3o e acontece dos dias 21\/10\/2021 ao 03\/11\/2021. A Mostra este ano vem com uma programa\u00e7\u00e3o repleta de\u00a0filmes premiados\u00a0nos festivais internacionais do mundo, apresentando tend\u00eancias, tem\u00e1ticas, narrativas e est\u00e9ticas do cinema contempor\u00e2neo. A\u00a0programa\u00e7\u00e3o da Mostra conta com 264 filmes&hellip;<\/p>\n","protected":false},"author":1,"featured_media":0,"comment_status":"closed","ping_status":"closed","sticky":false,"template":"","format":"standard","meta":{"footnotes":""},"categories":[8],"tags":[],"post_series":[],"class_list":["post-6175","post","type-post","status-publish","format-standard","hentry","category-boletim-travessias","entry","no-media"],"aioseo_notices":[],"_links":{"self":[{"href":"https:\/\/ebp.org.br\/sp\/wp-json\/wp\/v2\/posts\/6175","targetHints":{"allow":["GET"]}}],"collection":[{"href":"https:\/\/ebp.org.br\/sp\/wp-json\/wp\/v2\/posts"}],"about":[{"href":"https:\/\/ebp.org.br\/sp\/wp-json\/wp\/v2\/types\/post"}],"author":[{"embeddable":true,"href":"https:\/\/ebp.org.br\/sp\/wp-json\/wp\/v2\/users\/1"}],"replies":[{"embeddable":true,"href":"https:\/\/ebp.org.br\/sp\/wp-json\/wp\/v2\/comments?post=6175"}],"version-history":[{"count":0,"href":"https:\/\/ebp.org.br\/sp\/wp-json\/wp\/v2\/posts\/6175\/revisions"}],"wp:attachment":[{"href":"https:\/\/ebp.org.br\/sp\/wp-json\/wp\/v2\/media?parent=6175"}],"wp:term":[{"taxonomy":"category","embeddable":true,"href":"https:\/\/ebp.org.br\/sp\/wp-json\/wp\/v2\/categories?post=6175"},{"taxonomy":"post_tag","embeddable":true,"href":"https:\/\/ebp.org.br\/sp\/wp-json\/wp\/v2\/tags?post=6175"},{"taxonomy":"post_series","embeddable":true,"href":"https:\/\/ebp.org.br\/sp\/wp-json\/wp\/v2\/post_series?post=6175"}],"curies":[{"name":"wp","href":"https:\/\/api.w.org\/{rel}","templated":true}]}}