{"id":6103,"date":"2021-10-05T21:34:46","date_gmt":"2021-10-06T00:34:46","guid":{"rendered":"https:\/\/ebp.org.br\/sp\/?p=6103"},"modified":"2021-10-05T21:34:46","modified_gmt":"2021-10-06T00:34:46","slug":"e-dito-boletim-travessias-004","status":"publish","type":"post","link":"https:\/\/ebp.org.br\/sp\/e-dito-boletim-travessias-004\/","title":{"rendered":"e-dito Boletim Travessias #004"},"content":{"rendered":"<h6>Por Mirmila Musse (EBP\/AMP)<\/h6>\n<figure id=\"attachment_6104\" aria-describedby=\"caption-attachment-6104\" style=\"width: 400px\" class=\"wp-caption alignnone\"><img loading=\"lazy\" decoding=\"async\" class=\"wp-image-6104\" src=\"https:\/\/ebp.org.br\/new\/sp\/wp-content\/uploads\/2021\/10\/mini_travessias_004_012_001-2.png\" alt=\"Imagem: Instagram @in_la_kesh\" width=\"400\" height=\"453\" srcset=\"https:\/\/ebp.org.br\/sp\/wp-content\/uploads\/2021\/10\/mini_travessias_004_012_001-2.png 1057w, https:\/\/ebp.org.br\/sp\/wp-content\/uploads\/2021\/10\/mini_travessias_004_012_001-2-265x300.png 265w, https:\/\/ebp.org.br\/sp\/wp-content\/uploads\/2021\/10\/mini_travessias_004_012_001-2-904x1024.png 904w, https:\/\/ebp.org.br\/sp\/wp-content\/uploads\/2021\/10\/mini_travessias_004_012_001-2-768x870.png 768w\" sizes=\"auto, (max-width: 400px) 100vw, 400px\" \/><figcaption id=\"caption-attachment-6104\" class=\"wp-caption-text\">Imagem: Instagram @in_la_kesh<\/figcaption><\/figure>\n<p>Chegamos ao pen\u00faltimo Boletim das X Jornadas EBP-SP &#8211; \u201cPsican\u00e1lise em Ato\u201d!<\/p>\n<p>Nos<strong> Flashes da Comiss\u00e3o de Orienta\u00e7\u00e3o<\/strong> encontramos tr\u00eas textos. Milena Vicari Crastelo apresenta ecos das atividades preparat\u00f3rias, retomando a pergunta: \u201cExiste psican\u00e1lise que n\u00e3o seja em ato?\u201d. Para trilhar um caminho para essa resson\u00e2ncia, ela recorre \u00e0 passagem de psicanalisante a psicanalista, \u201cpassagem que tem em seu cerne, o ato anal\u00edtico\u201d. O texto de Daniela Camargo conversa com o primeiro texto desta rubrica. Presenciamos, com o \u00faltimo testemunho de passe de Sandra Grostein, o ato de interpreta\u00e7\u00e3o da Escola. Segundo Daniela Camargo, trata-se do \u201cefeito disruptivo e de surpresa na Escola-sujeito\u201d pela transmiss\u00e3o da diferen\u00e7a absoluta daquela que termina seu exerc\u00edcio de AE. Val\u00e9ria Ferranti lan\u00e7a a pergunta sobre as consequ\u00eancias da passagem ao ato como defesa \u00e0 ang\u00fastia, quando esta n\u00e3o est\u00e1 mais articulada \u00e0 \u201c\u00e9gide da lei Edipiana e da fun\u00e7\u00e3o do Nome do Pai, mas \u00e0 articula\u00e7\u00e3o do gozo com a lei proposta pelo discurso do mercado e do capitalismo\u201d.<\/p>\n<p>Na rubrica dos <strong>Textos Preparat\u00f3rios, <\/strong>o texto produzido por Alessandra S. Pecego, C\u00e1ssia M. R. Guardado e Fernando Prota anima a discuss\u00e3o do eixo tem\u00e1tico 5 das Jornadas. Eles se perguntam \u201co que \u00e9 um psicanalista a-final?\u201d, retomando as tr\u00eas dimens\u00f5es da orienta\u00e7\u00e3o lacaniana: epist\u00eamica, cl\u00ednica e pol\u00edtica, al\u00e9m da discuss\u00e3o sobre o desejo do analista como causa. O ato de Funda\u00e7\u00e3o da Escola por Lacan, como uma ruptura e uma marca de um antes e depois, \u00e9 retomado no texto, a partir do exerc\u00edcio do AE. Segundo os autores, \u201cum des-ser\u201d na passagem de analisante a analista, marcado tamb\u00e9m por um ato de n\u00e3o tamponar mais o furo do resto \u201cinelimin\u00e1vel\u201d da equa\u00e7\u00e3o da perda da consist\u00eancia do objeto <em>a<\/em>. Destaco ainda outra express\u00e3o apresentada no texto que me parece fundamental no ato anal\u00edtico e do dizer em an\u00e1lise: \u201cdescompletar o sintoma do Outro\u201d implica um \u201cato que produz o pr\u00f3prio furo\u201d. Por fim, h\u00e1 ainda outra consequ\u00eancia, a certeza antecipada: \u201cTalvez s\u00f3 um testemunho pode dar mostras dela, dessa certeza antecipada, e de como ela permitiu a conclus\u00e3o dessa experi\u00eancia quando o falasser p\u00f4de afirmar \u201ceu sou isso\u201d\u201d.<\/p>\n<p>No segundo texto desta rubrica, Marcus Andr\u00e9 Vieira questiona a pol\u00edtica da psican\u00e1lise frente ao Outro contempor\u00e2neo que transforma o sintoma, antes compreendido como fracasso e recalcado, agora em sucesso. A partir de um testemunho de passe, Marcus Andr\u00e9 retoma a proposta de \u201csaber fazer com\u201d o sintoma e a virada poss\u00edvel no discurso da psican\u00e1lise, quando no lugar de refor\u00e7ar esse fracasso do sintoma que hoje prop\u00f5e um vazio de sentido, pode ser apresentar como \u201cum espa\u00e7o de abertura na rede de acontecimentos de uma vida\u201d.<\/p>\n<p>Colegas da EBP-Rio contribuem para a discuss\u00e3o sobre o tema das Jornadas, atrav\u00e9s de um texto produzido pela Unidade de pesquisa \u201cCl\u00ednica e pol\u00edtica do ato\u201d do ICP-RJ. O texto nos apresenta a seguinte hip\u00f3tese: talvez \u201cas passagens ao ato possam ser, em sua maioria, precedidas de um ou mais <em>actings\u201d<\/em>. Com a retomada dos conceitos de <em>acting out<\/em> e passagem ao ato a partir do caso da Jovem Homossexual, o texto recupera a natureza e o tempo do ato: o ato, mesmo que conjugado no passado, \u201c[&#8230;]est\u00e1 aberto ao futuro, j\u00e1 que [essa \u00e9 a natureza do ato] \u00e9 o tempo da consequ\u00eancia\u201d.<\/p>\n<p>Al\u00e9m da leitura dos textos, \u00e9 poss\u00edvel encontrar no Boletim duas inova\u00e7\u00f5es destas Jornadas: o Podcast ATOalidades anal\u00edticas (EBP-SP), que publicar\u00e1 ainda esse m\u00eas mais tr\u00eas ATOs, al\u00e9m dos quatro j\u00e1 dispon\u00edveis, e uma playlist colaborativa com o nome X Jornadas da EBP-SP &#8211; &#8220;Psican\u00e1lise em ato\u201d, ambos no Spotify. L\u00e1 voc\u00ea pode acrescentar m\u00fasicas sobre o tema que a comunidade anal\u00edtica de S\u00e3o Paulo vem se debru\u00e7ando para essas Jornadas &#8211; mas s\u00f3 funciona se voc\u00ea adicionar sua(s) m\u00fasica(s)! S\u00e3o inven\u00e7\u00f5es poss\u00edveis que a Comiss\u00e3o encontrou para refor\u00e7ar o la\u00e7o, quando a presen\u00e7a do corpo f\u00edsico se faz escassa.<\/p>\n<p>Na rubrica <strong>Biblioteca<\/strong>, novas refer\u00eancias foram acrescentadas para nos ajudar a pensar o tema Psican\u00e1lise em Ato.<\/p>\n<p>Alguns eventos que j\u00e1 est\u00e3o sendo retomados na cidade de S\u00e3o Paulo est\u00e3o em destaque em <strong>Conex\u00f5es com a Cidade<\/strong>. J\u00e1 \u00e9 possivel apreci\u00e1-los, mas atentos \u00e0s normas sanit\u00e1rias propostas em cada lugar.<\/p>\n<p>Estamos nos aproximando de nossas Jornadas. Voc\u00ea j\u00e1 fez sua inscri\u00e7\u00e3o?<\/p>\n","protected":false},"excerpt":{"rendered":"<p>Por Mirmila Musse (EBP\/AMP) Chegamos ao pen\u00faltimo Boletim das X Jornadas EBP-SP &#8211; \u201cPsican\u00e1lise em Ato\u201d! Nos Flashes da Comiss\u00e3o de Orienta\u00e7\u00e3o encontramos tr\u00eas textos. Milena Vicari Crastelo apresenta ecos das atividades preparat\u00f3rias, retomando a pergunta: \u201cExiste psican\u00e1lise que n\u00e3o seja em ato?\u201d. Para trilhar um caminho para essa resson\u00e2ncia, ela recorre \u00e0 passagem de&hellip;<\/p>\n","protected":false},"author":1,"featured_media":0,"comment_status":"closed","ping_status":"closed","sticky":false,"template":"","format":"standard","meta":{"footnotes":""},"categories":[8],"tags":[],"post_series":[],"class_list":["post-6103","post","type-post","status-publish","format-standard","hentry","category-boletim-travessias","entry","no-media"],"aioseo_notices":[],"_links":{"self":[{"href":"https:\/\/ebp.org.br\/sp\/wp-json\/wp\/v2\/posts\/6103","targetHints":{"allow":["GET"]}}],"collection":[{"href":"https:\/\/ebp.org.br\/sp\/wp-json\/wp\/v2\/posts"}],"about":[{"href":"https:\/\/ebp.org.br\/sp\/wp-json\/wp\/v2\/types\/post"}],"author":[{"embeddable":true,"href":"https:\/\/ebp.org.br\/sp\/wp-json\/wp\/v2\/users\/1"}],"replies":[{"embeddable":true,"href":"https:\/\/ebp.org.br\/sp\/wp-json\/wp\/v2\/comments?post=6103"}],"version-history":[{"count":0,"href":"https:\/\/ebp.org.br\/sp\/wp-json\/wp\/v2\/posts\/6103\/revisions"}],"wp:attachment":[{"href":"https:\/\/ebp.org.br\/sp\/wp-json\/wp\/v2\/media?parent=6103"}],"wp:term":[{"taxonomy":"category","embeddable":true,"href":"https:\/\/ebp.org.br\/sp\/wp-json\/wp\/v2\/categories?post=6103"},{"taxonomy":"post_tag","embeddable":true,"href":"https:\/\/ebp.org.br\/sp\/wp-json\/wp\/v2\/tags?post=6103"},{"taxonomy":"post_series","embeddable":true,"href":"https:\/\/ebp.org.br\/sp\/wp-json\/wp\/v2\/post_series?post=6103"}],"curies":[{"name":"wp","href":"https:\/\/api.w.org\/{rel}","templated":true}]}}