{"id":5965,"date":"2021-09-03T15:00:36","date_gmt":"2021-09-03T18:00:36","guid":{"rendered":"https:\/\/ebp.org.br\/sp\/?p=5965"},"modified":"2021-09-03T15:00:36","modified_gmt":"2021-09-03T18:00:36","slug":"conexoes-com-a-cidade","status":"publish","type":"post","link":"https:\/\/ebp.org.br\/sp\/conexoes-com-a-cidade\/","title":{"rendered":"Conex\u00f5es com a cidade"},"content":{"rendered":"<h3><span style=\"color: #993300;\"><strong>34\u00aa Bienal de S\u00e3o Paulo Faz escuro mas eu canto<\/strong><\/span><\/h3>\n<figure id=\"attachment_5966\" aria-describedby=\"caption-attachment-5966\" style=\"width: 350px\" class=\"wp-caption alignnone\"><img loading=\"lazy\" decoding=\"async\" class=\"wp-image-5966\" src=\"https:\/\/ebp.org.br\/new\/sp\/wp-content\/uploads\/2021\/09\/conexoes_001-1.png\" alt=\"Imagem: Instagram @artdose_by_ag\" width=\"350\" height=\"241\" srcset=\"https:\/\/ebp.org.br\/sp\/wp-content\/uploads\/2021\/09\/conexoes_001-1.png 538w, https:\/\/ebp.org.br\/sp\/wp-content\/uploads\/2021\/09\/conexoes_001-1-300x207.png 300w\" sizes=\"auto, (max-width: 350px) 100vw, 350px\" \/><figcaption id=\"caption-attachment-5966\" class=\"wp-caption-text\">Imagem: Instagram @artdose_by_ag<\/figcaption><\/figure>\n<p>A 34\u00aa Bienal de S\u00e3o Paulo, assim com tudo que foi planejado para o ano de 2020, teve seu in\u00edcio adiado em fun\u00e7\u00e3o da pandemia. Naquele momento, com a programa\u00e7\u00e3o estendida durante todo o ano, diversas exposi\u00e7\u00f5es teriam lugares em vinte cinco diferentes espa\u00e7os culturais e art\u00edsticos de S\u00e3o Paulo, al\u00e9m do Pavilh\u00e3o da Bienal, no Parque Ibirapuera, onde acontece o evento em todas as suas edi\u00e7\u00f5es. Ou seja, ela pretendia se expandir no tempo e no espa\u00e7o.<\/p>\n<p>Frente \u00e0 conting\u00eancia, os curadores tiveram que se reinventar e propuseram no ano passado v\u00e1rias atividades online. Agora, com a cidade na fase verde, mesmo com um tempo encurtado e em menos espa\u00e7os na cidade, ser\u00e1 poss\u00edvel enfim visitar presencialmente as exposi\u00e7\u00f5es. Al\u00e9m do Pavilh\u00e3o da Bienal, &#8220;Em conex\u00f5es com a cidade\u201d, outras dezenove institui\u00e7\u00f5es recebem a curadoria da Bienal com exposi\u00e7\u00f5es estendidas pela cidade.<\/p>\n<p><em>Faz escuro mas eu canto <\/em>\u00e9 o t\u00edtulo escolhido para a 34\u00b0 Bienal. A sobreposi\u00e7\u00e3o de passado e presente continua sendo uma estrat\u00e9gia, mas agora atravessado pela pandemia. Se nada ser\u00e1 como antes, a reinven\u00e7\u00e3o se faz presente e marca essa edi\u00e7\u00e3o, segundo os pr\u00f3prios curadores: \u201cCertamente, esta Bienal n\u00e3o \u00e9 a mesma que se veria um ano atr\u00e1s. Algumas obras se ver\u00e3o mais claras, outras mais opacas; algumas mensagens soar\u00e3o como gritos, outras chegar\u00e3o como ecos. N\u00e3o precisamos entender tudo, nem nos entender todos; trata-se de falar nossa l\u00edngua sabendo que h\u00e1 coisas que outros idiomas nomeiam e n\u00f3s n\u00e3o sabemos expressar\u201d.<\/p>\n<p>Saiba mais: <a href=\"http:\/\/34bienal.org.br\/\">34\u00aa Bienal de S\u00e3o Paulo (34bienal.org.br)<\/a><\/p>\n<p><u>Destaque da Bienal:<\/u><\/p>\n<p><strong>Outros paradoxos<\/strong><\/p>\n<figure id=\"attachment_5967\" aria-describedby=\"caption-attachment-5967\" style=\"width: 350px\" class=\"wp-caption alignnone\"><img loading=\"lazy\" decoding=\"async\" class=\"wp-image-5967\" src=\"https:\/\/ebp.org.br\/new\/sp\/wp-content\/uploads\/2021\/09\/conexoes_002-1.png\" alt=\"Imagem: Instagram @mac_usp\" width=\"350\" height=\"335\" srcset=\"https:\/\/ebp.org.br\/sp\/wp-content\/uploads\/2021\/09\/conexoes_002-1.png 1053w, https:\/\/ebp.org.br\/sp\/wp-content\/uploads\/2021\/09\/conexoes_002-1-300x287.png 300w, https:\/\/ebp.org.br\/sp\/wp-content\/uploads\/2021\/09\/conexoes_002-1-1024x981.png 1024w, https:\/\/ebp.org.br\/sp\/wp-content\/uploads\/2021\/09\/conexoes_002-1-768x736.png 768w\" sizes=\"auto, (max-width: 350px) 100vw, 350px\" \/><figcaption id=\"caption-attachment-5967\" class=\"wp-caption-text\">Imagem: Instagram @mac_usp<\/figcaption><\/figure>\n<p>Regina Silveira exp\u00f5e cerca de 180 obras no MAC USP. Al\u00e9m de ser uma das mais importantes artistas brasileiras, o encontro da psican\u00e1lise com sua obra sempre nos ensina e tem efeitos que reverberam com entusiasmo.<\/p>\n<p><strong>Outros Paradoxos<\/strong> faz uma retrospectiva de sua trajet\u00f3ria, apresentando esbo\u00e7os dos projetos, maquetes, vitrines com documentos e v\u00eddeos informativos, al\u00e9m de quadros e instala\u00e7\u00f5es. Segundo as curadoras, a exposi\u00e7\u00e3o apresenta &#8220;\u00e0 inquieta\u00e7\u00e3o caracter\u00edstica da atitude questionadora da artista diante da vida e da arte&#8221;.<\/p>\n<p>Esta retrospectiva integra a rede de expans\u00e3o da 34\u00aa Bienal de S\u00e3o Paulo, uma parceria do MAC USP com a Funda\u00e7\u00e3o Bienal de S\u00e3o Paulo.<\/p>\n<p>Saiba mais: <a href=\"http:\/\/34.bienal.org.br\/exposicoes\/7448\">http:\/\/34.bienal.org.br\/exposicoes\/7448<\/a><\/p>\n<hr \/>\n<h3><span style=\"color: #993300;\"><strong>Encontros hist\u00f3ricos na Sala S\u00e3o Paulo<\/strong><\/span><\/h3>\n<figure id=\"attachment_5968\" aria-describedby=\"caption-attachment-5968\" style=\"width: 350px\" class=\"wp-caption alignnone\"><img loading=\"lazy\" decoding=\"async\" class=\"wp-image-5968\" src=\"https:\/\/ebp.org.br\/new\/sp\/wp-content\/uploads\/2021\/09\/conexoes_003-1.png\" alt=\"Imagem: Instagram @salasaopaulo_\" width=\"350\" height=\"443\" srcset=\"https:\/\/ebp.org.br\/sp\/wp-content\/uploads\/2021\/09\/conexoes_003-1.png 1005w, https:\/\/ebp.org.br\/sp\/wp-content\/uploads\/2021\/09\/conexoes_003-1-237x300.png 237w, https:\/\/ebp.org.br\/sp\/wp-content\/uploads\/2021\/09\/conexoes_003-1-808x1024.png 808w, https:\/\/ebp.org.br\/sp\/wp-content\/uploads\/2021\/09\/conexoes_003-1-768x973.png 768w\" sizes=\"auto, (max-width: 350px) 100vw, 350px\" \/><figcaption id=\"caption-attachment-5968\" class=\"wp-caption-text\">Imagem: Instagram @salasaopaulo_<\/figcaption><\/figure>\n<p>Encontros!<\/p>\n<p>A Sala S\u00e3o Paulo reabre suas portas recebendo a Orquestra Jazz Sinf\u00f4nica e grandes nomes da MPB, como Gilberto Gil, Elba Ramalho, Mart\u2019n\u00e1lia, Geraldo Azevedo, Maria Luiza Jobim, dentre outros. A possibilidade do encontro \u00e9 poss\u00edvel somente com a apresenta\u00e7\u00e3o do comprovante de vacina\u00e7\u00e3o e respeitando todos os protocolos de seguran\u00e7a.<\/p>\n<p>Saiba mais: <a href=\"http:\/\/www.salasaopaulo.art.br\/encontros-historicos\/\">http:\/\/www.salasaopaulo.art.br\/encontros-historicos\/<\/a><\/p>\n<hr \/>\n<p>&nbsp;<\/p>\n<h3><span style=\"color: #993300;\"><strong>78 Festival de Veneza<\/strong><\/span><\/h3>\n<figure id=\"attachment_5969\" aria-describedby=\"caption-attachment-5969\" style=\"width: 350px\" class=\"wp-caption alignnone\"><img loading=\"lazy\" decoding=\"async\" class=\"wp-image-5969\" src=\"https:\/\/ebp.org.br\/new\/sp\/wp-content\/uploads\/2021\/09\/conexoes_004-1.png\" alt=\"Imagem: Instagram: @barbararaquelpaz\" width=\"350\" height=\"463\" srcset=\"https:\/\/ebp.org.br\/sp\/wp-content\/uploads\/2021\/09\/conexoes_004-1.png 391w, https:\/\/ebp.org.br\/sp\/wp-content\/uploads\/2021\/09\/conexoes_004-1-227x300.png 227w\" sizes=\"auto, (max-width: 350px) 100vw, 350px\" \/><figcaption id=\"caption-attachment-5969\" class=\"wp-caption-text\">Imagem: Instagram: @barbararaquelpaz<\/figcaption><\/figure>\n<p>O curta-metragem <strong>Ato<\/strong> dirigido pela artista e cineasta B\u00e1rbara Paz foi selecionado para o <strong>78 Festival de Veneza<\/strong> que acontece entre dia 1\u00b0 e 11 de setembro. O filme conta a hist\u00f3ria de um casal, mas seriam eles tamb\u00e9m uma parceria? Um homem em um mundo suspenso e solit\u00e1rio e sua \u00fanica companhia, uma mulher \u201cprofissional do afeto\u201d.<\/p>\n","protected":false},"excerpt":{"rendered":"<p>34\u00aa Bienal de S\u00e3o Paulo Faz escuro mas eu canto A 34\u00aa Bienal de S\u00e3o Paulo, assim com tudo que foi planejado para o ano de 2020, teve seu in\u00edcio adiado em fun\u00e7\u00e3o da pandemia. Naquele momento, com a programa\u00e7\u00e3o estendida durante todo o ano, diversas exposi\u00e7\u00f5es teriam lugares em vinte cinco diferentes espa\u00e7os culturais&hellip;<\/p>\n","protected":false},"author":1,"featured_media":0,"comment_status":"closed","ping_status":"closed","sticky":false,"template":"","format":"standard","meta":{"footnotes":""},"categories":[8],"tags":[],"post_series":[],"class_list":["post-5965","post","type-post","status-publish","format-standard","hentry","category-boletim-travessias","entry","no-media"],"aioseo_notices":[],"_links":{"self":[{"href":"https:\/\/ebp.org.br\/sp\/wp-json\/wp\/v2\/posts\/5965","targetHints":{"allow":["GET"]}}],"collection":[{"href":"https:\/\/ebp.org.br\/sp\/wp-json\/wp\/v2\/posts"}],"about":[{"href":"https:\/\/ebp.org.br\/sp\/wp-json\/wp\/v2\/types\/post"}],"author":[{"embeddable":true,"href":"https:\/\/ebp.org.br\/sp\/wp-json\/wp\/v2\/users\/1"}],"replies":[{"embeddable":true,"href":"https:\/\/ebp.org.br\/sp\/wp-json\/wp\/v2\/comments?post=5965"}],"version-history":[{"count":0,"href":"https:\/\/ebp.org.br\/sp\/wp-json\/wp\/v2\/posts\/5965\/revisions"}],"wp:attachment":[{"href":"https:\/\/ebp.org.br\/sp\/wp-json\/wp\/v2\/media?parent=5965"}],"wp:term":[{"taxonomy":"category","embeddable":true,"href":"https:\/\/ebp.org.br\/sp\/wp-json\/wp\/v2\/categories?post=5965"},{"taxonomy":"post_tag","embeddable":true,"href":"https:\/\/ebp.org.br\/sp\/wp-json\/wp\/v2\/tags?post=5965"},{"taxonomy":"post_series","embeddable":true,"href":"https:\/\/ebp.org.br\/sp\/wp-json\/wp\/v2\/post_series?post=5965"}],"curies":[{"name":"wp","href":"https:\/\/api.w.org\/{rel}","templated":true}]}}