{"id":5704,"date":"2021-06-30T18:27:58","date_gmt":"2021-06-30T21:27:58","guid":{"rendered":"https:\/\/ebp.org.br\/sp\/?p=5704"},"modified":"2021-06-30T18:27:58","modified_gmt":"2021-06-30T21:27:58","slug":"e-dito-boletim-travessias-001","status":"publish","type":"post","link":"https:\/\/ebp.org.br\/sp\/e-dito-boletim-travessias-001\/","title":{"rendered":"e-dito &#8211; Boletim Travessias #001"},"content":{"rendered":"<h6>Por Alessandra Sartorello Pecego<br \/>\nDiretora Geral EBP SP<\/h6>\n<figure id=\"attachment_5691\" aria-describedby=\"caption-attachment-5691\" style=\"width: 300px\" class=\"wp-caption alignnone\"><img loading=\"lazy\" decoding=\"async\" class=\"size-medium wp-image-5691\" src=\"https:\/\/ebp.org.br\/new\/sp\/wp-content\/uploads\/2021\/06\/imagem_x_jornada_e_dito-1-300x297.png\" alt=\"Imagem: Instagram @overist_curation\" width=\"300\" height=\"297\" srcset=\"https:\/\/ebp.org.br\/sp\/wp-content\/uploads\/2021\/06\/imagem_x_jornada_e_dito-1-300x297.png 300w, https:\/\/ebp.org.br\/sp\/wp-content\/uploads\/2021\/06\/imagem_x_jornada_e_dito-1-150x150.png 150w, https:\/\/ebp.org.br\/sp\/wp-content\/uploads\/2021\/06\/imagem_x_jornada_e_dito-1.png 594w\" sizes=\"auto, (max-width: 300px) 100vw, 300px\" \/><figcaption id=\"caption-attachment-5691\" class=\"wp-caption-text\">Imagem: Instagram @overist_curation<\/figcaption><\/figure>\n<p>Eis aqui nosso primeiro Boletim, inspirado na arte de nosso cartaz e no am\u00e1lgama do que \u00e9 o ato para a psican\u00e1lise lacaniana. Ele se chama TRAVESSIAS. Uma travessia que s\u00f3 pode se dar pela l\u00f3gica de uma asser\u00e7\u00e3o antecipada, pela l\u00f3gica inscrita por um tempo, ou melhor, tr\u00eas tempos: ver, elaborar e concluir.<\/p>\n<p>\u00c9 dentro dessa l\u00f3gica que convidamos toda a comunidade anal\u00edtica \u00e0 sua leitura, ao seu uso e ao atravessamento singular.<\/p>\n<p>Boletim pensado como um disparador de quest\u00f5es e elabora\u00e7\u00f5es, como um guia de refer\u00eancias para textos de base que discutem o ato anal\u00edtico. Dispositivo que possa tamb\u00e9m encampar outros discursos e v\u00e1rias travessias.<\/p>\n<p>Nesse n\u00famero inaugural, temos um texto que escrevi para dizer um pouco da escolha da Diretoria da EBP-SP por este tema. O nome das X Jornadas \u201cPsican\u00e1lise em Ato\u201d convida n\u00e3o s\u00f3 ao conceito epist\u00eamico do ato, mas tamb\u00e9m, diz de um movimento cont\u00ednuo da produ\u00e7\u00e3o anal\u00edtica para que relan\u00e7amentos e conclus\u00f5es gerem for\u00e7a motriz de trabalho nessa Se\u00e7\u00e3o. \u201cPsican\u00e1lise em Ato\u201d, inspirada no texto de Lacan, \u201cAto de Funda\u00e7\u00e3o\u201d, que diz que a Escola \u00e9 para aqueles que se interessam, e que colocam \u00e0 prova esse interesse, via psican\u00e1lise em ato!<\/p>\n<p>Niraldo de Oliveira Santos nos apresenta um panorama das tecituras e arranjos de nosso trabalho h\u00e1 quase tr\u00eas meses, cita a perspectiva continu\u00edsta de nosso tema, coloca de maneira precisa a quest\u00e3o da transfer\u00eancia anal\u00edtica como balizador do ato. Faz n\u00e3o s\u00f3 um convite ao trabalho, mas prop\u00f5e que o fa\u00e7amos como um aliado e como resposta viva aos tempos sombrios.<\/p>\n<p>Posso dizer, ap\u00f3s algumas reuni\u00f5es virtuais com a Comiss\u00e3o de orienta\u00e7\u00e3o, que estamos trabalhando intensamente. Somos dezesseis participantes, inquietos e decididos. A proposta \u00e9 que cada trio possa se ocupar de um eixo tem\u00e1tico, que possamos escrever e apresentar nossas contribui\u00e7\u00f5es em atividades preparat\u00f3rias, em boletins, em mesas plen\u00e1rias e simult\u00e2neas. A partir de algumas de nossas elabora\u00e7\u00f5es na Comiss\u00e3o de orienta\u00e7\u00e3o, acrescida de toda a generosidade e da constru\u00e7\u00e3o pr\u00f3pria, precisa, apurada, sagaz e viva de Luiz Fernando Carrijo da Cunha, temos o argumento como um norte inicial para nossas Jornadas. S\u00f3 posso lhes desejar o prazer da leitura do argumento de nossas Jornadas e aqui destaco: \u201cno um por um, a inscri\u00e7\u00e3o no mundo, da Psican\u00e1lise em Ato\u201d.<\/p>\n<p>Poder\u00e3o atravessar as ideias propostas nos cinco eixos tem\u00e1ticos, espero que sem sair ilesos, e que possam passar ao ato da escrita! Para tal, refer\u00eancias bibliogr\u00e1ficas ser\u00e3o publicadas a cada n\u00famero, a chamada para o envio de trabalhos para as mesas simult\u00e2neas e como se inscrever j\u00e1 est\u00e3o nesse n\u00famero do Boletim.<\/p>\n<p>Quanto aos nomes dos colegas que listamos em cada comiss\u00e3o, posso dizer que foram escolhidos a dedo, e que me fazem acreditar que h\u00e1 \u201cinteressados\u201d nessa Escola! S\u00f3 posso agradecer a todos os que acompanham a Diretoria desta Se\u00e7\u00e3o nessas nossas travessias!<\/p>\n<p>Boa travessia a todos!<\/p>\n","protected":false},"excerpt":{"rendered":"<p>Por Alessandra Sartorello Pecego Diretora Geral EBP SP Eis aqui nosso primeiro Boletim, inspirado na arte de nosso cartaz e no am\u00e1lgama do que \u00e9 o ato para a psican\u00e1lise lacaniana. Ele se chama TRAVESSIAS. Uma travessia que s\u00f3 pode se dar pela l\u00f3gica de uma asser\u00e7\u00e3o antecipada, pela l\u00f3gica inscrita por um tempo, ou&hellip;<\/p>\n","protected":false},"author":1,"featured_media":0,"comment_status":"closed","ping_status":"closed","sticky":false,"template":"","format":"standard","meta":{"footnotes":""},"categories":[8],"tags":[],"post_series":[],"class_list":["post-5704","post","type-post","status-publish","format-standard","hentry","category-boletim-travessias","entry","no-media"],"aioseo_notices":[],"_links":{"self":[{"href":"https:\/\/ebp.org.br\/sp\/wp-json\/wp\/v2\/posts\/5704","targetHints":{"allow":["GET"]}}],"collection":[{"href":"https:\/\/ebp.org.br\/sp\/wp-json\/wp\/v2\/posts"}],"about":[{"href":"https:\/\/ebp.org.br\/sp\/wp-json\/wp\/v2\/types\/post"}],"author":[{"embeddable":true,"href":"https:\/\/ebp.org.br\/sp\/wp-json\/wp\/v2\/users\/1"}],"replies":[{"embeddable":true,"href":"https:\/\/ebp.org.br\/sp\/wp-json\/wp\/v2\/comments?post=5704"}],"version-history":[{"count":0,"href":"https:\/\/ebp.org.br\/sp\/wp-json\/wp\/v2\/posts\/5704\/revisions"}],"wp:attachment":[{"href":"https:\/\/ebp.org.br\/sp\/wp-json\/wp\/v2\/media?parent=5704"}],"wp:term":[{"taxonomy":"category","embeddable":true,"href":"https:\/\/ebp.org.br\/sp\/wp-json\/wp\/v2\/categories?post=5704"},{"taxonomy":"post_tag","embeddable":true,"href":"https:\/\/ebp.org.br\/sp\/wp-json\/wp\/v2\/tags?post=5704"},{"taxonomy":"post_series","embeddable":true,"href":"https:\/\/ebp.org.br\/sp\/wp-json\/wp\/v2\/post_series?post=5704"}],"curies":[{"name":"wp","href":"https:\/\/api.w.org\/{rel}","templated":true}]}}