{"id":5158,"date":"2020-09-28T15:20:17","date_gmt":"2020-09-28T18:20:17","guid":{"rendered":"https:\/\/ebp.org.br\/sp\/?p=5158"},"modified":"2020-09-28T15:20:17","modified_gmt":"2020-09-28T18:20:17","slug":"comentario-sobre-do-trieb-de-freud-e-do-desejo-do-psicanalista","status":"publish","type":"post","link":"https:\/\/ebp.org.br\/sp\/comentario-sobre-do-trieb-de-freud-e-do-desejo-do-psicanalista\/","title":{"rendered":"Coment\u00e1rio sobre \u201cDo \u201cTrieb\u201d de Freud e do desejo do psicanalista\u201d"},"content":{"rendered":"<p><strong>In <em>Escritos<\/em>. Rio de Janeiro: Jorge Zahar, 1998, p. 865-868.<\/strong><\/p>\n<h6>Jos\u00e9 Wilson R. Braga J\u00fanior<\/h6>\n<p>Minha pontua\u00e7\u00e3o est\u00e1 centrada no questionamento de Lacan: \u201c<em>Qual pode ser o desejo do analista? Qual pode ser o tratamento a que ele se dedica?<\/em>\u201d, no texto-resumo de um col\u00f3quio realizado em Roma, algumas semanas ap\u00f3s sua \u201c<em>excomunh\u00e3o<\/em>\u201d da IPA e dias antes de retomar seu semin\u00e1rio, numa cr\u00edtica a uma t\u00e9cnica \u201c<em>psicologizante<\/em>\u201d voltada para os \u201c<em>bons sentimentos<\/em>\u201d. O desejo do analista vem aqui <em>subverter<\/em> a no\u00e7\u00e3o da posi\u00e7\u00e3o do analista como neutralidade benevolente ou indiferen\u00e7a \u2013 esta crucial na escuta anal\u00edtica, mas n\u00e3o na condu\u00e7\u00e3o do tratamento. \u00c9 aquele que \u201c<em>opera na psican\u00e1lise<\/em>\u201d cuja finalidade \u00e9 \u201c<em>produzir um analista<\/em>\u201d, indo al\u00e9m da proposta terap\u00eautica; e s\u00f3 pode operar em posi\u00e7\u00e3o de X, cujo valor o analisante dever\u00e1 encontrar.<sup>1<\/sup> N\u00e3o \u00e9 o desejo advindo da castra\u00e7\u00e3o, da falta estruturante, aquele que vem do Outro e que encontra na fantasia seu alento parcial em sua rela\u00e7\u00e3o com o objeto <em>a<\/em>, mais de gozar. O analista n\u00e3o pode operar a partir de sua fantasia, mas estando na posi\u00e7\u00e3o de semblante de a, causa do desejo, divide o sujeito possibilitando a ele obter sua \u201cdiferen\u00e7a absoluta\u201d.<sup>2<\/sup><\/p>\n<p>&nbsp;<\/p>\n<hr \/>\n<h6><sup>1<\/sup> LACAN, J. \u201cProposi\u00e7\u00e3o de 9 de outubro de 1967 sobre o psicanalista da Escola\u201d. In <em>Outros escritos<\/em>. Rio de Janeiro: Jorge Zahar, 2003.<\/h6>\n<h6><sup>2<\/sup> LACAN, J. <em>O Semin\u00e1rio, Livro 11, Os quatro conceitos fundamentais da psican\u00e1lise<\/em>. Rio de Janeiro, Zahar, p.260.<\/h6>\n","protected":false},"excerpt":{"rendered":"<p>In Escritos. Rio de Janeiro: Jorge Zahar, 1998, p. 865-868. Jos\u00e9 Wilson R. Braga J\u00fanior Minha pontua\u00e7\u00e3o est\u00e1 centrada no questionamento de Lacan: \u201cQual pode ser o desejo do analista? Qual pode ser o tratamento a que ele se dedica?\u201d, no texto-resumo de um col\u00f3quio realizado em Roma, algumas semanas ap\u00f3s sua \u201cexcomunh\u00e3o\u201d da IPA&hellip;<\/p>\n","protected":false},"author":1,"featured_media":0,"comment_status":"closed","ping_status":"closed","sticky":false,"template":"","format":"standard","meta":{"footnotes":""},"categories":[5],"tags":[],"post_series":[],"class_list":["post-5158","post","type-post","status-publish","format-standard","hentry","category-boletim-fora-da-serie","entry","no-media"],"aioseo_notices":[],"_links":{"self":[{"href":"https:\/\/ebp.org.br\/sp\/wp-json\/wp\/v2\/posts\/5158","targetHints":{"allow":["GET"]}}],"collection":[{"href":"https:\/\/ebp.org.br\/sp\/wp-json\/wp\/v2\/posts"}],"about":[{"href":"https:\/\/ebp.org.br\/sp\/wp-json\/wp\/v2\/types\/post"}],"author":[{"embeddable":true,"href":"https:\/\/ebp.org.br\/sp\/wp-json\/wp\/v2\/users\/1"}],"replies":[{"embeddable":true,"href":"https:\/\/ebp.org.br\/sp\/wp-json\/wp\/v2\/comments?post=5158"}],"version-history":[{"count":0,"href":"https:\/\/ebp.org.br\/sp\/wp-json\/wp\/v2\/posts\/5158\/revisions"}],"wp:attachment":[{"href":"https:\/\/ebp.org.br\/sp\/wp-json\/wp\/v2\/media?parent=5158"}],"wp:term":[{"taxonomy":"category","embeddable":true,"href":"https:\/\/ebp.org.br\/sp\/wp-json\/wp\/v2\/categories?post=5158"},{"taxonomy":"post_tag","embeddable":true,"href":"https:\/\/ebp.org.br\/sp\/wp-json\/wp\/v2\/tags?post=5158"},{"taxonomy":"post_series","embeddable":true,"href":"https:\/\/ebp.org.br\/sp\/wp-json\/wp\/v2\/post_series?post=5158"}],"curies":[{"name":"wp","href":"https:\/\/api.w.org\/{rel}","templated":true}]}}