{"id":4026,"date":"2019-08-08T19:22:31","date_gmt":"2019-08-08T22:22:31","guid":{"rendered":"http:\/\/ebp.org.br\/sp\/?p=4026"},"modified":"2019-08-08T19:22:31","modified_gmt":"2019-08-08T22:22:31","slug":"lacos-em-sampa-3","status":"publish","type":"post","link":"https:\/\/ebp.org.br\/sp\/lacos-em-sampa-3\/","title":{"rendered":"La\u00e7os em Sampa"},"content":{"rendered":"<figure id=\"attachment_4011\" aria-describedby=\"caption-attachment-4011\" style=\"width: 269px\" class=\"wp-caption alignright\"><img loading=\"lazy\" decoding=\"async\" class=\"wp-image-4011 size-medium\" src=\"http:\/\/ebp.org.br\/sp\/wp-content\/uploads\/2019\/08\/boletim_tracos_004_007-269x300.png\" alt=\"Imagem: Instagram @splovers\" width=\"269\" height=\"300\" \/><figcaption id=\"caption-attachment-4011\" class=\"wp-caption-text\">Imagem: Instagram @splovers<\/figcaption><\/figure>\n<h6>Por Camila Popadiuk &#8211; Associada ao CLIN-a<\/h6>\n<h3><span style=\"color: #003366;\"><strong>\u00a0<\/strong><strong>Edif\u00edcio Martinelli<\/strong><\/span><\/h3>\n<p>\u00c9 no centro de S\u00e3o Paulo, entre as ruas S\u00e3o Bento, S\u00e3o Jo\u00e3o e Libero Badar\u00f3 que se encontra o Edif\u00edcio Martinelli, uma constru\u00e7\u00e3o ic\u00f4nica que j\u00e1 foi o mais alto arranha-c\u00e9u da Am\u00e9rica do Sul.<\/p>\n<p>Sua constru\u00e7\u00e3o foi idealizada pelo imigrante italiano Giuseppe Martinelli e projetada pelo arquiteto h\u00fangaro William Fillinger. O edif\u00edcio come\u00e7ou a ser constru\u00eddo em 1924 e, inicialmente, foi projetado para ter 12 andares. Por\u00e9m, ao longo da obra, novos andares foram sendo constru\u00eddos, at\u00e9 o momento em que ela foi embargada, pois desobedecia \u00e0s leis municipais e n\u00e3o havia licen\u00e7a para a edifica\u00e7\u00e3o de um pr\u00e9dio t\u00e3o alto. Finalmente, uma comiss\u00e3o t\u00e9cnica certificou a seguridade do pr\u00e9dio, delimitando sua altura m\u00e1xima a 25 andares. Mas, Martinelli, com sua meta de alcan\u00e7ar uma altura relativa a 30 andares, ergueu por fim mais cinco andares, fixando ali sua moradia.<\/p>\n<p>De faixada luxuosa e rica ornamenta\u00e7\u00e3o, o edif\u00edcio foi ocupado durante muitos anos por jornais, partidos pol\u00edticos, sindicatos, restaurantes, boates e hot\u00e9is. Atualmente, ele acomoda \u00f3rg\u00e3os municipais, tais como a Empresa Municipal de Urbaniza\u00e7\u00e3o de S\u00e3o Paulo e a Companhia Metropolitana de Habita\u00e7\u00e3o de S\u00e3o Paulo.<\/p>\n<p>Devido a sua altura, o Edif\u00edcio Martinelli \u00e9 considerado um mirante da cidade de S\u00e3o Paulo, cuja vista panor\u00e2mica nos mostra certos pontos tur\u00edsticos, tais como a Catedral da S\u00e9, o Vale do Anhangaba\u00fa, o Pico do Jaragu\u00e1, as antenas da Avenida Paulista. Uma visita ao Edif\u00edcio Martinelli \u00e9 um \u00f3timo programa para contemplar a paisagem urbana de Sampa. A vista \u00e9 realmente incr\u00edvel!<\/p>\n<p>Informa\u00e7\u00f5es sobre a visita ao mirante:<\/p>\n<ul>\n<li>Entrada: <strong>GRATUITA<\/strong><\/li>\n<li>Todos os dias<\/li>\n<li>Hor\u00e1rios: 11h, 12h, 13h, 14h30, 15h30, 16h30, 17h30, 18h30<\/li>\n<li>Inscri\u00e7\u00e3o pr\u00e9via 30 minutos antes de cada visita<\/li>\n<li>N\u00famero m\u00e1ximo de participantes por visita: 15<\/li>\n<li>Localiza\u00e7\u00e3o: Avenida S\u00e3o Jo\u00e3o, 35<\/li>\n<li>Contato: rp@prediomartinelli.com.br<\/li>\n<li>Saiba mais: <a href=\"https:\/\/www.prediomartinelli.com.br\/index.php\">https:\/\/www.prediomartinelli.com.br\/index.php<\/a><\/li>\n<\/ul>\n<hr \/>\n<figure id=\"attachment_4028\" aria-describedby=\"caption-attachment-4028\" style=\"width: 300px\" class=\"wp-caption alignright\"><img loading=\"lazy\" decoding=\"async\" class=\"size-medium wp-image-4028\" src=\"http:\/\/ebp.org.br\/sp\/wp-content\/uploads\/2019\/08\/arcos-300x296.png\" alt=\"Imagem: Instagram @vivacultura_sp\" width=\"300\" height=\"296\" \/><figcaption id=\"caption-attachment-4028\" class=\"wp-caption-text\">Imagem: Instagram @vivacultura_sp<\/figcaption><\/figure>\n<h3><span style=\"color: #003366;\"><strong>Bar dos Arcos<\/strong><\/span><\/h3>\n<p><strong>\u00a0<\/strong>Imagem: Instagram @vivacultura_sp<\/p>\n<p><strong>\u00a0<\/strong>Inaugurado em dezembro de 2018, o Bar dos Arcos situa-se no subsolo do Theatro Municipal, um dos cart\u00f5es de visita da cidade de S\u00e3o Paulo. O projeto foi encabe\u00e7ado pelo empres\u00e1rio paulistano Facundo Guerra, que tamb\u00e9m tem outros empreendimentos na regi\u00e3o central de S\u00e3o Paulo: Mirante 9 de Julho, Lions, Yatch e Cine Joia.<\/p>\n<p>O bar \u00e9 uma esp\u00e9cie de taberna do s\u00e9culo XIX, com uma \u201cargamassa\u201d feita de conchas, gordura de baleia e areia e tem como estrutura de sustenta\u00e7\u00e3o os arcos, da\u00ed a origem de seu nome. Antigamente, a parte subterr\u00e2nea do Municipal era o local onde ficavam os dutos de ventila\u00e7\u00e3o.<\/p>\n<p>Seu card\u00e1pio saboroso oferece entradas variadas, alguns pratos principais, sobremesas, uma sele\u00e7\u00e3o de vinhos e cervejas e uma vasta op\u00e7\u00e3o de coquet\u00e9is: dos mais cl\u00e1ssicos \u00e0queles de autoria da casa.<\/p>\n<p>O Bar dos Arcos possui dois ambientes diferentes: um deles disp\u00f5e de balc\u00f5es iluminados que s\u00e3o compartilhados pelos clientes, facilitando assim o contato entre eles e formando novos la\u00e7os sob os arcos e um outro ambiente, composto por sof\u00e1s, poltronas e mob\u00edlias requintadas, criando um clima mais aconchegante e tranquilo para conversas. Uma \u00f3tima op\u00e7\u00e3o para ir sozinho, acompanhado ou com amigos e ouvir m\u00fasica instrumental ao vivo.<\/p>\n<p>Como sugest\u00e3o de coquetel de autoria, o <em>Tosca <\/em>\u00e9 um excelente pedido. Feito \u00e0 base de tequila, vinho branco, gengibre, lim\u00e3o taiti, soda de hibisco e raspas de laranja ele tem um sabor c\u00edtrico e refrescante. #ficadica<\/p>\n<p>Um lugar diferente para conhecer, tanto pela sua arquitetura, quanto pelo clima agrad\u00e1vel e intimista do ambiente!<\/p>\n<ul>\n<li>Endere\u00e7o: Pra\u00e7a Ramos de Azevedo, s\/n subsolo do Theatro Municipal de S\u00e3o Paulo<\/li>\n<li>Hor\u00e1rio de funcionamento: de ter\u00e7a a s\u00e1bado, das 19h30 \u00e0s 2h30.<\/li>\n<\/ul>\n","protected":false},"excerpt":{"rendered":"<p>Por Camila Popadiuk &#8211; Associada ao CLIN-a \u00a0Edif\u00edcio Martinelli \u00c9 no centro de S\u00e3o Paulo, entre as ruas S\u00e3o Bento, S\u00e3o Jo\u00e3o e Libero Badar\u00f3 que se encontra o Edif\u00edcio Martinelli, uma constru\u00e7\u00e3o ic\u00f4nica que j\u00e1 foi o mais alto arranha-c\u00e9u da Am\u00e9rica do Sul. Sua constru\u00e7\u00e3o foi idealizada pelo imigrante italiano Giuseppe Martinelli e&hellip;<\/p>\n","protected":false},"author":1,"featured_media":0,"comment_status":"closed","ping_status":"open","sticky":false,"template":"","format":"standard","meta":{"footnotes":""},"categories":[13],"tags":[],"post_series":[],"class_list":["post-4026","post","type-post","status-publish","format-standard","hentry","category-jornada-2019","entry","no-media"],"aioseo_notices":[],"_links":{"self":[{"href":"https:\/\/ebp.org.br\/sp\/wp-json\/wp\/v2\/posts\/4026","targetHints":{"allow":["GET"]}}],"collection":[{"href":"https:\/\/ebp.org.br\/sp\/wp-json\/wp\/v2\/posts"}],"about":[{"href":"https:\/\/ebp.org.br\/sp\/wp-json\/wp\/v2\/types\/post"}],"author":[{"embeddable":true,"href":"https:\/\/ebp.org.br\/sp\/wp-json\/wp\/v2\/users\/1"}],"replies":[{"embeddable":true,"href":"https:\/\/ebp.org.br\/sp\/wp-json\/wp\/v2\/comments?post=4026"}],"version-history":[{"count":0,"href":"https:\/\/ebp.org.br\/sp\/wp-json\/wp\/v2\/posts\/4026\/revisions"}],"wp:attachment":[{"href":"https:\/\/ebp.org.br\/sp\/wp-json\/wp\/v2\/media?parent=4026"}],"wp:term":[{"taxonomy":"category","embeddable":true,"href":"https:\/\/ebp.org.br\/sp\/wp-json\/wp\/v2\/categories?post=4026"},{"taxonomy":"post_tag","embeddable":true,"href":"https:\/\/ebp.org.br\/sp\/wp-json\/wp\/v2\/tags?post=4026"},{"taxonomy":"post_series","embeddable":true,"href":"https:\/\/ebp.org.br\/sp\/wp-json\/wp\/v2\/post_series?post=4026"}],"curies":[{"name":"wp","href":"https:\/\/api.w.org\/{rel}","templated":true}]}}