{"id":3992,"date":"2019-07-17T06:09:53","date_gmt":"2019-07-17T09:09:53","guid":{"rendered":"http:\/\/ebp.org.br\/sp\/?p=3992"},"modified":"2019-07-17T06:09:53","modified_gmt":"2019-07-17T09:09:53","slug":"editorial-boletim-tracos-03","status":"publish","type":"post","link":"https:\/\/ebp.org.br\/sp\/editorial-boletim-tracos-03\/","title":{"rendered":"Editorial Boletim Tra\u00e7os #03"},"content":{"rendered":"<figure id=\"attachment_3969\" aria-describedby=\"caption-attachment-3969\" style=\"width: 439px\" class=\"wp-caption alignright\"><img loading=\"lazy\" decoding=\"async\" class=\"size-full wp-image-3969\" src=\"https:\/\/ebp.org.br\/new\/sp\/wp-content\/uploads\/2019\/07\/tracos003_001-1.png\" alt=\"por Il Lee. Instagram @artprojectsny\" width=\"439\" height=\"631\" srcset=\"https:\/\/ebp.org.br\/sp\/wp-content\/uploads\/2019\/07\/tracos003_001-1.png 439w, https:\/\/ebp.org.br\/sp\/wp-content\/uploads\/2019\/07\/tracos003_001-1-209x300.png 209w\" sizes=\"auto, (max-width: 439px) 100vw, 439px\" \/><figcaption id=\"caption-attachment-3969\" class=\"wp-caption-text\">por Il Lee. Instagram @artprojectsny<\/figcaption><\/figure>\n<p>Saindo do forno o terceiro n\u00famero de Tra\u00e7os, o boletim das IX Jornadas da Escola Brasileira de Psican\u00e1lise, S\u00e3o Paulo, que acontecer\u00e1 em outubro, com a presen\u00e7a de Marie-H\u00e9l\u00e8ne Brousse, em torno da Solid\u00e3o.<\/p>\n<p>S\u00e3o textos epist\u00eamicos que lan\u00e7am quest\u00f5es para o debate, provocam a reflex\u00e3o e a investiga\u00e7\u00e3o em torno de um tema &#8211; j\u00e1 que Solid\u00e3o n\u00e3o \u00e9 um conceito. Como bem coloca Rodrigo Lyra Carvalho (EBP\/AMP), colega da se\u00e7\u00e3o Rio de Janeiro: \u201c<em>Tomar um afeto como objeto de pesquisa \u00e9 algo que a psican\u00e1lise faz com prud\u00eancia<\/em>\u201d; prud\u00eancia que nos faz afastar da an\u00e1lise do fen\u00f4meno social e tom\u00e1-lo do ponto de vista estrutural, como condi\u00e7\u00e3o mesma do ser. Ent\u00e3o, como refletir \u201c<em>Sobre a solid\u00e3o hiperconectada<\/em>\u201d? Eis a contribui\u00e7\u00e3o de nosso colega carioca.<\/p>\n<p>Do interior de S\u00e3o Paulo, dois textos: Maria C\u00e9lia Kato (EBP\/AMP), da se\u00e7\u00e3o S\u00e3o Paulo, aborda a solid\u00e3o do ato, seu ponto de horror e o desejo do analista. Eduardo Benedicto (EBP\/AMP), tamb\u00e9m da se\u00e7\u00e3o S\u00e3o Paulo, por outras veredas, aborda a opera\u00e7\u00e3o anal\u00edtica como sendo o \u201c<em>la\u00e7o entre o UM e sua radical solid\u00e3o<\/em>\u201d.<\/p>\n<p>Para concluir o bloco epist\u00eamico, temos a confer\u00eancia realizada por Clara Maria Holguin (AME NEL- Bogot\u00e1\/AMP), na se\u00e7\u00e3o S\u00e3o Paulo, com o t\u00edtulo \u201cUm la\u00e7o \u00eaxtimo: solid\u00e3o com la\u00e7o. A prop\u00f3sito do ato anal\u00edtico e da garantia\u201d. Cuidadoso percurso acerca da paradoxal rela\u00e7\u00e3o entre o ato &#8211; sempre solit\u00e1rio &#8211; e a garantia.<\/p>\n<p>Este boletim mostra, atrav\u00e9s de sua variedade geogr\u00e1fica &#8211; Rio, S\u00e3o Paulo, Bogot\u00e1 &#8211; que \u201cos membros de uma Escola que vivem em meios sociais e culturais distintos, um a um, sentem-se formando parte de um conjunto, compartilhando como destino a psican\u00e1lise e constituindo um \u00fanico movimento mundial\u201d. Solid\u00e3o, um a um, em uma experi\u00eancia de Escola.<\/p>\n<p>Para animar a escrita de trabalhos para as mesas simult\u00e2neas, bem como o trabalho em torno do tema das nossas Jornadas, Daniela Affonso de Camargo (EBP\/AMP) prop\u00f5e as Refer\u00eancias Bibliogr\u00e1ficas &#8211; lembrando que os trabalhos ser\u00e3o aceitos at\u00e9 19 de setembro.<\/p>\n<p>E para encerrar com chave de ouro e animar os que est\u00e3o geograficamente mais distantes, Gabriela Malvezzi do Amaral, na rubrica \u201cLa\u00e7os em Sampa\u201d, traz o que acontece na cultura desta cidade que n\u00e3o p\u00e1ra, que faz barulho, que inventa modos de tratar a solid\u00e3o.<\/p>\n<p>Espero que gostem da leitura!<\/p>\n<h6><strong>por Valeria Ferranti\u00a0<\/strong><strong>(EBP\/AMP)<\/strong><\/h6>\n","protected":false},"excerpt":{"rendered":"<p>Saindo do forno o terceiro n\u00famero de Tra\u00e7os, o boletim das IX Jornadas da Escola Brasileira de Psican\u00e1lise, S\u00e3o Paulo, que acontecer\u00e1 em outubro, com a presen\u00e7a de Marie-H\u00e9l\u00e8ne Brousse, em torno da Solid\u00e3o. S\u00e3o textos epist\u00eamicos que lan\u00e7am quest\u00f5es para o debate, provocam a reflex\u00e3o e a investiga\u00e7\u00e3o em torno de um tema &#8211;&hellip;<\/p>\n","protected":false},"author":1,"featured_media":0,"comment_status":"closed","ping_status":"open","sticky":false,"template":"","format":"standard","meta":{"footnotes":""},"categories":[13],"tags":[],"post_series":[],"class_list":["post-3992","post","type-post","status-publish","format-standard","hentry","category-jornada-2019","entry","no-media"],"aioseo_notices":[],"_links":{"self":[{"href":"https:\/\/ebp.org.br\/sp\/wp-json\/wp\/v2\/posts\/3992","targetHints":{"allow":["GET"]}}],"collection":[{"href":"https:\/\/ebp.org.br\/sp\/wp-json\/wp\/v2\/posts"}],"about":[{"href":"https:\/\/ebp.org.br\/sp\/wp-json\/wp\/v2\/types\/post"}],"author":[{"embeddable":true,"href":"https:\/\/ebp.org.br\/sp\/wp-json\/wp\/v2\/users\/1"}],"replies":[{"embeddable":true,"href":"https:\/\/ebp.org.br\/sp\/wp-json\/wp\/v2\/comments?post=3992"}],"version-history":[{"count":0,"href":"https:\/\/ebp.org.br\/sp\/wp-json\/wp\/v2\/posts\/3992\/revisions"}],"wp:attachment":[{"href":"https:\/\/ebp.org.br\/sp\/wp-json\/wp\/v2\/media?parent=3992"}],"wp:term":[{"taxonomy":"category","embeddable":true,"href":"https:\/\/ebp.org.br\/sp\/wp-json\/wp\/v2\/categories?post=3992"},{"taxonomy":"post_tag","embeddable":true,"href":"https:\/\/ebp.org.br\/sp\/wp-json\/wp\/v2\/tags?post=3992"},{"taxonomy":"post_series","embeddable":true,"href":"https:\/\/ebp.org.br\/sp\/wp-json\/wp\/v2\/post_series?post=3992"}],"curies":[{"name":"wp","href":"https:\/\/api.w.org\/{rel}","templated":true}]}}