{"id":3169,"date":"2018-07-22T05:32:09","date_gmt":"2018-07-22T08:32:09","guid":{"rendered":"http:\/\/ebp.org.br\/sp\/?p=3169"},"modified":"2018-07-22T05:32:09","modified_gmt":"2018-07-22T08:32:09","slug":"editorial-boletim-cupid-03","status":"publish","type":"post","link":"https:\/\/ebp.org.br\/sp\/editorial-boletim-cupid-03\/","title":{"rendered":"#Editorial Boletim #Cupid #03"},"content":{"rendered":"<figure id=\"attachment_3161\" aria-describedby=\"caption-attachment-3161\" style=\"width: 192px\" class=\"wp-caption alignright\"><img loading=\"lazy\" decoding=\"async\" class=\"size-full wp-image-3161\" src=\"https:\/\/ebp.org.br\/new\/sp\/wp-content\/uploads\/2018\/07\/boletim3_001-1.png\" alt=\"\" width=\"192\" height=\"193\" srcset=\"https:\/\/ebp.org.br\/sp\/wp-content\/uploads\/2018\/07\/boletim3_001-1.png 192w, https:\/\/ebp.org.br\/sp\/wp-content\/uploads\/2018\/07\/boletim3_001-1-150x150.png 150w\" sizes=\"auto, (max-width: 192px) 100vw, 192px\" \/><figcaption id=\"caption-attachment-3161\" class=\"wp-caption-text\">(Foto: Instagram @cimkedi)<\/figcaption><\/figure>\n<h6>Por Milena Vicari Crastelo<\/h6>\n<blockquote><p>\u201cQualquer coisa<br \/>\npergunta-me qualquer coisa<br \/>\numa tolice<br \/>\num mist\u00e9rio indecifr\u00e1vel<br \/>\nsimplesmente<br \/>\npara que eu saiba<br \/>\nque queres ainda saber<br \/>\npara que mesmo sem te responder<br \/>\nsaibas o que te quero dizer\u201d<\/p>\n<h6>Excerto do poema \u201cPergunta-me\u201d, in Raiz de orvalho e outros poemas. Mia Couto<\/h6>\n<\/blockquote>\n<figure id=\"attachment_3162\" aria-describedby=\"caption-attachment-3162\" style=\"width: 192px\" class=\"wp-caption alignright\"><img loading=\"lazy\" decoding=\"async\" class=\"size-full wp-image-3162\" src=\"https:\/\/ebp.org.br\/new\/sp\/wp-content\/uploads\/2018\/07\/boletim3_002-1.png\" alt=\"\" width=\"192\" height=\"192\" srcset=\"https:\/\/ebp.org.br\/sp\/wp-content\/uploads\/2018\/07\/boletim3_002-1.png 192w, https:\/\/ebp.org.br\/sp\/wp-content\/uploads\/2018\/07\/boletim3_002-1-150x150.png 150w\" sizes=\"auto, (max-width: 192px) 100vw, 192px\" \/><figcaption id=\"caption-attachment-3162\" class=\"wp-caption-text\">(Foto: Instagram @estelionathalia)<\/figcaption><\/figure>\n<p>Em nosso <strong>#Cupid<\/strong>, terceiro n\u00famero, voc\u00eas encontrar\u00e3o contribui\u00e7\u00f5es valiosas para a VIII Jornadas da Escola Brasileira de Psican\u00e1lise Se\u00e7\u00e3o S\u00e3o Paulo \u2013 Amor e sexo em tempos de (des)conex\u00f5es.<\/p>\n<p>A rubrica <strong>#orienta\u00e7\u00e3o<\/strong> traz dois textos, um de nossa convidada Christiane Alberti: Mais longe que o amor, publicado na revista La Cause du D\u00e9sir n\u00b0 92, texto escrito para <em>45\u00b0 Journ\u00e9es de l\u00b4\u00c9cole da la Cause Freudienne<\/em>, <em>Journ\u00e9es<\/em>, que por ocasi\u00e3o do atentado, em Paris de 13 de novembro de 2015, n\u00e3o aconteceu. Alberti, que ir\u00e1 abordar o enigma do <em>fazer par<\/em>, nos diz: \u201cFazer par vai mais longe que o amor\u201d.<\/p>\n<p>Carmen Cervelatti em seu texto <em>Que o real esteja ancorado!<\/em> Tece, <strong>\u00e0<\/strong> luz do semin\u00e1rio 19, mais precisamente <em>cap\u00edtulo XIII: Na base da diferen\u00e7a dos sexos<\/em>, elabora\u00e7\u00f5es acerca desta interjei\u00e7\u00e3o de Lacan, t\u00edtulo de seu texto e que expressa \u201cum apelo em rela\u00e7\u00e3o ao real\u201d.<\/p>\n<p><strong>#Ecos de quarta<\/strong> traz um texto de Veridiana Marucio, fruto de uma atividade preparat\u00f3ria na Se\u00e7\u00e3o SP, que tem o t\u00edtulo \u201cA nossa onda de amor n\u00e3o h\u00e1 quem corte\u201d! . Veridiana desenvolve cinco subt\u00edtulos, partindo da: Qu\u00edmica ou del\u00edrio neur\u00f3tico? at\u00e9 \u2018<em>Ainda encontro a f\u00f3rmula do amor\u2019. <\/em>Seria o amor uma possibilidade de conex\u00e3o para dois seres falantes?<\/p>\n<p>Instigada pelo tema de nossa Jornadas Fl\u00e1via Machado Seidinger Leibovitz traz suas contribui\u00e7\u00f5es e quest\u00f5es frente a estes tempos atuais no texto Rumo a uma quest\u00e3o sobre o Supereu em tempos de (des)conex\u00e3o, que voc\u00eas ler\u00e3o na rubrica #Tempos Modernos.<\/p>\n<p>Na rubrica <strong>#Alguma palavras<\/strong> Camila Popadiuk traz uma resenha coment\u00e1rio partindo de uma frase de Lacan, no semin\u00e1rio 11, <em>Os quatro conceitos fundamentais da psican\u00e1lise<\/em>.<\/p>\n<p><strong>#Match<\/strong> traz a exposi\u00e7\u00e3o \u201cA letra \u00e9 a tra\u00e7a da letra&#8221;, de Helena Trindade que acontece no instituto Tome Ohtake.<\/p>\n<p><strong>#Refer\u00eancias Bibliogr\u00e1ficas<\/strong> traz textos fundamentais para inspirar as pesquisas e escrita para a nossa Jornadas. Lembrando que o prazo para entrega de trabalhos termina em 17 de setembro\u00a0\u00a0\u00a0\u00a0\u00a0\u00a0 e no site voc\u00eas encontrar\u00e3o os eixos e as normas para envio dos trabalhos!<\/p>\n<p>Boa leitura a todos!<\/p>\n","protected":false},"excerpt":{"rendered":"<p>Por Milena Vicari Crastelo \u201cQualquer coisa pergunta-me qualquer coisa uma tolice um mist\u00e9rio indecifr\u00e1vel simplesmente para que eu saiba que queres ainda saber para que mesmo sem te responder saibas o que te quero dizer\u201d Excerto do poema \u201cPergunta-me\u201d, in Raiz de orvalho e outros poemas. Mia Couto Em nosso #Cupid, terceiro n\u00famero, voc\u00eas encontrar\u00e3o&hellip;<\/p>\n","protected":false},"author":1,"featured_media":0,"comment_status":"closed","ping_status":"open","sticky":false,"template":"","format":"standard","meta":{"footnotes":""},"categories":[12],"tags":[],"post_series":[],"class_list":["post-3169","post","type-post","status-publish","format-standard","hentry","category-jornada-2018","entry","no-media"],"aioseo_notices":[],"_links":{"self":[{"href":"https:\/\/ebp.org.br\/sp\/wp-json\/wp\/v2\/posts\/3169","targetHints":{"allow":["GET"]}}],"collection":[{"href":"https:\/\/ebp.org.br\/sp\/wp-json\/wp\/v2\/posts"}],"about":[{"href":"https:\/\/ebp.org.br\/sp\/wp-json\/wp\/v2\/types\/post"}],"author":[{"embeddable":true,"href":"https:\/\/ebp.org.br\/sp\/wp-json\/wp\/v2\/users\/1"}],"replies":[{"embeddable":true,"href":"https:\/\/ebp.org.br\/sp\/wp-json\/wp\/v2\/comments?post=3169"}],"version-history":[{"count":0,"href":"https:\/\/ebp.org.br\/sp\/wp-json\/wp\/v2\/posts\/3169\/revisions"}],"wp:attachment":[{"href":"https:\/\/ebp.org.br\/sp\/wp-json\/wp\/v2\/media?parent=3169"}],"wp:term":[{"taxonomy":"category","embeddable":true,"href":"https:\/\/ebp.org.br\/sp\/wp-json\/wp\/v2\/categories?post=3169"},{"taxonomy":"post_tag","embeddable":true,"href":"https:\/\/ebp.org.br\/sp\/wp-json\/wp\/v2\/tags?post=3169"},{"taxonomy":"post_series","embeddable":true,"href":"https:\/\/ebp.org.br\/sp\/wp-json\/wp\/v2\/post_series?post=3169"}],"curies":[{"name":"wp","href":"https:\/\/api.w.org\/{rel}","templated":true}]}}