{"id":3011,"date":"2018-06-02T06:56:52","date_gmt":"2018-06-02T09:56:52","guid":{"rendered":"http:\/\/ebp.org.br\/sp\/?p=3011"},"modified":"2018-06-02T06:56:52","modified_gmt":"2018-06-02T09:56:52","slug":"editorial-boletim-cupid-02","status":"publish","type":"post","link":"https:\/\/ebp.org.br\/sp\/editorial-boletim-cupid-02\/","title":{"rendered":"#Editorial Boletim #Cupid #02"},"content":{"rendered":"<figure id=\"attachment_3001\" aria-describedby=\"caption-attachment-3001\" style=\"width: 189px\" class=\"wp-caption alignright\"><img loading=\"lazy\" decoding=\"async\" class=\"wp-image-3001 size-full\" src=\"http:\/\/ebp.org.br\/sp\/wp-content\/uploads\/2018\/06\/cupid002_001.png\" alt=\"\" width=\"189\" height=\"189\" \/><figcaption id=\"caption-attachment-3001\" class=\"wp-caption-text\">(Imagem: Brazilian Art Developers\/BAD; foto: @mariabaigur)<\/figcaption><\/figure>\n<p>Caros leitores,<\/p>\n<p>Bem-vindos ao #Cupid2!<\/p>\n<p>Seguimos com a prepara\u00e7\u00e3o para as VIII Jornadas da Se\u00e7\u00e3o S\u00e3o Paulo: Amor e sexo em tempos de (des)conex\u00f5es. Apresentamos nossas contribui\u00e7\u00f5es com a expectativa de que voc\u00eas possam se conectar mais ainda ao nosso tema!<\/p>\n<p>Em <em>#Interven\u00e7\u00f5es Art\u00edsticas<\/em>, Fab\u00edola Ramon aborda, em um breve texto, o trabalho de Bansksy, artista ingl\u00eas que, assim como o rato utilizado no cartaz das jornadas, se lan\u00e7a na arte a partir do que faz furo na cidade, como ela nos aponta.<\/p>\n<p>Em<em> #Ecos de Quarta<\/em> contamos com uma vasta pesquisa realizada por Fernanda Ottoni Brisset a partir de seu encontro com o livro &#8211; <em>O que do encontro se escreve <\/em>e de seu autor, Pierre Naveau, pela ocasi\u00e3o das Jornadas da Se\u00e7\u00e3o Minas de 2017. Segundo ela, o livro conversa de perto com o tema das nossas jornadas: <em>\u201cA l\u00f3gica do encontro se articula, indiscutivelmente, com as conex\u00f5es e desconex\u00f5es, com o que n\u00e3o existe e o que insiste, com os fios que tecem um la\u00e7o e o furo que desse la\u00e7o participa\u201d.<\/em><\/p>\n<p>#<em>Em tempos de Black Mirror<\/em> traz uma contribui\u00e7\u00e3o de Marcus Andr\u00e9 Vieira. A s\u00e9rie criada pelo brit\u00e2nico Charlie Brooker n\u00e3o trata somente de tecnologia, mas sim da forma como ela afeta a maneira como vivemos nos dias atuais. Sim, o tempo verbal est\u00e1 no presente! Como nos lembra Marcus Andr\u00e9 no texto que aqui apresentamos, fruto de uma atividade da A\u00e7\u00e3o Lacaniana, os epis\u00f3dios est\u00e3o centrados em fatos que podem acontecer em 10 minutos se formos desastrados! Eles ilustram onde podemos chegar com rela\u00e7\u00e3o a diferentes quest\u00f5es presentes na atualidade. \u201c<em>\u00c9 preciso a singularidade para amar\u201d?<\/em> Pergunta Marcus Andr\u00e9 no final de seu texto, quest\u00e3o que abre uma boa conversa e que se conecta ao nosso tema.<\/p>\n<p>Aproveitem as dicas do <em>#Match<\/em> e se inspirem em suas pesquisas no <em>#Refer\u00eancias Bibliogr\u00e1ficas<\/em>.<\/p>\n<p>Aproveitem a leitura!<\/p>\n<h6>Veridiana Marucio<br \/>\nCoordenadora Geral das Jornadas<\/h6>\n","protected":false},"excerpt":{"rendered":"<p>Caros leitores, Bem-vindos ao #Cupid2! Seguimos com a prepara\u00e7\u00e3o para as VIII Jornadas da Se\u00e7\u00e3o S\u00e3o Paulo: Amor e sexo em tempos de (des)conex\u00f5es. Apresentamos nossas contribui\u00e7\u00f5es com a expectativa de que voc\u00eas possam se conectar mais ainda ao nosso tema! Em #Interven\u00e7\u00f5es Art\u00edsticas, Fab\u00edola Ramon aborda, em um breve texto, o trabalho de Bansksy,&hellip;<\/p>\n","protected":false},"author":1,"featured_media":0,"comment_status":"closed","ping_status":"open","sticky":false,"template":"","format":"standard","meta":{"footnotes":""},"categories":[12],"tags":[],"post_series":[],"class_list":["post-3011","post","type-post","status-publish","format-standard","hentry","category-jornada-2018","entry","no-media"],"aioseo_notices":[],"_links":{"self":[{"href":"https:\/\/ebp.org.br\/sp\/wp-json\/wp\/v2\/posts\/3011","targetHints":{"allow":["GET"]}}],"collection":[{"href":"https:\/\/ebp.org.br\/sp\/wp-json\/wp\/v2\/posts"}],"about":[{"href":"https:\/\/ebp.org.br\/sp\/wp-json\/wp\/v2\/types\/post"}],"author":[{"embeddable":true,"href":"https:\/\/ebp.org.br\/sp\/wp-json\/wp\/v2\/users\/1"}],"replies":[{"embeddable":true,"href":"https:\/\/ebp.org.br\/sp\/wp-json\/wp\/v2\/comments?post=3011"}],"version-history":[{"count":0,"href":"https:\/\/ebp.org.br\/sp\/wp-json\/wp\/v2\/posts\/3011\/revisions"}],"wp:attachment":[{"href":"https:\/\/ebp.org.br\/sp\/wp-json\/wp\/v2\/media?parent=3011"}],"wp:term":[{"taxonomy":"category","embeddable":true,"href":"https:\/\/ebp.org.br\/sp\/wp-json\/wp\/v2\/categories?post=3011"},{"taxonomy":"post_tag","embeddable":true,"href":"https:\/\/ebp.org.br\/sp\/wp-json\/wp\/v2\/tags?post=3011"},{"taxonomy":"post_series","embeddable":true,"href":"https:\/\/ebp.org.br\/sp\/wp-json\/wp\/v2\/post_series?post=3011"}],"curies":[{"name":"wp","href":"https:\/\/api.w.org\/{rel}","templated":true}]}}