{"id":2891,"date":"2018-05-08T14:09:33","date_gmt":"2018-05-08T17:09:33","guid":{"rendered":"http:\/\/ebp.org.br\/sp\/?p=2891"},"modified":"2018-05-08T14:09:33","modified_gmt":"2018-05-08T17:09:33","slug":"editorial-boletim-cupid-01","status":"publish","type":"post","link":"https:\/\/ebp.org.br\/sp\/editorial-boletim-cupid-01\/","title":{"rendered":"#Editorial Boletim #Cupid #01"},"content":{"rendered":"<h6>Por Milena Vicari Crastelo<\/h6>\n<p>#Cupid inaugura nossa comunica\u00e7\u00e3o com a comunidade anal\u00edtica: membros da escola, n\u00e3o membros da escola, alunos dos institutos e todos os que de alguma forma tem um amor e um la\u00e7o com a psican\u00e1lise.<\/p>\n<p>A VIII Jornadas da Escola Brasileira de Psican\u00e1lise Se\u00e7\u00e3o S\u00e3o Paulo \u2013 Amor e sexo em tempos de (des)conex\u00f5es, est\u00e1 em \u201cconex\u00e3o\u201d com o tema do la\u00e7o social que ser\u00e1 o orientador para as atividades da Se\u00e7\u00e3o S\u00e3o Paulo este ano.<\/p>\n<p>Voc\u00eas poder\u00e3o saber mais a respeito na rubrica #ecos das quartas onde Carmen Silvia Cervelatti, diretora da Se\u00e7\u00e3o-SP, nos apresenta como a tem\u00e1tica da VIII Jornadas foi concebida, nos falando a partir de seu amor pela psican\u00e1lise.<\/p>\n<p>Na rubrica #orienta\u00e7\u00e3o Veridiana Marucio, coordenadora geral e Maria Cec\u00edlia Galletti Ferretti, coordenadora da comiss\u00e3o de orienta\u00e7\u00e3o nos apresentam o argumento da VIII Jornadas e os eixos de trabalho respectivamente.<\/p>\n<p>Para iniciarem suas pesquisas para as Jornadas, a cada n\u00famero do boletim, teremos a rubrica #refer\u00eancias bibliogr\u00e1ficas, preparadas por Daniela de Barros Affonso e sua comiss\u00e3o.<\/p>\n<p>Desejo a voc\u00eas uma \u00f3tima leitura!<\/p>\n","protected":false},"excerpt":{"rendered":"<p>Por Milena Vicari Crastelo #Cupid inaugura nossa comunica\u00e7\u00e3o com a comunidade anal\u00edtica: membros da escola, n\u00e3o membros da escola, alunos dos institutos e todos os que de alguma forma tem um amor e um la\u00e7o com a psican\u00e1lise. A VIII Jornadas da Escola Brasileira de Psican\u00e1lise Se\u00e7\u00e3o S\u00e3o Paulo \u2013 Amor e sexo em tempos&hellip;<\/p>\n","protected":false},"author":1,"featured_media":0,"comment_status":"closed","ping_status":"open","sticky":false,"template":"","format":"standard","meta":{"footnotes":""},"categories":[12],"tags":[],"post_series":[],"class_list":["post-2891","post","type-post","status-publish","format-standard","hentry","category-jornada-2018","entry","no-media"],"aioseo_notices":[],"_links":{"self":[{"href":"https:\/\/ebp.org.br\/sp\/wp-json\/wp\/v2\/posts\/2891","targetHints":{"allow":["GET"]}}],"collection":[{"href":"https:\/\/ebp.org.br\/sp\/wp-json\/wp\/v2\/posts"}],"about":[{"href":"https:\/\/ebp.org.br\/sp\/wp-json\/wp\/v2\/types\/post"}],"author":[{"embeddable":true,"href":"https:\/\/ebp.org.br\/sp\/wp-json\/wp\/v2\/users\/1"}],"replies":[{"embeddable":true,"href":"https:\/\/ebp.org.br\/sp\/wp-json\/wp\/v2\/comments?post=2891"}],"version-history":[{"count":0,"href":"https:\/\/ebp.org.br\/sp\/wp-json\/wp\/v2\/posts\/2891\/revisions"}],"wp:attachment":[{"href":"https:\/\/ebp.org.br\/sp\/wp-json\/wp\/v2\/media?parent=2891"}],"wp:term":[{"taxonomy":"category","embeddable":true,"href":"https:\/\/ebp.org.br\/sp\/wp-json\/wp\/v2\/categories?post=2891"},{"taxonomy":"post_tag","embeddable":true,"href":"https:\/\/ebp.org.br\/sp\/wp-json\/wp\/v2\/tags?post=2891"},{"taxonomy":"post_series","embeddable":true,"href":"https:\/\/ebp.org.br\/sp\/wp-json\/wp\/v2\/post_series?post=2891"}],"curies":[{"name":"wp","href":"https:\/\/api.w.org\/{rel}","templated":true}]}}