{"id":2416,"date":"2017-05-01T03:13:55","date_gmt":"2017-05-01T06:13:55","guid":{"rendered":"http:\/\/ebpsp.org.br\/institucional\/?p=1578"},"modified":"2017-05-01T03:13:55","modified_gmt":"2017-05-01T06:13:55","slug":"jornadas-da-ebp-sp-pai-versoes","status":"publish","type":"post","link":"https:\/\/ebp.org.br\/sp\/jornadas-da-ebp-sp-pai-versoes\/","title":{"rendered":"Jornadas da EBP-SP &#8211; Pai-Vers\u00f5es"},"content":{"rendered":"<section class=\"wpb-content-wrapper\">[vc_row][vc_column][vc_column_text css=&#8221;.vc_custom_1493621745969{border-radius: 2px !important;}&#8221;]<img loading=\"lazy\" decoding=\"async\" class=\"alignleft wp-image-1570 \" src=\"http:\/\/ebpsp.org.br\/institucional\/wp-content\/uploads\/2015\/08\/cartaz_jornadas_ok-png.png\" alt=\"\" width=\"332\" height=\"469\" \/>As pr\u00f3ximas Jornadas da EBP-SP trabalhar\u00e3o as diferentes concep\u00e7\u00f5es da fun\u00e7\u00e3o paterna propostas por Lacan durante seu ensino. Nosso interesse est\u00e1 em explorar as descontinuidades entre o pai em Freud e o pai em Lacan e suas consequ\u00eancias para a cl\u00ednica, assim como fundamentar a necessidade de mudan\u00e7a do primeiro ensino, com o conceito de Nome-do-Pai, tal qual desenvolvido na met\u00e1fora paterna, para o \u00faltimo Lacan, no qual o termo \u201cp\u00e8re-versions\u201d associa pervers\u00e3o e vers\u00e3o do pai, a partir de seu car\u00e1ter homof\u00f4nico.<br \/>\nEste estudo encontra-se em conson\u00e2ncia com aquilo a que se dedica hoje a comunidade AMP, ao revisitar o conceito de psicose<sup>(1)<\/sup> e as novas constitui\u00e7\u00f5es das fam\u00edlias<sup>(2)<\/sup>.[\/vc_column_text][\/vc_column][\/vc_row]\n<\/section>","protected":false},"excerpt":{"rendered":"<p>[vc_row][vc_column][vc_column_text css=&#8221;.vc_custom_1493621745969{border-radius: 2px !important;}&#8221;]As pr\u00f3ximas Jornadas da EBP-SP trabalhar\u00e3o as diferentes concep\u00e7\u00f5es da fun\u00e7\u00e3o paterna propostas por Lacan durante seu ensino. Nosso interesse est\u00e1 em explorar as descontinuidades entre o pai em Freud e o pai em Lacan e suas consequ\u00eancias para a cl\u00ednica, assim como fundamentar a necessidade de mudan\u00e7a do primeiro ensino, com&hellip;<\/p>\n","protected":false},"author":1,"featured_media":0,"comment_status":"closed","ping_status":"closed","sticky":false,"template":"","format":"standard","meta":{"footnotes":""},"categories":[11],"tags":[],"post_series":[],"class_list":["post-2416","post","type-post","status-publish","format-standard","hentry","category-eventos","entry","no-media"],"aioseo_notices":[],"_links":{"self":[{"href":"https:\/\/ebp.org.br\/sp\/wp-json\/wp\/v2\/posts\/2416","targetHints":{"allow":["GET"]}}],"collection":[{"href":"https:\/\/ebp.org.br\/sp\/wp-json\/wp\/v2\/posts"}],"about":[{"href":"https:\/\/ebp.org.br\/sp\/wp-json\/wp\/v2\/types\/post"}],"author":[{"embeddable":true,"href":"https:\/\/ebp.org.br\/sp\/wp-json\/wp\/v2\/users\/1"}],"replies":[{"embeddable":true,"href":"https:\/\/ebp.org.br\/sp\/wp-json\/wp\/v2\/comments?post=2416"}],"version-history":[{"count":0,"href":"https:\/\/ebp.org.br\/sp\/wp-json\/wp\/v2\/posts\/2416\/revisions"}],"wp:attachment":[{"href":"https:\/\/ebp.org.br\/sp\/wp-json\/wp\/v2\/media?parent=2416"}],"wp:term":[{"taxonomy":"category","embeddable":true,"href":"https:\/\/ebp.org.br\/sp\/wp-json\/wp\/v2\/categories?post=2416"},{"taxonomy":"post_tag","embeddable":true,"href":"https:\/\/ebp.org.br\/sp\/wp-json\/wp\/v2\/tags?post=2416"},{"taxonomy":"post_series","embeddable":true,"href":"https:\/\/ebp.org.br\/sp\/wp-json\/wp\/v2\/post_series?post=2416"}],"curies":[{"name":"wp","href":"https:\/\/api.w.org\/{rel}","templated":true}]}}