{"id":2415,"date":"2017-02-17T10:21:27","date_gmt":"2017-02-17T13:21:27","guid":{"rendered":"http:\/\/ebpsp.org.br\/institucional\/?p=1306"},"modified":"2017-02-17T10:21:27","modified_gmt":"2017-02-17T13:21:27","slug":"olhar-sao-paulo","status":"publish","type":"post","link":"https:\/\/ebp.org.br\/sp\/olhar-sao-paulo\/","title":{"rendered":"Olhar Sao Paulo"},"content":{"rendered":"<section class=\"wpb-content-wrapper\">[vc_row][vc_column][vc_column_text]\n<div class=\"wpb_column vc_col-sm-12\">\n<div class=\"wpb_wrapper\">\n<h2 class=\"vc_custom_heading\">OLHAR S\u00c3O PAULO<\/h2>\n<\/div>\n<\/div>\n<div class=\"wpb_column vc_col-sm-12\">\n<div class=\"wpb_wrapper\">\n<div class=\"wpb_text_column wpb_content_element \">\n<div class=\"wpb_wrapper\">\n<p><span style=\"color: #ff0000;\">EXPOSI\u00c7\u00d5ES<\/span><\/p>\n<p><img loading=\"lazy\" decoding=\"async\" class=\"alignleft wp-image-1293 size-thumbnail\" src=\"http:\/\/ebpsp.org.br\/institucional\/wp-content\/uploads\/2017\/01\/com-borda-9-150x150.jpg\" sizes=\"auto, (max-width: 150px) 100vw, 150px\" srcset=\"http:\/\/ebpsp.org.br\/institucional\/wp-content\/uploads\/2017\/01\/com-borda-9-150x150.jpg 150w, http:\/\/ebpsp.org.br\/institucional\/wp-content\/uploads\/2017\/01\/com-borda-9-300x300.jpg 300w, http:\/\/ebpsp.org.br\/institucional\/wp-content\/uploads\/2017\/01\/com-borda-9-1024x1024.jpg 1024w, http:\/\/ebpsp.org.br\/institucional\/wp-content\/uploads\/2017\/01\/com-borda-9-180x180.jpg 180w, http:\/\/ebpsp.org.br\/institucional\/wp-content\/uploads\/2017\/01\/com-borda-9-600x600.jpg 600w\" alt=\"com borda 9\" width=\"150\" height=\"150\" \/>O Museu Afro Brasil, comemora o anivers\u00e1rio da cidade de S\u00e3o Paulo. <strong>\u201cVis\u00f5es de um poema sujo\u201d <\/strong>revisita a obra de Ferreira Gular (falecido no \u00faltimo dia 4 de dezembro), atrav\u00e9s de imagens do fot\u00f3grafo M\u00e1rcio Vasconcellos em livro e exposi\u00e7\u00e3o, com curadoria de Di\u00f3genes Moura.<\/p>\n<p>Comemorando os 110 anos da Pinacoteca de S\u00e3o Paulo, no dia 25 de janeiro ser\u00e1 inaugurada a exposi\u00e7\u00e3o <strong>\u201cCole\u00e7\u00f5es de um<img loading=\"lazy\" decoding=\"async\" class=\"alignright wp-image-1302 size-thumbnail\" src=\"http:\/\/ebpsp.org.br\/institucional\/wp-content\/uploads\/2017\/01\/com-borda-13-150x150.jpg\" sizes=\"auto, (max-width: 150px) 100vw, 150px\" srcset=\"http:\/\/ebpsp.org.br\/institucional\/wp-content\/uploads\/2017\/01\/com-borda-13-150x150.jpg 150w, http:\/\/ebpsp.org.br\/institucional\/wp-content\/uploads\/2017\/01\/com-borda-13-300x300.jpg 300w, http:\/\/ebpsp.org.br\/institucional\/wp-content\/uploads\/2017\/01\/com-borda-13-1024x1024.jpg 1024w, http:\/\/ebpsp.org.br\/institucional\/wp-content\/uploads\/2017\/01\/com-borda-13-180x180.jpg 180w, http:\/\/ebpsp.org.br\/institucional\/wp-content\/uploads\/2017\/01\/com-borda-13-600x600.jpg 600w\" alt=\"com borda 13\" width=\"150\" height=\"150\" \/> di\u00e1logo: Museu Paulista e Pinacoteca de S\u00e3o Paulo\u201d<\/strong>. A mostra remete \u00e0 origem comum de ambas as institui\u00e7\u00f5es: a Pinacoteca nasceu em 1905, com a transfer\u00eancia de 20 obras do Museu Paulista inaugurado em 1895.<\/p>\n<p>&nbsp;<\/p>\n<p><img loading=\"lazy\" decoding=\"async\" class=\"alignleft wp-image-1295 size-thumbnail\" src=\"http:\/\/ebpsp.org.br\/institucional\/wp-content\/uploads\/2017\/01\/com-borda-6-150x150.jpg\" sizes=\"auto, (max-width: 150px) 100vw, 150px\" srcset=\"http:\/\/ebpsp.org.br\/institucional\/wp-content\/uploads\/2017\/01\/com-borda-6-150x150.jpg 150w, http:\/\/ebpsp.org.br\/institucional\/wp-content\/uploads\/2017\/01\/com-borda-6-300x300.jpg 300w, http:\/\/ebpsp.org.br\/institucional\/wp-content\/uploads\/2017\/01\/com-borda-6-1024x1024.jpg 1024w, http:\/\/ebpsp.org.br\/institucional\/wp-content\/uploads\/2017\/01\/com-borda-6-180x180.jpg 180w, http:\/\/ebpsp.org.br\/institucional\/wp-content\/uploads\/2017\/01\/com-borda-6-600x600.jpg 600w\" alt=\"com borda 6\" width=\"150\" height=\"150\" \/>O Centro Cultural Correios de S\u00e3o Paulo, em parceira com o Centro, Museu Nacional de Belas Artes, Ibram e Minist\u00e9rio da Cultura realiza a exposi\u00e7\u00e3o <strong>\u201cDjanira: cronista de ritos, pintora de costumes\u201d<\/strong>, com a curadoria de Daniela Matera.<\/p>\n<p>&nbsp;<\/p>\n<p>O Museu de Sa\u00fade P\u00fablica Em\u00edlio Ribas, do Instituto Butantan e o Museu <img loading=\"lazy\" decoding=\"async\" class=\"alignright wp-image-1296 size-thumbnail\" src=\"http:\/\/ebpsp.org.br\/institucional\/wp-content\/uploads\/2017\/01\/com-bordo-7-150x150.jpg\" sizes=\"auto, (max-width: 150px) 100vw, 150px\" srcset=\"http:\/\/ebpsp.org.br\/institucional\/wp-content\/uploads\/2017\/01\/com-bordo-7-150x150.jpg 150w, http:\/\/ebpsp.org.br\/institucional\/wp-content\/uploads\/2017\/01\/com-bordo-7-300x300.jpg 300w, http:\/\/ebpsp.org.br\/institucional\/wp-content\/uploads\/2017\/01\/com-bordo-7-1024x1024.jpg 1024w, http:\/\/ebpsp.org.br\/institucional\/wp-content\/uploads\/2017\/01\/com-bordo-7-180x180.jpg 180w, http:\/\/ebpsp.org.br\/institucional\/wp-content\/uploads\/2017\/01\/com-bordo-7-600x600.jpg 600w\" alt=\"com bordo 7\" width=\"150\" height=\"150\" \/>Os\u00f3rio C\u00e9sar, do Complexo Hospitalar do Juquery, firmam parceira in\u00e9dita objetivando maior visibilidade \u00e0 hist\u00f3ria da sa\u00fade mental.<\/p>\n<p>&nbsp;<\/p>\n<p><img loading=\"lazy\" decoding=\"async\" class=\"alignleft wp-image-1297 size-thumbnail\" src=\"http:\/\/ebpsp.org.br\/institucional\/wp-content\/uploads\/2017\/01\/com-borda-5-150x150.jpg\" sizes=\"auto, (max-width: 150px) 100vw, 150px\" srcset=\"http:\/\/ebpsp.org.br\/institucional\/wp-content\/uploads\/2017\/01\/com-borda-5-150x150.jpg 150w, http:\/\/ebpsp.org.br\/institucional\/wp-content\/uploads\/2017\/01\/com-borda-5-300x300.jpg 300w, http:\/\/ebpsp.org.br\/institucional\/wp-content\/uploads\/2017\/01\/com-borda-5-1024x1024.jpg 1024w, http:\/\/ebpsp.org.br\/institucional\/wp-content\/uploads\/2017\/01\/com-borda-5-180x180.jpg 180w, http:\/\/ebpsp.org.br\/institucional\/wp-content\/uploads\/2017\/01\/com-borda-5-600x600.jpg 600w\" alt=\"com borda 5\" width=\"150\" height=\"150\" \/>A FNAC da Paulista recebe a exposi\u00e7\u00e3o <strong>\u201cDesvendando o Universo de Am\u00e9lie Poulain\u201d<\/strong>, com obras nas quais 15 artistas revelam seu olhar sobre o filme.<\/p>\n<p>&nbsp;<\/p>\n<p>&nbsp;<\/p>\n<p><span style=\"color: #ff0000;\">CINEMA<\/span><\/p>\n<p>Nathalie (Isabelle Huppert), professora de filosofia, casada e com filhos, vive<img loading=\"lazy\" decoding=\"async\" class=\"alignright wp-image-1298 size-thumbnail\" src=\"http:\/\/ebpsp.org.br\/institucional\/wp-content\/uploads\/2017\/01\/com-borda-8-150x150.jpg\" sizes=\"auto, (max-width: 150px) 100vw, 150px\" srcset=\"http:\/\/ebpsp.org.br\/institucional\/wp-content\/uploads\/2017\/01\/com-borda-8-150x150.jpg 150w, http:\/\/ebpsp.org.br\/institucional\/wp-content\/uploads\/2017\/01\/com-borda-8-300x300.jpg 300w, http:\/\/ebpsp.org.br\/institucional\/wp-content\/uploads\/2017\/01\/com-borda-8-1024x1024.jpg 1024w, http:\/\/ebpsp.org.br\/institucional\/wp-content\/uploads\/2017\/01\/com-borda-8-180x180.jpg 180w, http:\/\/ebpsp.org.br\/institucional\/wp-content\/uploads\/2017\/01\/com-borda-8-600x600.jpg 600w\" alt=\"com borda 8\" width=\"150\" height=\"150\" \/> uma vida de aparente tranquilidade, mas com a separa\u00e7\u00e3o passa a enfrentar uma s\u00e9rie de reviravoltas. <strong>\u201cO que est\u00e1 por vir\u201d (L\u00b4Avenir)<\/strong>, mostra a passagem do tempo e as mudan\u00e7as que tal passagem acarreta, mas o tema \u00e9 conduzido com leveza pela diretoria Mia Hansen-Love.<\/p>\n<p>&nbsp;<\/p>\n<p><strong><img loading=\"lazy\" decoding=\"async\" class=\"alignleft wp-image-1299 size-thumbnail\" src=\"http:\/\/ebpsp.org.br\/institucional\/wp-content\/uploads\/2017\/01\/com-borda-10-150x150.jpg\" sizes=\"auto, (max-width: 150px) 100vw, 150px\" srcset=\"http:\/\/ebpsp.org.br\/institucional\/wp-content\/uploads\/2017\/01\/com-borda-10-150x150.jpg 150w, http:\/\/ebpsp.org.br\/institucional\/wp-content\/uploads\/2017\/01\/com-borda-10-300x300.jpg 300w, http:\/\/ebpsp.org.br\/institucional\/wp-content\/uploads\/2017\/01\/com-borda-10-1024x1024.jpg 1024w, http:\/\/ebpsp.org.br\/institucional\/wp-content\/uploads\/2017\/01\/com-borda-10-180x180.jpg 180w, http:\/\/ebpsp.org.br\/institucional\/wp-content\/uploads\/2017\/01\/com-borda-10-600x600.jpg 600w\" alt=\"com borda 10\" width=\"150\" height=\"150\" \/>\u201cNeruda\u201d<\/strong> \u00e9 dedicado ao per\u00edodo mais nebuloso da trajet\u00f3ria de Pablo Neruda. Perseguido pelo governo totalit\u00e1rio chileno, o poeta se refugiou no sul do pa\u00eds. Neste vazio da hist\u00f3ria, o diretor Pablo Larra\u00edn transforma a biografia em exerc\u00edcio de imagina\u00e7\u00e3o.<\/p>\n<p>&nbsp;<\/p>\n<p><strong>\u201cO Apartamento\u201d <\/strong>\u00e9 outro grande filme de Farhadi, na sequ\u00eancia de \u201c\u00c0<img loading=\"lazy\" decoding=\"async\" class=\"alignright wp-image-1300 size-thumbnail\" src=\"http:\/\/ebpsp.org.br\/institucional\/wp-content\/uploads\/2017\/01\/com-borda-11-150x150.jpg\" sizes=\"auto, (max-width: 150px) 100vw, 150px\" srcset=\"http:\/\/ebpsp.org.br\/institucional\/wp-content\/uploads\/2017\/01\/com-borda-11-150x150.jpg 150w, http:\/\/ebpsp.org.br\/institucional\/wp-content\/uploads\/2017\/01\/com-borda-11-300x300.jpg 300w, http:\/\/ebpsp.org.br\/institucional\/wp-content\/uploads\/2017\/01\/com-borda-11-1024x1024.jpg 1024w, http:\/\/ebpsp.org.br\/institucional\/wp-content\/uploads\/2017\/01\/com-borda-11-180x180.jpg 180w, http:\/\/ebpsp.org.br\/institucional\/wp-content\/uploads\/2017\/01\/com-borda-11-600x600.jpg 600w\" alt=\"com borda 11\" width=\"150\" height=\"150\" \/> Procura de Elly\u201d, \u201cSepara\u00e7\u00e3o\u201d e \u201cO Passado\u201d. Fazer justi\u00e7a com as pr\u00f3prias m\u00e3os? Para Farhadi, o \u201cfilme coloca um problema \u00e9tico. Tem gente que acredita que a viol\u00eancia que vai cometer \u00e9 justificada. Sei que \u00e9 complicado, mas o terrorismo parte desse princ\u00edpio\u201d.<\/p>\n<p>&nbsp;<\/p>\n<p><span style=\"color: #ff0000;\">TEATRO<\/span><\/p>\n<p><img loading=\"lazy\" decoding=\"async\" class=\"alignleft wp-image-1301 size-thumbnail\" src=\"http:\/\/ebpsp.org.br\/institucional\/wp-content\/uploads\/2017\/01\/com-borda-12-150x150.jpg\" sizes=\"auto, (max-width: 150px) 100vw, 150px\" srcset=\"http:\/\/ebpsp.org.br\/institucional\/wp-content\/uploads\/2017\/01\/com-borda-12-150x150.jpg 150w, http:\/\/ebpsp.org.br\/institucional\/wp-content\/uploads\/2017\/01\/com-borda-12-300x300.jpg 300w, http:\/\/ebpsp.org.br\/institucional\/wp-content\/uploads\/2017\/01\/com-borda-12-1024x1024.jpg 1024w, http:\/\/ebpsp.org.br\/institucional\/wp-content\/uploads\/2017\/01\/com-borda-12-180x180.jpg 180w, http:\/\/ebpsp.org.br\/institucional\/wp-content\/uploads\/2017\/01\/com-borda-12-600x600.jpg 600w\" alt=\"com borda 12\" width=\"150\" height=\"150\" \/>Um homem submerso em posi\u00e7\u00e3o fetal sobe para respirar. <strong>\u201cOsmo\u201d<\/strong>, personagem-t\u00edtulo vivido por Donizeti Mazonas, narra sua hist\u00f3ria e questiona a capacidade de os ouvintes o entenderem. Permanece nu dentro do aqu\u00e1rio, vangloria-se do pr\u00f3prio corpo, de seus feitos e da beleza com que realiza os \u201cgrandes atos\u201d. Pe\u00e7a baseada no conto de Hilda Hilst, com dire\u00e7\u00e3o de Suzan Damasce<\/p>\n<\/div>\n<\/div>\n<\/div>\n<\/div>\n[\/vc_column_text][\/vc_column][\/vc_row]\n<\/section>","protected":false},"excerpt":{"rendered":"<p>[vc_row][vc_column][vc_column_text] OLHAR S\u00c3O PAULO EXPOSI\u00c7\u00d5ES O Museu Afro Brasil, comemora o anivers\u00e1rio da cidade de S\u00e3o Paulo. \u201cVis\u00f5es de um poema sujo\u201d revisita a obra de Ferreira Gular (falecido no \u00faltimo dia 4 de dezembro), atrav\u00e9s de imagens do fot\u00f3grafo M\u00e1rcio Vasconcellos em livro e exposi\u00e7\u00e3o, com curadoria de Di\u00f3genes Moura. Comemorando os 110 anos&hellip;<\/p>\n","protected":false},"author":1,"featured_media":0,"comment_status":"closed","ping_status":"open","sticky":false,"template":"","format":"standard","meta":{"footnotes":""},"categories":[1],"tags":[],"post_series":[],"class_list":["post-2415","post","type-post","status-publish","format-standard","hentry","category-sem-categoria","entry","no-media"],"aioseo_notices":[],"_links":{"self":[{"href":"https:\/\/ebp.org.br\/sp\/wp-json\/wp\/v2\/posts\/2415","targetHints":{"allow":["GET"]}}],"collection":[{"href":"https:\/\/ebp.org.br\/sp\/wp-json\/wp\/v2\/posts"}],"about":[{"href":"https:\/\/ebp.org.br\/sp\/wp-json\/wp\/v2\/types\/post"}],"author":[{"embeddable":true,"href":"https:\/\/ebp.org.br\/sp\/wp-json\/wp\/v2\/users\/1"}],"replies":[{"embeddable":true,"href":"https:\/\/ebp.org.br\/sp\/wp-json\/wp\/v2\/comments?post=2415"}],"version-history":[{"count":0,"href":"https:\/\/ebp.org.br\/sp\/wp-json\/wp\/v2\/posts\/2415\/revisions"}],"wp:attachment":[{"href":"https:\/\/ebp.org.br\/sp\/wp-json\/wp\/v2\/media?parent=2415"}],"wp:term":[{"taxonomy":"category","embeddable":true,"href":"https:\/\/ebp.org.br\/sp\/wp-json\/wp\/v2\/categories?post=2415"},{"taxonomy":"post_tag","embeddable":true,"href":"https:\/\/ebp.org.br\/sp\/wp-json\/wp\/v2\/tags?post=2415"},{"taxonomy":"post_series","embeddable":true,"href":"https:\/\/ebp.org.br\/sp\/wp-json\/wp\/v2\/post_series?post=2415"}],"curies":[{"name":"wp","href":"https:\/\/api.w.org\/{rel}","templated":true}]}}