{"id":1100,"date":"2016-11-29T19:38:52","date_gmt":"2016-11-29T22:38:52","guid":{"rendered":"http:\/\/ebpsp.org.br\/institucional\/?p=1100"},"modified":"2016-11-29T19:38:52","modified_gmt":"2016-11-29T22:38:52","slug":"carta-sao-paulo-modelo","status":"publish","type":"post","link":"https:\/\/ebp.org.br\/sp\/carta-sao-paulo-modelo\/","title":{"rendered":"Carta S\u00e3o Paulo &#8211; MODELO"},"content":{"rendered":"<section class=\"wpb-content-wrapper\">[vc_row][vc_column][vc_column_text]<a href=\"http:\/\/ebpsp.org.br\/institucional\/wp-content\/uploads\/2016\/11\/cabecalho_CSP-01.png\"><img loading=\"lazy\" decoding=\"async\" class=\"aligncenter wp-image-1101 size-full\" src=\"http:\/\/ebpsp.org.br\/institucional\/wp-content\/uploads\/2016\/11\/cabecalho_CSP-01.png\" alt=\"cabecalho_csp-01\" width=\"603\" height=\"118\" \/><\/a>[\/vc_column_text][\/vc_column][\/vc_row][vc_row][vc_column][vc_column_text]N\u00famero da Edi\u00e7\u00e3o e ETC[\/vc_column_text][vc_separator color=&#8221;juicy_pink&#8221;][\/vc_column][\/vc_row][vc_row][vc_column][vc_column_text]Corpo do Boletim[\/vc_column_text][vc_separator color=&#8221;juicy_pink&#8221;][\/vc_column][\/vc_row][vc_row][vc_column][vc_column_text]\n<h6 style=\"text-align: center;\"><a href=\"http:\/\/ebpsp.org.br\/institucional\/wp-content\/uploads\/2016\/11\/logo_ebp_sp.png\"><img loading=\"lazy\" decoding=\"async\" class=\"alignnone wp-image-1097 size-full\" src=\"http:\/\/ebpsp.org.br\/institucional\/wp-content\/uploads\/2016\/11\/logo_ebp_sp.png\" alt=\"logo_ebp_sp\" width=\"219\" height=\"67\" \/><\/a><\/h6>\n<hr \/>\n<h6 style=\"text-align: center;\">Dire\u00e7\u00e3o Geral:\u00a0Bernadette Pitteri<\/h6>\n<h6 style=\"text-align: center;\"><span id=\"m_-4572495502606281564yui_3_16_0_ym19_1_1480450982322_36855\">Revis\u00e3o Cr\u00edtica:<\/span>\u00a0Daniela Affonso &#8211;\u00a0<span id=\"m_-4572495502606281564yui_3_16_0_ym19_1_1480450982322_36856\">Edi\u00e7\u00e3o:<\/span><span id=\"m_-4572495502606281564yui_3_16_0_ym19_1_1480450982322_36857\">\u00a0<\/span>Maria Marta Rodrigues Ferreira<\/h6>\n<hr \/>\n<h6 style=\"text-align: center;\"><span id=\"m_-4572495502606281564yui_3_16_0_ym19_1_1480450982322_36858\">Diretoria da EBP- SP<\/span><br id=\"m_-4572495502606281564yui_3_16_0_ym19_1_1480450982322_36861\" clear=\"none\" \/><em id=\"m_-4572495502606281564yui_3_16_0_ym19_1_1480450982322_36862\">Diretor Geral:\u00a0<\/em>R\u00f4mulo Ferreira da Silva, \u00a0<em id=\"m_-4572495502606281564yui_3_16_0_ym19_1_1480450982322_36863\">Diretora Secret\u00e1ria- Tesoureira:\u00a0<\/em>Alessandra Sartorello Pecego, \u00a0<em id=\"m_-4572495502606281564yui_3_16_0_ym19_1_1480450982322_36864\">Diretora de Interc\u00e2mbio e Cart\u00e9is: Val\u00e9ria Ferranti<\/em>, \u00a0<em id=\"m_-4572495502606281564yui_3_16_0_ym19_1_1480450982322_36865\">Diretora de Biblioteca:\u00a0<\/em>Teresinha N. Meirelles do Prado<\/h6>\n<hr \/>\n<h6 style=\"text-align: center;\"><span id=\"m_-4572495502606281564yui_3_16_0_ym19_1_1480450982322_36869\">Escola Brasileira de Psican\u00e1lise &#8211; EBP-SP<\/span><br id=\"m_-4572495502606281564yui_3_16_0_ym19_1_1480450982322_36870\" clear=\"none\" \/>Rua Jo\u00e3o Moura, 627 cj. 193 &#8211;\u00a0CEP 05412-001 &#8211; S\u00e3o Paulo &#8211; SP &#8211;\u00a0Telefone: <a href=\"tel:(11)%203081-8947\" target=\"_blank\" rel=\"noopener noreferrer\">11 3081 8947<\/a> &#8211;\u00a0Fax: <a href=\"tel:(11)%203063-1626\" target=\"_blank\" rel=\"noopener noreferrer\">11 3063 1626<\/a><br id=\"m_-4572495502606281564yui_3_16_0_ym19_1_1480450982322_36871\" clear=\"none\" \/>E-mail:\u00a0<a id=\"m_-4572495502606281564yui_3_16_0_ym19_1_1480450982322_36872\" href=\"mailto:ebpsp@uol.com.br\" target=\"_blank\" rel=\"nofollow noopener noreferrer\" shape=\"rect\">ebpsp@uol.com.br<\/a>\u00a0 .\u00a0 Site:\u00a0<a id=\"m_-4572495502606281564yui_3_16_0_ym19_1_1480450982322_36873\" href=\"http:\/\/www.ebpsp.org.br\/\" target=\"_blank\" rel=\"nofollow noopener noreferrer\" shape=\"rect\" data-saferedirecturl=\"https:\/\/www.google.com\/url?hl=pt-BR&amp;q=http:\/\/www.ebpsp.org.br\/&amp;source=gmail&amp;ust=1480545392316000&amp;usg=AFQjCNEdH3Dsg3IkWaGQFUWfRree0k6YMQ\">www.ebpsp.org.br<\/a>\u00a0 .\u00a0 Blog:\u00a0<a id=\"m_-4572495502606281564yui_3_16_0_ym19_1_1480450982322_36874\" href=\"http:\/\/www.ebp-sp.blogspot.com\/\" target=\"_blank\" rel=\"nofollow noopener noreferrer\" shape=\"rect\" data-saferedirecturl=\"https:\/\/www.google.com\/url?hl=pt-BR&amp;q=http:\/\/www.ebp-sp.blogspot.com\/&amp;source=gmail&amp;ust=1480545392317000&amp;usg=AFQjCNH02hVaSTjTl6eIFLpqSrLJIgjaDg\">www.ebp-sp.blogspot.com<\/a><\/h6>\n[\/vc_column_text][\/vc_column][\/vc_row]\n<\/section>","protected":false},"excerpt":{"rendered":"<p>[vc_row][vc_column][vc_column_text][\/vc_column_text][\/vc_column][\/vc_row][vc_row][vc_column][vc_column_text]N\u00famero da Edi\u00e7\u00e3o e ETC[\/vc_column_text][vc_separator color=&#8221;juicy_pink&#8221;][\/vc_column][\/vc_row][vc_row][vc_column][vc_column_text]Corpo do Boletim[\/vc_column_text][vc_separator color=&#8221;juicy_pink&#8221;][\/vc_column][\/vc_row][vc_row][vc_column][vc_column_text] Dire\u00e7\u00e3o Geral:\u00a0Bernadette Pitteri Revis\u00e3o Cr\u00edtica:\u00a0Daniela Affonso &#8211;\u00a0Edi\u00e7\u00e3o:\u00a0Maria Marta Rodrigues Ferreira Diretoria da EBP- SPDiretor Geral:\u00a0R\u00f4mulo Ferreira da Silva, \u00a0Diretora Secret\u00e1ria- Tesoureira:\u00a0Alessandra Sartorello Pecego, \u00a0Diretora de Interc\u00e2mbio e Cart\u00e9is: Val\u00e9ria Ferranti, \u00a0Diretora de Biblioteca:\u00a0Teresinha N. Meirelles do Prado Escola Brasileira de Psican\u00e1lise &#8211; EBP-SPRua Jo\u00e3o Moura, 627&hellip;<\/p>\n","protected":false},"author":1,"featured_media":0,"comment_status":"closed","ping_status":"open","sticky":false,"template":"","format":"standard","meta":{"footnotes":""},"categories":[1],"tags":[],"post_series":[],"class_list":["post-1100","post","type-post","status-publish","format-standard","hentry","category-sem-categoria","entry","no-media"],"aioseo_notices":[],"_links":{"self":[{"href":"https:\/\/ebp.org.br\/sp\/wp-json\/wp\/v2\/posts\/1100","targetHints":{"allow":["GET"]}}],"collection":[{"href":"https:\/\/ebp.org.br\/sp\/wp-json\/wp\/v2\/posts"}],"about":[{"href":"https:\/\/ebp.org.br\/sp\/wp-json\/wp\/v2\/types\/post"}],"author":[{"embeddable":true,"href":"https:\/\/ebp.org.br\/sp\/wp-json\/wp\/v2\/users\/1"}],"replies":[{"embeddable":true,"href":"https:\/\/ebp.org.br\/sp\/wp-json\/wp\/v2\/comments?post=1100"}],"version-history":[{"count":0,"href":"https:\/\/ebp.org.br\/sp\/wp-json\/wp\/v2\/posts\/1100\/revisions"}],"wp:attachment":[{"href":"https:\/\/ebp.org.br\/sp\/wp-json\/wp\/v2\/media?parent=1100"}],"wp:term":[{"taxonomy":"category","embeddable":true,"href":"https:\/\/ebp.org.br\/sp\/wp-json\/wp\/v2\/categories?post=1100"},{"taxonomy":"post_tag","embeddable":true,"href":"https:\/\/ebp.org.br\/sp\/wp-json\/wp\/v2\/tags?post=1100"},{"taxonomy":"post_series","embeddable":true,"href":"https:\/\/ebp.org.br\/sp\/wp-json\/wp\/v2\/post_series?post=1100"}],"curies":[{"name":"wp","href":"https:\/\/api.w.org\/{rel}","templated":true}]}}