{"id":57871,"date":"2023-11-21T23:23:21","date_gmt":"2023-11-22T02:23:21","guid":{"rendered":"https:\/\/ebp.org.br\/nordeste\/jornadas\/2023\/?p=57871"},"modified":"2023-11-23T16:34:35","modified_gmt":"2023-11-23T19:34:35","slug":"boletim-divagacoes-12","status":"publish","type":"post","link":"https:\/\/ebp.org.br\/nordeste\/jornadas\/2023\/boletim-divagacoes-12\/","title":{"rendered":"Boletim Divaga\u00e7\u00f5es #12"},"content":{"rendered":"<div class=\"wpb-content-wrapper\"><p>[vc_row][vc_column][vc_single_image image=&#8221;57594&#8243; img_size=&#8221;full&#8221;][vc_column_text]<\/p>\n<p style=\"text-align: center;\"><strong>BOLETIM #12<\/strong><\/p>\n<p>[\/vc_column_text][vc_empty_space][\/vc_column][\/vc_row][vc_row][vc_column][vc_column_text]<\/p>\n<h3><span style=\"color: #993300;\">UM BALC\u00c3O DE LIVROS NA III JORNADA<\/span><\/h3>\n<p><img loading=\"lazy\" decoding=\"async\" class=\"size-full wp-image-57863 aligncenter\" src=\"https:\/\/ebp.org.br\/nordeste\/jornadas\/2023\/wp-content\/uploads\/2023\/11\/balcao_livros.png\" alt=\"\" width=\"500\" height=\"333\" srcset=\"https:\/\/ebp.org.br\/nordeste\/jornadas\/2023\/wp-content\/uploads\/2023\/11\/balcao_livros.png 500w, https:\/\/ebp.org.br\/nordeste\/jornadas\/2023\/wp-content\/uploads\/2023\/11\/balcao_livros-300x200.png 300w\" sizes=\"auto, (max-width: 500px) 100vw, 500px\" \/><\/p>\n<p>BALC\u00c3O DE LIVROS \u00e9 o nome escolhido para o espa\u00e7o, onde circular\u00e1 \u2014 durante nossa Jornada III \u2014 o vivo do livro! Contaremos com as produ\u00e7\u00f5es, rec\u00e9m-sa\u00eddas do forno, dos membros da EBP, s\u00e3o publica\u00e7\u00f5es das v\u00e1rias Se\u00e7\u00f5es de nossa Escola Una.<\/p>\n<p>Venha conhecer!<\/p>\n<p>Confira nosso cat\u00e1logo aqui, que est\u00e1 excelente!<\/p>\n<p>Adquira seu exemplar do livro A SUPERVIS\u00c3O (CONTROLE) NA FORMA\u00c7\u00c3O DO PSICANALISTA, de R\u00f4mulo Ferreira da Silva, nosso convidado, que ser\u00e1 lan\u00e7ado durante a III Jornada.<\/p>\n<p>Garanta o seu exemplar no BALC\u00c3O DE LIVROS![\/vc_column_text][\/vc_column][\/vc_row][vc_row][vc_column][vc_empty_space][vc_separator color=&#8221;orange&#8221;][vc_empty_space][\/vc_column][\/vc_row][vc_row][vc_column width=&#8221;2\/3&#8243;][vc_column_text]<em>\u201cA ambi\u00e7\u00e3o do trabalho de R\u00f4mulo Ferreira da Silva \u00e9 tratar de uma problem\u00e1tica cujo cerne \u00e9 crucial no plano epist\u00eamico, por um lado, e no plano \u00e9tico e pol\u00edtico, por outro, para a disciplina que \u00e9 a psican\u00e1lise. O enraizamento deste trabalho em uma pr\u00e1tica singular \u00e9, aqui, a via necess\u00e1ria para demonstrar como a supervis\u00e3o forma, com a an\u00e1lise pessoal e com a forma\u00e7\u00e3o te\u00f3rica, um dos tr\u00eas pilares da forma\u00e7\u00e3o do psicanalista.<\/em><\/p>\n<p><em>Trata-se tamb\u00e9m de um escrito de interven\u00e7\u00e3o na atualidade, pois faz ouvir uma voz no campo da garantia da pr\u00e1tica da psican\u00e1lise, que est\u00e1 longe de ser dominante. No entanto, \u00e9 crucial em um contexto em que a exig\u00eancia de seguran\u00e7a do p\u00fablico \u00e9 mais atual do que nunca e a refer\u00eancia \u00e0s boas pr\u00e1ticas protocolizadas est\u00e1 em vias de dominar todo o campo cl\u00ednico\u201d.<\/em><\/p>\n<p>Christiane Alberti[\/vc_column_text][\/vc_column][vc_column width=&#8221;1\/3&#8243;][vc_single_image image=&#8221;57864&#8243;][\/vc_column][\/vc_row][vc_row][vc_column][vc_empty_space][vc_separator color=&#8221;orange&#8221;][vc_empty_space][\/vc_column][\/vc_row][vc_row][vc_column][vc_column_text]<\/p>\n<h3 style=\"text-align: center;\"><span style=\"color: #993300;\">ATEN\u00c7\u00c3O!<\/span><\/h3>\n<p style=\"text-align: center;\">As INSCRI\u00c7\u00d5ES para a III Jornada se encerram no dia 22\/11!<\/p>\n<p style=\"text-align: center;\">J\u00e1 fez a sua?<\/p>\n<p style=\"text-align: center;\">N\u00e3o perca!<\/p>\n<p>[\/vc_column_text][\/vc_column][\/vc_row][vc_row bg_type=&#8221;bg_color&#8221; bg_color_value=&#8221;#0a0a0a&#8221;][vc_column][vc_single_image image=&#8221;57593&#8243; img_size=&#8221;full&#8221;][vc_column_text]<\/p>\n<h6 style=\"text-align: center;\"><span style=\"color: #ffffff;\"><strong>Diretoria da EBP-Nordeste:<\/strong>\u00a0Cassandra Dias, Diretora Secret\u00e1ria-Tesoureira: Anamaria\u00a0Vasconcelos,\u00a0<\/span><br \/>\n<span style=\"color: #ffffff;\">Diretoria de Cart\u00e9is e Interc\u00e2mbio \u2013 Li\u00e8ge Uch\u00f4a, Diretoria de Biblioteca \u2013 Cleide Monteiro<\/span><\/h6>\n<p><span style=\"color: #ffffff;\"><strong>Coordena\u00e7\u00e3o Geral da III Jornada da Se\u00e7\u00e3o Nordeste:<\/strong>\u00a0Cl\u00e1udia Formiga<\/span><\/p>\n<p><span style=\"color: #ffffff;\"><strong>Coordena\u00e7\u00e3o Comiss\u00e3o de Divulga\u00e7\u00e3o:<\/strong>\u00a0Karynna N\u00f3brega\u00a0<\/span><\/p>\n<p><span style=\"color: #ffffff;\"><strong>Comiss\u00e3o do Boletim Divaga\u00e7\u00f5es:\u00a0<\/strong>Tatiana Schefer, Jos\u00e9 Augusto Rocha e Jos\u00e9 Ronaldo de Paulo.<\/span><\/p>\n<h6 style=\"text-align: center;\"><span style=\"color: #ffffff;\"><strong>Designer:<\/strong>\u00a0<a style=\"color: #ffffff;\" href=\"mailto:sennabruno@gmail.com\" target=\"_blank\" rel=\"noopener noreferrer\">Bruno Senna<\/a><\/span><\/h6>\n<p>[\/vc_column_text][\/vc_column][\/vc_row]<\/p>\n<\/div>","protected":false},"excerpt":{"rendered":"<p>[vc_row][vc_column][vc_single_image image=&#8221;57594&#8243; img_size=&#8221;full&#8221;][vc_column_text] BOLETIM #12 [\/vc_column_text][vc_empty_space][\/vc_column][\/vc_row][vc_row][vc_column][vc_column_text] UM BALC\u00c3O DE LIVROS NA III JORNADA BALC\u00c3O DE LIVROS \u00e9 o nome escolhido para o espa\u00e7o, onde circular\u00e1 \u2014 durante nossa Jornada III \u2014 o vivo do livro! Contaremos com as produ\u00e7\u00f5es, rec\u00e9m-sa\u00eddas do forno, dos membros da EBP, s\u00e3o publica\u00e7\u00f5es das v\u00e1rias Se\u00e7\u00f5es de nossa Escola Una.&hellip;<\/p>\n","protected":false},"author":1,"featured_media":0,"comment_status":"open","ping_status":"open","sticky":false,"template":"","format":"standard","meta":{"footnotes":""},"categories":[18],"tags":[],"class_list":["post-57871","post","type-post","status-publish","format-standard","hentry","category-boletim-divagacoes","category-18","description-off"],"_links":{"self":[{"href":"https:\/\/ebp.org.br\/nordeste\/jornadas\/2023\/wp-json\/wp\/v2\/posts\/57871","targetHints":{"allow":["GET"]}}],"collection":[{"href":"https:\/\/ebp.org.br\/nordeste\/jornadas\/2023\/wp-json\/wp\/v2\/posts"}],"about":[{"href":"https:\/\/ebp.org.br\/nordeste\/jornadas\/2023\/wp-json\/wp\/v2\/types\/post"}],"author":[{"embeddable":true,"href":"https:\/\/ebp.org.br\/nordeste\/jornadas\/2023\/wp-json\/wp\/v2\/users\/1"}],"replies":[{"embeddable":true,"href":"https:\/\/ebp.org.br\/nordeste\/jornadas\/2023\/wp-json\/wp\/v2\/comments?post=57871"}],"version-history":[{"count":2,"href":"https:\/\/ebp.org.br\/nordeste\/jornadas\/2023\/wp-json\/wp\/v2\/posts\/57871\/revisions"}],"predecessor-version":[{"id":57929,"href":"https:\/\/ebp.org.br\/nordeste\/jornadas\/2023\/wp-json\/wp\/v2\/posts\/57871\/revisions\/57929"}],"wp:attachment":[{"href":"https:\/\/ebp.org.br\/nordeste\/jornadas\/2023\/wp-json\/wp\/v2\/media?parent=57871"}],"wp:term":[{"taxonomy":"category","embeddable":true,"href":"https:\/\/ebp.org.br\/nordeste\/jornadas\/2023\/wp-json\/wp\/v2\/categories?post=57871"},{"taxonomy":"post_tag","embeddable":true,"href":"https:\/\/ebp.org.br\/nordeste\/jornadas\/2023\/wp-json\/wp\/v2\/tags?post=57871"}],"curies":[{"name":"wp","href":"https:\/\/api.w.org\/{rel}","templated":true}]}}