{"id":57867,"date":"2023-11-21T23:19:20","date_gmt":"2023-11-22T02:19:20","guid":{"rendered":"https:\/\/ebp.org.br\/nordeste\/jornadas\/2023\/?p=57867"},"modified":"2023-11-21T23:19:20","modified_gmt":"2023-11-22T02:19:20","slug":"boletim-divagacoes-11","status":"publish","type":"post","link":"https:\/\/ebp.org.br\/nordeste\/jornadas\/2023\/boletim-divagacoes-11\/","title":{"rendered":"Boletim Divaga\u00e7\u00f5es #11"},"content":{"rendered":"<div class=\"wpb-content-wrapper\"><p>[vc_row][vc_column][vc_single_image image=&#8221;57594&#8243; img_size=&#8221;full&#8221;][vc_column_text]<\/p>\n<p style=\"text-align: center;\"><strong>BOLETIM #11<\/strong><\/p>\n<p>[\/vc_column_text][vc_empty_space][\/vc_column][\/vc_row][vc_row][vc_column][vc_column_text]<\/p>\n<h3><span style=\"color: #993300;\">Editorial<\/span><\/h3>\n<p>Est\u00e1 chegando o dia da nossa Jornada!! Momento que traz a marca da nossa volta \u00e0s atividades presenciais e celebra o encontro dos corpos, com seus amores, seus la\u00e7os e suas loucuras.<\/p>\n<p>Para celebrar ainda mais nossa presen\u00e7a viva, convidamos todos para a festa de encerramento: UMA LOUCURA QUALQUER<\/p>\n<p>No LA URSA Bar e Caf\u00e9, que fica \u00e0s margens do Capibaribe.<br \/>\nNeste s\u00e1bado, 25, \u00e0s 20h, ao som da banda BREGA DE BOLSO.<br \/>\nGaranta a sua presen\u00e7a, acessando o WhatsApp (81) 99219-3063.<br \/>\nMas corre l\u00e1, a data limite para ades\u00e3o \u00e9 dia 22\/11, sem custos!<\/p>\n<p>La Ursa Caf\u00e9, Bar e Restaurante<br \/>\nPa\u00e7o Alf\u00e2ndega<br \/>\nRua Alf\u00e2ndega, 35, Bairro do Recife[\/vc_column_text][\/vc_column][\/vc_row][vc_row][vc_column][vc_empty_space][vc_separator color=&#8221;orange&#8221;][vc_empty_space][\/vc_column][\/vc_row][vc_row][vc_column][vc_single_image image=&#8221;57859&#8243; img_size=&#8221;full&#8221; alignment=&#8221;center&#8221; onclick=&#8221;custom_link&#8221; link=&#8221;https:\/\/ebp.org.br\/nordeste\/jornadas\/2023\/wp-content\/uploads\/2023\/11\/festa.mp4&#8243;][\/vc_column][\/vc_row][vc_row bg_type=&#8221;bg_color&#8221; bg_color_value=&#8221;#0a0a0a&#8221;][vc_column][vc_single_image image=&#8221;57593&#8243; img_size=&#8221;full&#8221;][vc_column_text]<\/p>\n<h6 style=\"text-align: center;\"><span style=\"color: #ffffff;\"><strong>Diretoria da EBP-Nordeste:<\/strong>\u00a0Cassandra Dias, Diretora Secret\u00e1ria-Tesoureira: Anamaria\u00a0Vasconcelos,\u00a0<\/span><br \/>\n<span style=\"color: #ffffff;\">Diretoria de Cart\u00e9is e Interc\u00e2mbio \u2013 Li\u00e8ge Uch\u00f4a, Diretoria de Biblioteca \u2013 Cleide Monteiro<\/span><\/h6>\n<p><span style=\"color: #ffffff;\"><strong>Coordena\u00e7\u00e3o Geral da III Jornada da Se\u00e7\u00e3o Nordeste:<\/strong>\u00a0Cl\u00e1udia Formiga<\/span><\/p>\n<p><span style=\"color: #ffffff;\"><strong>Coordena\u00e7\u00e3o Comiss\u00e3o de Divulga\u00e7\u00e3o:<\/strong>\u00a0Karynna N\u00f3brega\u00a0<\/span><\/p>\n<p><span style=\"color: #ffffff;\"><strong>Comiss\u00e3o do Boletim Divaga\u00e7\u00f5es:\u00a0<\/strong>Tatiana Schefer, Jos\u00e9 Augusto Rocha e Jos\u00e9 Ronaldo de Paulo.<\/span><\/p>\n<h6 style=\"text-align: center;\"><span style=\"color: #ffffff;\"><strong>Designer:<\/strong>\u00a0<a style=\"color: #ffffff;\" href=\"mailto:sennabruno@gmail.com\" target=\"_blank\" rel=\"noopener noreferrer\">Bruno Senna<\/a><\/span><\/h6>\n<p>[\/vc_column_text][\/vc_column][\/vc_row]<\/p>\n<\/div>","protected":false},"excerpt":{"rendered":"<p>[vc_row][vc_column][vc_single_image image=&#8221;57594&#8243; img_size=&#8221;full&#8221;][vc_column_text] BOLETIM #11 [\/vc_column_text][vc_empty_space][\/vc_column][\/vc_row][vc_row][vc_column][vc_column_text] Editorial Est\u00e1 chegando o dia da nossa Jornada!! Momento que traz a marca da nossa volta \u00e0s atividades presenciais e celebra o encontro dos corpos, com seus amores, seus la\u00e7os e suas loucuras. Para celebrar ainda mais nossa presen\u00e7a viva, convidamos todos para a festa de encerramento: UMA LOUCURA&hellip;<\/p>\n","protected":false},"author":1,"featured_media":0,"comment_status":"open","ping_status":"open","sticky":false,"template":"","format":"standard","meta":{"footnotes":""},"categories":[18],"tags":[],"class_list":["post-57867","post","type-post","status-publish","format-standard","hentry","category-boletim-divagacoes","category-18","description-off"],"_links":{"self":[{"href":"https:\/\/ebp.org.br\/nordeste\/jornadas\/2023\/wp-json\/wp\/v2\/posts\/57867","targetHints":{"allow":["GET"]}}],"collection":[{"href":"https:\/\/ebp.org.br\/nordeste\/jornadas\/2023\/wp-json\/wp\/v2\/posts"}],"about":[{"href":"https:\/\/ebp.org.br\/nordeste\/jornadas\/2023\/wp-json\/wp\/v2\/types\/post"}],"author":[{"embeddable":true,"href":"https:\/\/ebp.org.br\/nordeste\/jornadas\/2023\/wp-json\/wp\/v2\/users\/1"}],"replies":[{"embeddable":true,"href":"https:\/\/ebp.org.br\/nordeste\/jornadas\/2023\/wp-json\/wp\/v2\/comments?post=57867"}],"version-history":[{"count":1,"href":"https:\/\/ebp.org.br\/nordeste\/jornadas\/2023\/wp-json\/wp\/v2\/posts\/57867\/revisions"}],"predecessor-version":[{"id":57868,"href":"https:\/\/ebp.org.br\/nordeste\/jornadas\/2023\/wp-json\/wp\/v2\/posts\/57867\/revisions\/57868"}],"wp:attachment":[{"href":"https:\/\/ebp.org.br\/nordeste\/jornadas\/2023\/wp-json\/wp\/v2\/media?parent=57867"}],"wp:term":[{"taxonomy":"category","embeddable":true,"href":"https:\/\/ebp.org.br\/nordeste\/jornadas\/2023\/wp-json\/wp\/v2\/categories?post=57867"},{"taxonomy":"post_tag","embeddable":true,"href":"https:\/\/ebp.org.br\/nordeste\/jornadas\/2023\/wp-json\/wp\/v2\/tags?post=57867"}],"curies":[{"name":"wp","href":"https:\/\/api.w.org\/{rel}","templated":true}]}}