{"id":57762,"date":"2023-10-10T10:41:23","date_gmt":"2023-10-10T13:41:23","guid":{"rendered":"https:\/\/ebp.org.br\/nordeste\/jornadas\/2023\/?p=57762"},"modified":"2023-10-11T18:38:00","modified_gmt":"2023-10-11T21:38:00","slug":"editorial-boletim-divagacoes-07","status":"publish","type":"post","link":"https:\/\/ebp.org.br\/nordeste\/jornadas\/2023\/editorial-boletim-divagacoes-07\/","title":{"rendered":"Editorial\u00a0Boletim Divaga\u00e7\u00f5es #07"},"content":{"rendered":"<h6><span style=\"font-weight: 400;\"><img loading=\"lazy\" decoding=\"async\" class=\"wp-image-57767 alignright\" src=\"https:\/\/ebp.org.br\/nordeste\/jornadas\/2023\/wp-content\/uploads\/2023\/10\/boletim_007_editorial.jpeg\" alt=\"\" width=\"400\" height=\"500\" srcset=\"https:\/\/ebp.org.br\/nordeste\/jornadas\/2023\/wp-content\/uploads\/2023\/10\/boletim_007_editorial.jpeg 1200w, https:\/\/ebp.org.br\/nordeste\/jornadas\/2023\/wp-content\/uploads\/2023\/10\/boletim_007_editorial-240x300.jpeg 240w, https:\/\/ebp.org.br\/nordeste\/jornadas\/2023\/wp-content\/uploads\/2023\/10\/boletim_007_editorial-819x1024.jpeg 819w, https:\/\/ebp.org.br\/nordeste\/jornadas\/2023\/wp-content\/uploads\/2023\/10\/boletim_007_editorial-768x960.jpeg 768w, https:\/\/ebp.org.br\/nordeste\/jornadas\/2023\/wp-content\/uploads\/2023\/10\/boletim_007_editorial-900x1125.jpeg 900w\" sizes=\"auto, (max-width: 400px) 100vw, 400px\" \/>Marina Fragoso (da Comiss\u00e3o de Divulga\u00e7\u00e3o)<\/span><\/h6>\n<p><span style=\"font-weight: 400;\">Iniciamos o #07 Boletim Divaga\u00e7\u00f5es para a <\/span><b>III Jornada de Se\u00e7\u00e3o Nordeste<\/b><span style=\"font-weight: 400;\"> com o desafio de transmitir, a partir do imposs\u00edvel de se ensinar, as produ\u00e7\u00f5es e as resson\u00e2ncias realizadas em nossa Se\u00e7\u00e3o.\u00a0<\/span><\/p>\n<p><span style=\"font-weight: 400;\">Convidamos a todos a leitura viva do presente Boletim! Este que nos convoca a trazer nosso corpo a trabalho ao Recife no ritmo do frevo. As Preparat\u00f3rias para a <\/span><b>III<\/b> <b>Jornada<\/b><span style=\"font-weight: 400;\"> t\u00eam afetado cada um a partir do seu lugar de enuncia\u00e7\u00e3o.<\/span><\/p>\n<p><span style=\"font-weight: 400;\">Para abrir alas ao nosso Boletim, iniciamos a se\u00e7\u00e3o <\/span><i><span style=\"font-weight: 400;\">Resson\u00e2ncias <\/span><\/i><span style=\"font-weight: 400;\">com o texto de Tereza Christina Lyra sobre a Atividade Preparat\u00f3ria do Eixo 2, no qual voc\u00eas poder\u00e3o acompanhar os efeitos de um encontro caloroso e com muitas produ\u00e7\u00f5es em torno da cl\u00ednica e do corpo. Tudo isso a partir dos sintagmas do sintoma e do <\/span><i><span style=\"font-weight: 400;\">sinthoma<\/span><\/i><span style=\"font-weight: 400;\">, como b\u00fassolas na orienta\u00e7\u00e3o do analista para a leitura da rela\u00e7\u00e3o do <\/span><i><span style=\"font-weight: 400;\">falasser<\/span><\/i><span style=\"font-weight: 400;\"> com o mundo.<\/span><\/p>\n<p>Ainda nessa Se\u00e7\u00e3o, voc\u00eas poder\u00e3o ler o texto &#8220;Dois casos, um breve coment\u00e1rio, de Gisella Sette, Silvia Farias e Maria Carolina Queiroz e tamb\u00e9m acessar ao v\u00eddeo, produzido por Jos\u00e9 Ronaldo de Paulo, apresentado nessa Preparat\u00f3ria.<\/p>\n<p><span style=\"font-weight: 400;\">O terceiro momento do Boletim conta com a contribui\u00e7\u00e3o do IPSIN. Nessa se\u00e7\u00e3o, onde \u00e9 poss\u00edvel ter acesso \u00e0s produ\u00e7\u00f5es que os N\u00facleos do Instituto realizaram a partir da provoca\u00e7\u00e3o <\/span><i><span style=\"font-weight: 400;\">Todos<\/span><\/i> <i><span style=\"font-weight: 400;\">delirantes?<\/span><\/i><span style=\"font-weight: 400;\">. Nesta edi\u00e7\u00e3o, contaremos com o texto <\/span><i><span style=\"font-weight: 400;\">At\u00e9 mesmo as crian\u00e7as?, <\/span><\/i><span style=\"font-weight: 400;\">de Juliana Ribeiro.<\/span><\/p>\n<p><span style=\"font-weight: 400;\">Por fim, voc\u00eas ter\u00e3o acesso \u00e0s informa\u00e7\u00f5es da Comiss\u00e3o de Acolhimento para a nossa <\/span><b>III Jornada.<\/b><\/p>\n","protected":false},"excerpt":{"rendered":"<p>Marina Fragoso (da Comiss\u00e3o de Divulga\u00e7\u00e3o) Iniciamos o #07 Boletim Divaga\u00e7\u00f5es para a III Jornada de Se\u00e7\u00e3o Nordeste com o desafio de transmitir, a partir do imposs\u00edvel de se ensinar, as produ\u00e7\u00f5es e as resson\u00e2ncias realizadas em nossa Se\u00e7\u00e3o.\u00a0 Convidamos a todos a leitura viva do presente Boletim! Este que nos convoca a trazer nosso&hellip;<\/p>\n","protected":false},"author":1,"featured_media":0,"comment_status":"open","ping_status":"open","sticky":false,"template":"","format":"standard","meta":{"footnotes":""},"categories":[18,16],"tags":[],"class_list":["post-57762","post","type-post","status-publish","format-standard","hentry","category-boletim-divagacoes","category-editoriais","category-18","category-16","description-off"],"_links":{"self":[{"href":"https:\/\/ebp.org.br\/nordeste\/jornadas\/2023\/wp-json\/wp\/v2\/posts\/57762","targetHints":{"allow":["GET"]}}],"collection":[{"href":"https:\/\/ebp.org.br\/nordeste\/jornadas\/2023\/wp-json\/wp\/v2\/posts"}],"about":[{"href":"https:\/\/ebp.org.br\/nordeste\/jornadas\/2023\/wp-json\/wp\/v2\/types\/post"}],"author":[{"embeddable":true,"href":"https:\/\/ebp.org.br\/nordeste\/jornadas\/2023\/wp-json\/wp\/v2\/users\/1"}],"replies":[{"embeddable":true,"href":"https:\/\/ebp.org.br\/nordeste\/jornadas\/2023\/wp-json\/wp\/v2\/comments?post=57762"}],"version-history":[{"count":6,"href":"https:\/\/ebp.org.br\/nordeste\/jornadas\/2023\/wp-json\/wp\/v2\/posts\/57762\/revisions"}],"predecessor-version":[{"id":57784,"href":"https:\/\/ebp.org.br\/nordeste\/jornadas\/2023\/wp-json\/wp\/v2\/posts\/57762\/revisions\/57784"}],"wp:attachment":[{"href":"https:\/\/ebp.org.br\/nordeste\/jornadas\/2023\/wp-json\/wp\/v2\/media?parent=57762"}],"wp:term":[{"taxonomy":"category","embeddable":true,"href":"https:\/\/ebp.org.br\/nordeste\/jornadas\/2023\/wp-json\/wp\/v2\/categories?post=57762"},{"taxonomy":"post_tag","embeddable":true,"href":"https:\/\/ebp.org.br\/nordeste\/jornadas\/2023\/wp-json\/wp\/v2\/tags?post=57762"}],"curies":[{"name":"wp","href":"https:\/\/api.w.org\/{rel}","templated":true}]}}