{"id":57746,"date":"2023-10-04T16:43:34","date_gmt":"2023-10-04T19:43:34","guid":{"rendered":"https:\/\/ebp.org.br\/nordeste\/jornadas\/2023\/?p=57746"},"modified":"2023-10-04T16:44:17","modified_gmt":"2023-10-04T19:44:17","slug":"boletim-divagacoes-05","status":"publish","type":"post","link":"https:\/\/ebp.org.br\/nordeste\/jornadas\/2023\/boletim-divagacoes-05\/","title":{"rendered":"Boletim Divaga\u00e7\u00f5es #05"},"content":{"rendered":"<div class=\"wpb-content-wrapper\"><p>[vc_row][vc_column][vc_single_image image=&#8221;57594&#8243; img_size=&#8221;full&#8221;][\/vc_column][\/vc_row][vc_row][vc_column width=&#8221;3\/4&#8243;][vc_column_text]<\/p>\n<h3><span style=\"color: #993300;\">EDITORIAL<\/span><\/h3>\n<h6><em>Por Severino Bernardino Neto<\/em><\/h6>\n<p>Leitor,<\/p>\n<p>Iniciamos mais um n\u00famero do nosso Boletim! Este Divaga\u00e7\u00f5es #05 segue o esp\u00edrito dos n\u00fameros anteriores e nos apresenta um belo convite para seguirmos divagando sobre o tema central da III Jornada da Se\u00e7\u00e3o Nordeste: \u201cCada um em seu mundo: todos delirantes?\u201d[\/vc_column_text][vc_btn title=&#8221;Leia mais&#8221; color=&#8221;orange&#8221; link=&#8221;url:https%3A%2F%2Febp.org.br%2Fnordeste%2Fjornadas%2F2023%2Feditorial-boletim-divagacoes-05%2F|title:Editorial%20Boletim%20Divaga%C3%A7%C3%B5es%20%2305&#8243;][\/vc_column][vc_column width=&#8221;1\/4&#8243;][vc_empty_space][vc_single_image image=&#8221;57730&#8243; img_size=&#8221;full&#8221;][vc_empty_space][\/vc_column][\/vc_row][vc_row][vc_column][vc_empty_space][vc_separator color=&#8221;orange&#8221;][vc_empty_space][\/vc_column][\/vc_row][vc_row][vc_column width=&#8221;1\/4&#8243;][vc_empty_space][vc_single_image image=&#8221;57712&#8243; img_size=&#8221;full&#8221;][vc_empty_space][\/vc_column][vc_column width=&#8221;3\/4&#8243;][vc_column_text]<\/p>\n<h3><span style=\"color: #993300;\">RESSON\u00c2NCIAS<\/span><\/h3>\n<p><strong>Fina Pele do Sintoma<\/strong><\/p>\n<h6><em>Francisco Santos (da Comiss\u00e3o de Biblioteca da Se\u00e7\u00e3o Nordeste)<\/em><\/h6>\n<p>Neste dia 5 de setembro, tivemos mais uma atividade voltada para a III Jornada da Se\u00e7\u00e3o Nordeste, vestida de Noite de Biblioteca, com a discuss\u00e3o sobre o filme Pele Fina, dirigido por Arthur Lins, que esteve presente ao lado de Susane Zanotti, coordenadora da Comiss\u00e3o Cient\u00edfica da Jornada, animados por Sandra Conrado, que conduziu a fecunda conversa\u00e7\u00e3o em torno da quest\u00e3o: o que o filme nos ensina sobre &#8220;cada um em seu mundo: todos delirantes?\u201d, tema que permear\u00e1 os trabalhos nos dias 24 e 25 de novembro pr\u00f3ximo, em Recife.[\/vc_column_text][vc_btn title=&#8221;Leia mais&#8221; color=&#8221;orange&#8221; link=&#8221;url:https%3A%2F%2Febp.org.br%2Fnordeste%2Fjornadas%2F2023%2Fressonancias%2F|title:Editorial%20Boletim%20Divaga%C3%A7%C3%B5es%20%2305&#8243;][\/vc_column][\/vc_row][vc_row][vc_column][vc_empty_space][vc_separator color=&#8221;orange&#8221;][vc_empty_space][\/vc_column][\/vc_row][vc_row][vc_column width=&#8221;3\/4&#8243;][vc_column_text]<strong>Acontecimento de corpo e dire\u00e7\u00e3o da cl\u00ednica<\/strong><\/p>\n<h6><em>Fernanda Vasconcellos<\/em><\/h6>\n<p>Se ampliamos o inconsciente \u2013 indo al\u00e9m das cadeias significantes e alcan\u00e7ando os afetos enigm\u00e1ticos \u2013 incluiremos os acontecimentos de corpo, que n\u00e3o possuem a mesma estrutura das forma\u00e7\u00f5es do inconsciente. Os acontecimentos de corpo possuem sentido de gozo, enquanto as forma\u00e7\u00f5es do inconsciente possuem sentido de desejo. Aponta-se aqui para a distin\u00e7\u00e3o entre linguagem e lal\u00edngua, destacando-se a import\u00e2ncia do percurso de uma an\u00e1lise em se haver com o n\u00edvel de lal\u00edngua e com os afetos singulares que engendram no corpo. A conex\u00e3o do sujeito com o corpo imp\u00f5e sua presen\u00e7a na an\u00e1lise na medida em que o corpo \u00e9 lugar de gozo.[\/vc_column_text][vc_btn title=&#8221;Leia mais&#8221; color=&#8221;orange&#8221; link=&#8221;url:https%3A%2F%2Febp.org.br%2Fnordeste%2Fjornadas%2F2023%2Facontecimento-de-corpo-e-a-direcao-da-clinica%2F|title:Editorial%20Boletim%20Divaga%C3%A7%C3%B5es%20%2305&#8243;][\/vc_column][vc_column width=&#8221;1\/4&#8243;][vc_empty_space][vc_single_image image=&#8221;57713&#8243; img_size=&#8221;full&#8221;][vc_empty_space][\/vc_column][\/vc_row][vc_row][vc_column][vc_empty_space][vc_separator color=&#8221;orange&#8221;][vc_empty_space][\/vc_column][\/vc_row][vc_row][vc_column width=&#8221;1\/4&#8243;][vc_empty_space][vc_single_image image=&#8221;57714&#8243; img_size=&#8221;full&#8221;][vc_empty_space][\/vc_column][vc_column width=&#8221;3\/4&#8243;][vc_column_text]<\/p>\n<h3><span style=\"color: #993300;\">A PALAVRA DO IPSIN<\/span><\/h3>\n<h6><em>Elizabete Siqueira e K\u00e9sia Ramos do N\u00facleo de Pesquisa sobre a Cl\u00ednica Psicanal\u00edtica com as Psicoses<\/em><\/h6>\n<p>A cl\u00ednica de cada um em seu mundo \u00e9 a que nos desafia de forma maci\u00e7a nos tempos que correm. \u00c9 a cl\u00ednica do \u201cauto\u201d generalizado e expandido nas autonomea\u00e7\u00f5es e nos modos singulares de gozo. \u00c9 uma cl\u00ednica que extrai seus recursos e possibilidades para o tratamento, sobretudo quando se trata de psicose ordin\u00e1ria, na condu\u00e7\u00e3o transestrutural proposta pelo \u00faltimo ensino de Lacan, fundamentado na no\u00e7\u00e3o de foraclus\u00e3o generalizada e na pol\u00edtica do sintoma como a que orienta o tratamento.[\/vc_column_text][vc_btn title=&#8221;Leia mais&#8221; color=&#8221;orange&#8221; link=&#8221;url:https%3A%2F%2Febp.org.br%2Fnordeste%2Fjornadas%2F2023%2Fa-palavra-do-ipsin%2F|title:Editorial%20Boletim%20Divaga%C3%A7%C3%B5es%20%2305&#8243;][\/vc_column][\/vc_row][vc_row][vc_column][vc_empty_space][vc_separator color=&#8221;orange&#8221;][vc_empty_space][\/vc_column][\/vc_row][vc_row][vc_column width=&#8221;3\/4&#8243;][vc_column_text]<\/p>\n<h3><span style=\"color: #993300;\">BIBLIOGRAFIA COMENTADA<\/span><\/h3>\n<h6><em>Suele Conde (da Comiss\u00e3o de Refer\u00eancias Bibliogr\u00e1ficas)<\/em><\/h6>\n<p>Fabi\u00e1n Naparstek, em Psicoanalisis y pol\u00edtica, nos fala acerca do significante mestre para a pol\u00edtica e para a psican\u00e1lise [1]. Enquanto a pol\u00edtica tenta fazer os sujeitos se identificarem a um significante mestre, a posi\u00e7\u00e3o do analista vai na dire\u00e7\u00e3o de uma desidentifica\u00e7\u00e3o de tal significante para que o que \u00e9 do singular do sujeito possa advir.<\/p>\n<p>Marcus Andr\u00e9 Vieira, em Meus dias de branco, nos fala que n\u00e3o \u00e9 mais poss\u00edvel, enquanto analistas lacanianos, afirmar que \u201co sujeito n\u00e3o tem cor ou g\u00eanero\u201d [2]. Isso seria negar uma diferen\u00e7a.[\/vc_column_text][vc_btn title=&#8221;Leia mais&#8221; color=&#8221;orange&#8221; link=&#8221;url:https%3A%2F%2Febp.org.br%2Fnordeste%2Fjornadas%2F2023%2Fbibliografia-comentada%2F|title:Editorial%20Boletim%20Divaga%C3%A7%C3%B5es%20%2305&#8243;][\/vc_column][vc_column width=&#8221;1\/4&#8243;][vc_empty_space][vc_single_image image=&#8221;57715&#8243; img_size=&#8221;full&#8221;][vc_empty_space][\/vc_column][\/vc_row][vc_row][vc_column][vc_empty_space][vc_separator color=&#8221;orange&#8221;][vc_empty_space][\/vc_column][\/vc_row][vc_row][vc_column width=&#8221;1\/4&#8243;][vc_empty_space][vc_single_image image=&#8221;57737&#8243; img_size=&#8221;full&#8221;][vc_empty_space][\/vc_column][vc_column width=&#8221;3\/4&#8243;][vc_column_text]<\/p>\n<h3><span style=\"color: #993300;\">PE\u00c7AS SOLTAS<\/span><\/h3>\n<p><strong>Quaerens quem devoret, m\u00e3e<\/strong><\/p>\n<h6><em>Joyce Barbosa<\/em><\/h6>\n<p>Nada que eu pudesse te dar<\/p>\n<p>Seria suficiente para preencher<\/p>\n<p>O que n\u00e3o h\u00e1 l\u00e1[\/vc_column_text][vc_btn title=&#8221;Leia mais&#8221; color=&#8221;orange&#8221; link=&#8221;url:https%3A%2F%2Febp.org.br%2Fnordeste%2Fjornadas%2F2023%2Fpecas-soltas%2F|title:Editorial%20Boletim%20Divaga%C3%A7%C3%B5es%20%2305&#8243;][\/vc_column][\/vc_row][vc_row bg_type=&#8221;bg_color&#8221; bg_color_value=&#8221;#0a0a0a&#8221;][vc_column][vc_single_image image=&#8221;57593&#8243; img_size=&#8221;full&#8221;][vc_column_text]<\/p>\n<h6 style=\"text-align: center;\"><span style=\"color: #ffffff;\">Diretoria da EBP &#8211; Se\u00e7\u00e3o Nordeste: Diretora Geral \u2013 Cassandra Dias, Diretora Secret\u00e1ria-Tesoureira \u2013 Anamaria Vasconcelos<\/span><br \/>\n<span style=\"color: #ffffff;\">Diretora de Cart\u00e9is e Interc\u00e2mbio \u2013 Li\u00e8ge Uch\u00f4a, Diretora de Biblioteca \u2013 Cleide Monteiro<\/span><\/h6>\n<h6 style=\"text-align: center;\"><span style=\"color: #ffffff;\">Coordena\u00e7\u00e3o Geral da III Jornada da Se\u00e7\u00e3o Nordeste: Cl\u00e1udia Formiga<\/span><\/h6>\n<h6 style=\"text-align: center;\"><span style=\"color: #ffffff;\">Comiss\u00e3o de M\u00eddias, divulga\u00e7\u00e3o e Arte: Karynna N\u00f3brega (coordena\u00e7\u00e3o), Jos\u00e9 Augusto Rocha, Jos\u00e9 Ronaldo,<\/span><br \/>\n<span style=\"color: #ffffff;\">Pauleska N\u00f3brega, Tatiana Schefer, Marina Fragoso e Severino Bernardino.<\/span><\/h6>\n<h6 style=\"text-align: center;\"><span style=\"color: #ffffff;\">Imagens: Collage illustration v\u00e1rios artistas. Colabora\u00e7\u00e3o K\u00e9sia Ramos<\/span><\/h6>\n<h6 style=\"text-align: center;\"><span style=\"color: #ffffff;\">Designer: Bruno Senna<\/span><\/h6>\n<p>[\/vc_column_text][\/vc_column][\/vc_row]<\/p>\n<\/div>","protected":false},"excerpt":{"rendered":"<p>[vc_row][vc_column][vc_single_image image=&#8221;57594&#8243; img_size=&#8221;full&#8221;][\/vc_column][\/vc_row][vc_row][vc_column width=&#8221;3\/4&#8243;][vc_column_text] EDITORIAL Por Severino Bernardino Neto Leitor, Iniciamos mais um n\u00famero do nosso Boletim! Este Divaga\u00e7\u00f5es #05 segue o esp\u00edrito dos n\u00fameros anteriores e nos apresenta um belo convite para seguirmos divagando sobre o tema central da III Jornada da Se\u00e7\u00e3o Nordeste: \u201cCada um em seu mundo: todos delirantes?\u201d[\/vc_column_text][vc_btn title=&#8221;Leia mais&#8221; color=&#8221;orange&#8221;&hellip;<\/p>\n","protected":false},"author":1,"featured_media":0,"comment_status":"open","ping_status":"open","sticky":false,"template":"","format":"standard","meta":{"footnotes":""},"categories":[18],"tags":[],"class_list":["post-57746","post","type-post","status-publish","format-standard","hentry","category-boletim-divagacoes","category-18","description-off"],"_links":{"self":[{"href":"https:\/\/ebp.org.br\/nordeste\/jornadas\/2023\/wp-json\/wp\/v2\/posts\/57746","targetHints":{"allow":["GET"]}}],"collection":[{"href":"https:\/\/ebp.org.br\/nordeste\/jornadas\/2023\/wp-json\/wp\/v2\/posts"}],"about":[{"href":"https:\/\/ebp.org.br\/nordeste\/jornadas\/2023\/wp-json\/wp\/v2\/types\/post"}],"author":[{"embeddable":true,"href":"https:\/\/ebp.org.br\/nordeste\/jornadas\/2023\/wp-json\/wp\/v2\/users\/1"}],"replies":[{"embeddable":true,"href":"https:\/\/ebp.org.br\/nordeste\/jornadas\/2023\/wp-json\/wp\/v2\/comments?post=57746"}],"version-history":[{"count":2,"href":"https:\/\/ebp.org.br\/nordeste\/jornadas\/2023\/wp-json\/wp\/v2\/posts\/57746\/revisions"}],"predecessor-version":[{"id":57749,"href":"https:\/\/ebp.org.br\/nordeste\/jornadas\/2023\/wp-json\/wp\/v2\/posts\/57746\/revisions\/57749"}],"wp:attachment":[{"href":"https:\/\/ebp.org.br\/nordeste\/jornadas\/2023\/wp-json\/wp\/v2\/media?parent=57746"}],"wp:term":[{"taxonomy":"category","embeddable":true,"href":"https:\/\/ebp.org.br\/nordeste\/jornadas\/2023\/wp-json\/wp\/v2\/categories?post=57746"},{"taxonomy":"post_tag","embeddable":true,"href":"https:\/\/ebp.org.br\/nordeste\/jornadas\/2023\/wp-json\/wp\/v2\/tags?post=57746"}],"curies":[{"name":"wp","href":"https:\/\/api.w.org\/{rel}","templated":true}]}}