{"id":57699,"date":"2023-09-18T06:15:20","date_gmt":"2023-09-18T09:15:20","guid":{"rendered":"https:\/\/ebp.org.br\/nordeste\/jornadas\/2023\/?p=57699"},"modified":"2023-09-19T20:09:53","modified_gmt":"2023-09-19T23:09:53","slug":"boletim-divagacoes-04","status":"publish","type":"post","link":"https:\/\/ebp.org.br\/nordeste\/jornadas\/2023\/boletim-divagacoes-04\/","title":{"rendered":"Boletim Divaga\u00e7\u00f5es #04"},"content":{"rendered":"<div class=\"wpb-content-wrapper\"><p>[vc_row][vc_column][vc_single_image image=&#8221;57594&#8243; img_size=&#8221;full&#8221;][\/vc_column][\/vc_row][vc_row][vc_column][vc_empty_space][vc_single_image image=&#8221;57698&#8243; img_size=&#8221;full&#8221;][vc_empty_space][\/vc_column][\/vc_row][vc_row][vc_column][vc_empty_space][vc_separator color=&#8221;orange&#8221;][vc_empty_space][\/vc_column][\/vc_row][vc_row][vc_column][vc_column_text]Chamada para o trabalho em cart\u00e9is fulgurantes<\/p>\n<p>Li\u00e8ge Uch\u00f4a &#8211; Diretora de Cart\u00e9is e Interc\u00e2mbios da Se\u00e7\u00e3o Nordeste<\/p>\n<p>O dispositivo do cartel \u00e9 fecundo e mobilizador para realiza\u00e7\u00e3o de uma tarefa sem mestria. Dessa forma, a Diretoria de Cart\u00e9is e Interc\u00e2mbio da EBP- Se\u00e7\u00e3o Nordeste se coloca \u00e0 disposi\u00e7\u00e3o para incentivar, atrav\u00e9s da modalidade de cart\u00e9is fulgurantes, a produ\u00e7\u00e3o de trabalhos destinados a nossa III Jornada da Se\u00e7\u00e3o Nordeste. Apostamos em uma escrita que reflita o que nossa comunidade anal\u00edtica, transferida \u00e0 Escola Brasileira de Psican\u00e1lise, vem pensando sobre o tema da Jornada: \u201cCada um em seu mundo: todos delirantes?\u201d \u2013 inspirado no aforismo lacaniano que nos coloca no cora\u00e7\u00e3o de uma \u00e9poca em que a loucura se generalizou, os ideais e as marcas simb\u00f3licas est\u00e3o desvalorizadas a tal ponto que o Outro j\u00e1 n\u00e3o existe e o real do gozo se mostra desnudo.<\/p>\n<p>A partir do lugar em que cada um se encontra nesse caminho de reflex\u00e3o, como construir um trabalho que traduza o esfor\u00e7o de cada um em torno de sua pr\u00f3pria quest\u00e3o?<\/p>\n<p>O trabalho \u2013 fruto de um cartel fulgurante \u2013 segue o mesmo padr\u00e3o de um cartel tradicional: quatro pessoas se unem e procuram o \u201cmais-um\u201d. Por\u00e9m, como apontado em seu nome, o que muda \u00e9 seu tempo de dura\u00e7\u00e3o, uma vez que a brevidade \u00e9 necess\u00e1ria para se produzir um trabalho para jornadas, encontros, atividades com essa caracter\u00edstica.<\/p>\n<p>Aos que t\u00eam interesse em escrever trabalho para a III Jornada da Se\u00e7\u00e3o Nordeste e para isso, de se engajar em um cartel fulgurante, orientamos que procure a Diretoria de Cart\u00e9is e Interc\u00e2mbio para ajud\u00e1-los nesse processo, por meio dos nossos canais: e-mail: diretoriacarteisnordeste@gmail.com e Whatsapp: (84) 9 8790-2569, com Erick Leonardo.<\/p>\n<p>Aten\u00e7\u00e3o aos prazos! 10 de outubro \u00e9 a data-limite para o envio de resumos dos trabalhos (que deve conter um texto de at\u00e9 10 linhas), e 27 de outubro o envio do trabalho j\u00e1 conclu\u00eddo, conforme as normas estabelecidas. Vejam todas essas informa\u00e7\u00f5es no site da III Jornada: <a href=\"https:\/\/ebp.org.br\/nordeste\/jornadas\/2023\/envio-de-trabalhos\">https:\/\/ebp.org.br\/nordeste\/jornadas\/2023\/envio-de-trabalhos<\/a><\/p>\n<p>Bom trabalho![\/vc_column_text][\/vc_column][\/vc_row][vc_row][vc_column][vc_empty_space][vc_separator color=&#8221;orange&#8221;][vc_empty_space][\/vc_column][\/vc_row][vc_row bg_type=&#8221;bg_color&#8221; bg_color_value=&#8221;#0a0a0a&#8221;][vc_column][vc_single_image image=&#8221;57593&#8243; img_size=&#8221;full&#8221;][vc_column_text]<\/p>\n<h6 style=\"text-align: center;\"><span style=\"color: #ffffff;\">Diretoria da EBP &#8211; Se\u00e7\u00e3o Nordeste: Diretora Geral \u2013 Cassandra Dias, Diretora Secret\u00e1ria-Tesoureira \u2013 Anamaria Vasconcelos<\/span><br \/>\n<span style=\"color: #ffffff;\">Diretora de Cart\u00e9is e Interc\u00e2mbio \u2013 Li\u00e8ge Uch\u00f4a, Diretora de Biblioteca \u2013 Cleide Monteiro<\/span><\/h6>\n<h6 style=\"text-align: center;\"><span style=\"color: #ffffff;\">Coordena\u00e7\u00e3o Geral da III Jornada da Se\u00e7\u00e3o Nordeste: Cl\u00e1udia Formiga<\/span><\/h6>\n<h6 style=\"text-align: center;\"><span style=\"color: #ffffff;\">Comiss\u00e3o de M\u00eddias, divulga\u00e7\u00e3o e Arte: Karynna N\u00f3brega (coordena\u00e7\u00e3o), Jos\u00e9 Augusto Rocha, Jos\u00e9 Ronaldo,<\/span><br \/>\n<span style=\"color: #ffffff;\">Pauleska N\u00f3brega, Tatiana Schefer, Marina Fragoso e Severino Bernardino.<\/span><\/h6>\n<h6 style=\"text-align: center;\"><span style=\"color: #ffffff;\">Imagens: Collage illustration v\u00e1rios artistas. Colabora\u00e7\u00e3o K\u00e9sia Ramos<\/span><\/h6>\n<h6 style=\"text-align: center;\"><span style=\"color: #ffffff;\">Designer: Bruno Senna<\/span><\/h6>\n<p>[\/vc_column_text][\/vc_column][\/vc_row]<\/p>\n<\/div>","protected":false},"excerpt":{"rendered":"<p>[vc_row][vc_column][vc_single_image image=&#8221;57594&#8243; img_size=&#8221;full&#8221;][\/vc_column][\/vc_row][vc_row][vc_column][vc_empty_space][vc_single_image image=&#8221;57698&#8243; img_size=&#8221;full&#8221;][vc_empty_space][\/vc_column][\/vc_row][vc_row][vc_column][vc_empty_space][vc_separator color=&#8221;orange&#8221;][vc_empty_space][\/vc_column][\/vc_row][vc_row][vc_column][vc_column_text]Chamada para o trabalho em cart\u00e9is fulgurantes Li\u00e8ge Uch\u00f4a &#8211; Diretora de Cart\u00e9is e Interc\u00e2mbios da Se\u00e7\u00e3o Nordeste O dispositivo do cartel \u00e9 fecundo e mobilizador para realiza\u00e7\u00e3o de uma tarefa sem mestria. Dessa forma, a Diretoria de Cart\u00e9is e Interc\u00e2mbio da EBP- Se\u00e7\u00e3o Nordeste se coloca \u00e0 disposi\u00e7\u00e3o para&hellip;<\/p>\n","protected":false},"author":1,"featured_media":0,"comment_status":"open","ping_status":"open","sticky":false,"template":"","format":"standard","meta":{"footnotes":""},"categories":[18],"tags":[],"class_list":["post-57699","post","type-post","status-publish","format-standard","hentry","category-boletim-divagacoes","category-18","description-off"],"_links":{"self":[{"href":"https:\/\/ebp.org.br\/nordeste\/jornadas\/2023\/wp-json\/wp\/v2\/posts\/57699","targetHints":{"allow":["GET"]}}],"collection":[{"href":"https:\/\/ebp.org.br\/nordeste\/jornadas\/2023\/wp-json\/wp\/v2\/posts"}],"about":[{"href":"https:\/\/ebp.org.br\/nordeste\/jornadas\/2023\/wp-json\/wp\/v2\/types\/post"}],"author":[{"embeddable":true,"href":"https:\/\/ebp.org.br\/nordeste\/jornadas\/2023\/wp-json\/wp\/v2\/users\/1"}],"replies":[{"embeddable":true,"href":"https:\/\/ebp.org.br\/nordeste\/jornadas\/2023\/wp-json\/wp\/v2\/comments?post=57699"}],"version-history":[{"count":3,"href":"https:\/\/ebp.org.br\/nordeste\/jornadas\/2023\/wp-json\/wp\/v2\/posts\/57699\/revisions"}],"predecessor-version":[{"id":57706,"href":"https:\/\/ebp.org.br\/nordeste\/jornadas\/2023\/wp-json\/wp\/v2\/posts\/57699\/revisions\/57706"}],"wp:attachment":[{"href":"https:\/\/ebp.org.br\/nordeste\/jornadas\/2023\/wp-json\/wp\/v2\/media?parent=57699"}],"wp:term":[{"taxonomy":"category","embeddable":true,"href":"https:\/\/ebp.org.br\/nordeste\/jornadas\/2023\/wp-json\/wp\/v2\/categories?post=57699"},{"taxonomy":"post_tag","embeddable":true,"href":"https:\/\/ebp.org.br\/nordeste\/jornadas\/2023\/wp-json\/wp\/v2\/tags?post=57699"}],"curies":[{"name":"wp","href":"https:\/\/api.w.org\/{rel}","templated":true}]}}