{"id":57692,"date":"2023-09-11T09:18:20","date_gmt":"2023-09-11T12:18:20","guid":{"rendered":"https:\/\/ebp.org.br\/nordeste\/jornadas\/2023\/?p=57692"},"modified":"2023-09-11T09:18:20","modified_gmt":"2023-09-11T12:18:20","slug":"boletim-divagacoes-03","status":"publish","type":"post","link":"https:\/\/ebp.org.br\/nordeste\/jornadas\/2023\/boletim-divagacoes-03\/","title":{"rendered":"Boletim Divaga\u00e7\u00f5es #03"},"content":{"rendered":"<div class=\"wpb-content-wrapper\"><p>[vc_row][vc_column][vc_single_image image=&#8221;57594&#8243; img_size=&#8221;full&#8221;][\/vc_column][\/vc_row][vc_row][vc_column][vc_empty_space][vc_separator color=&#8221;orange&#8221;][vc_empty_space][\/vc_column][\/vc_row][vc_row][vc_column][vc_column_text]<\/p>\n<h3><span style=\"color: #993300;\">EDITORIAL<\/span><\/h3>\n<h6><em>Tatiana Schefer (da Comiss\u00e3o de Divulga\u00e7\u00e3o)<\/em><\/h6>\n<p>Divaga\u00e7\u00f5es #03 chega alegre, colorido e com um animado convite: venham todos, Recife est\u00e1 de portas abertas!<\/p>\n<p>Abrindo este n\u00famero, o convite irrecus\u00e1vel, que nos faz o v\u00eddeo de Cl\u00e1udia Formiga, Coordenadora Geral da Jornada, para que estejamos todos em Recife, em novembro. Um chamado \u00e0 presen\u00e7a viva dos corpos nesse &#8220;acontecimento&#8221; Jornada&#8230;<\/p>\n<p>Em seguida, voc\u00ea pode conferir os ecos da primeira preparat\u00f3ria, dedicada \u00e0 discuss\u00e3o que nos prop\u00f5e o Eixo I \u2013 Como situar a no\u00e7\u00e3o de acontecimento de corpo \u00e0 luz do conceito de del\u00edrio generalizado? tanto na resenha escrita pelo colega Jos\u00e9 Augusto Rocha quanto no podcast de Jos\u00e9 Ronaldo de Paulo. S\u00e3o resson\u00e2ncias dessa atividade, que contou com a apresenta\u00e7\u00e3o do texto do argumento por Rosa Reis e Rosa Feitosa, Coordenadoras desse eixo e com as contribui\u00e7\u00f5es de Fernanda Vasconcelos, Marina Cursino, Jos\u00e9 Romero Ouriques e Vanessa Soares, o que rendeu uma acalorada discuss\u00e3o, dando-nos j\u00e1 uma mostra do movimento que em nossa comunidade se vem fazendo em torno dessa jornada.<\/p>\n<p>Tamb\u00e9m neste n\u00famero, voc\u00ea pode acessar a primeira entrega das\u00a0<a href=\"https:\/\/ebp.org.br\/nordeste\/jornadas\/2023\/bibliografia\/\">refer\u00eancias bibliogr\u00e1ficas<\/a>, cuidadosamente selecionadas pela Comiss\u00e3o de Refer\u00eancias, que \u00e9 coordenada por Bibiana Poggi. E confere\u00a0<a href=\"https:\/\/ebp.org.br\/nordeste\/jornadas\/2023\/envio-de-trabalhos\/\">aqui<\/a>\u00a0o chamado que nos faz a Comiss\u00e3o Cient\u00edfica para o envio de\u00a0<a href=\"https:\/\/ebp.org.br\/nordeste\/jornadas\/2023\/envio-de-trabalhos\/\">resumos dos trabalhos<\/a>. N\u00e3o perca! A data-limite \u00e9 10 de outubro.<\/p>\n<p>E &#8220;fechando&#8221; este Divaga\u00e7\u00f5es, nada melhor: o v\u00eddeo &#8220;Recife de Portas Abertas&#8221; traz uma cidade \u201camostrada\u201d, que nos espera a todos, sem prescindir da presen\u00e7a viva e alegre dos corpos.<\/p>\n<p>Fique ligado! Em setembro, temos programada para o dia 19, a atividade preparat\u00f3ria ao eixo II.[\/vc_column_text][vc_btn title=&#8221;Leia+&#8221; color=&#8221;orange&#8221; link=&#8221;url:https%3A%2F%2Febp.org.br%2Fnordeste%2Fjornadas%2F2023%2Feditorial-boletim-divagacoes-04%2F|title:Editorial%20Boletim%20Divaga%C3%A7%C3%B5es%20%2301&#8243;][\/vc_column][\/vc_row][vc_row][vc_column][vc_empty_space][vc_separator color=&#8221;orange&#8221;][vc_empty_space][\/vc_column][\/vc_row][vc_row][vc_column][vc_video link=&#8221;https:\/\/youtu.be\/8LpNhFBysEI&#8221;][\/vc_column][\/vc_row][vc_row][vc_column][vc_column_text]<\/p>\n<h3><span style=\"color: #993300;\">RESSON\u00c2NCIAS NO CORPO<\/span><\/h3>\n<h6><em>Jos\u00e9 Augusto Rocha (da Comiss\u00e3o de Divulga\u00e7\u00e3o)<\/em><\/h6>\n<p>Perguntas. \u00c9 assim que uma psican\u00e1lise avan\u00e7a, isto \u00e9, a partir das interroga\u00e7\u00f5es de seu tempo. No Encontro Preparat\u00f3rio da III Jornada da Se\u00e7\u00e3o Nordeste, o Eixo I, sob responsabilidade de Rosa Reis e Rosa Feitosa e coordena\u00e7\u00e3o de Eliane Neves Baptista, perguntou-se como situar a no\u00e7\u00e3o de acontecimento de corpo \u00e0 luz da no\u00e7\u00e3o do del\u00edrio generalizado?[\/vc_column_text][vc_btn title=&#8221;Leia+&#8221; color=&#8221;orange&#8221; link=&#8221;url:https%3A%2F%2Febp.org.br%2Fnordeste%2Fjornadas%2F2023%2Fressonancias-no-corpo%2F|title:Editorial%20Boletim%20Divaga%C3%A7%C3%B5es%20%2301&#8243;][\/vc_column][\/vc_row][vc_row][vc_column][vc_column_text]<\/p>\n<h3><span style=\"color: #993300;\">CHAMADO \u00c0 CIDADE<\/span><\/h3>\n<h6><em>Socorro Soares (Coordenadora da Comiss\u00e3o de Acolhimento e Infraestrutura)<\/em><\/h6>\n<p>\u00c9 com enorme alegria que recebemos em nossa cidade a III Jornada EBP Nordeste &#8220;Cada um em seu mundo: todos delirantes?&#8221;. Momento oportuno e precioso em que iremos acolher em corpo presente e em la\u00e7o de trabalho todas e todos voc\u00eas.<\/p>\n<p>Estamos, desde j\u00e1, debru\u00e7adas sobre um trabalho animado e cont\u00ednuo de prepara\u00e7\u00e3o da &#8220;Casa Recife&#8221; e de redescobrir esta cidade, fazendo todo o poss\u00edvel para tornar mais acolhedora e prazerosa essa ocasi\u00e3o, al\u00e9m de inspiradora \u00e0 produ\u00e7\u00e3o, transmiss\u00e3o e aos debates enriquecedores \u00e0 nossa pr\u00e1tica da psican\u00e1lise.<\/p>\n<p>Recife litor\u00e2nea, banhada por rios e refletida por suas \u00e1guas, estar\u00e1 com portas e pontes abertas a dar-lhes passagem.<\/p>\n<p>A partir deste n\u00famero, no Boletim Divaga\u00e7\u00f5es, iremos destacar express\u00f5es, sabores e encantos que comp\u00f5em a cidade do Recife, refor\u00e7ando o convite a que venham, se aprocheguem!<\/p>\n<p>Recife e a III Jornada da Se\u00e7\u00e3o Nordeste os esperam em novembro.[\/vc_column_text][vc_video link=&#8221;https:\/\/youtu.be\/gu6y82F0-7g&#8221;][\/vc_column][\/vc_row][vc_row][vc_column][vc_empty_space][vc_separator color=&#8221;orange&#8221;][vc_empty_space][\/vc_column][\/vc_row][vc_row bg_type=&#8221;bg_color&#8221; bg_color_value=&#8221;#0a0a0a&#8221;][vc_column][vc_single_image image=&#8221;57593&#8243; img_size=&#8221;full&#8221;][vc_column_text]<\/p>\n<h6 style=\"text-align: center;\"><span style=\"color: #ffffff;\">Diretoria da EBP &#8211; Se\u00e7\u00e3o Nordeste: Diretora Geral \u2013 Cassandra Dias, Diretora Secret\u00e1ria-Tesoureira \u2013 Anamaria Vasconcelos<\/span><br \/>\n<span style=\"color: #ffffff;\">Diretora de Cart\u00e9is e Interc\u00e2mbio \u2013 Li\u00e8ge Uch\u00f4a, Diretora de Biblioteca \u2013 Cleide Monteiro<\/span><\/h6>\n<h6 style=\"text-align: center;\"><span style=\"color: #ffffff;\">Coordena\u00e7\u00e3o Geral da III Jornada da Se\u00e7\u00e3o Nordeste: Cl\u00e1udia Formiga<\/span><\/h6>\n<h6 style=\"text-align: center;\"><span style=\"color: #ffffff;\">Comiss\u00e3o de M\u00eddias, divulga\u00e7\u00e3o e Arte: Karynna N\u00f3brega (coordena\u00e7\u00e3o), Jos\u00e9 Augusto Rocha, Jos\u00e9 Ronaldo,<\/span><br \/>\n<span style=\"color: #ffffff;\">Pauleska N\u00f3brega, Tatiana Schefer, Marina Fragoso e Severino Bernardino.<\/span><\/h6>\n<h6 style=\"text-align: center;\"><span style=\"color: #ffffff;\">Imagens: Collage illustration v\u00e1rios artistas. Colabora\u00e7\u00e3o K\u00e9sia Ramos<\/span><\/h6>\n<h6 style=\"text-align: center;\"><span style=\"color: #ffffff;\">Designer: Bruno Senna<\/span><\/h6>\n<p>[\/vc_column_text][\/vc_column][\/vc_row]<\/p>\n<\/div>","protected":false},"excerpt":{"rendered":"<p>[vc_row][vc_column][vc_single_image image=&#8221;57594&#8243; img_size=&#8221;full&#8221;][\/vc_column][\/vc_row][vc_row][vc_column][vc_empty_space][vc_separator color=&#8221;orange&#8221;][vc_empty_space][\/vc_column][\/vc_row][vc_row][vc_column][vc_column_text] EDITORIAL Tatiana Schefer (da Comiss\u00e3o de Divulga\u00e7\u00e3o) Divaga\u00e7\u00f5es #03 chega alegre, colorido e com um animado convite: venham todos, Recife est\u00e1 de portas abertas! Abrindo este n\u00famero, o convite irrecus\u00e1vel, que nos faz o v\u00eddeo de Cl\u00e1udia Formiga, Coordenadora Geral da Jornada, para que estejamos todos em Recife, em novembro. Um&hellip;<\/p>\n","protected":false},"author":1,"featured_media":0,"comment_status":"open","ping_status":"open","sticky":false,"template":"","format":"standard","meta":{"footnotes":""},"categories":[18],"tags":[],"class_list":["post-57692","post","type-post","status-publish","format-standard","hentry","category-boletim-divagacoes","category-18","description-off"],"_links":{"self":[{"href":"https:\/\/ebp.org.br\/nordeste\/jornadas\/2023\/wp-json\/wp\/v2\/posts\/57692","targetHints":{"allow":["GET"]}}],"collection":[{"href":"https:\/\/ebp.org.br\/nordeste\/jornadas\/2023\/wp-json\/wp\/v2\/posts"}],"about":[{"href":"https:\/\/ebp.org.br\/nordeste\/jornadas\/2023\/wp-json\/wp\/v2\/types\/post"}],"author":[{"embeddable":true,"href":"https:\/\/ebp.org.br\/nordeste\/jornadas\/2023\/wp-json\/wp\/v2\/users\/1"}],"replies":[{"embeddable":true,"href":"https:\/\/ebp.org.br\/nordeste\/jornadas\/2023\/wp-json\/wp\/v2\/comments?post=57692"}],"version-history":[{"count":1,"href":"https:\/\/ebp.org.br\/nordeste\/jornadas\/2023\/wp-json\/wp\/v2\/posts\/57692\/revisions"}],"predecessor-version":[{"id":57693,"href":"https:\/\/ebp.org.br\/nordeste\/jornadas\/2023\/wp-json\/wp\/v2\/posts\/57692\/revisions\/57693"}],"wp:attachment":[{"href":"https:\/\/ebp.org.br\/nordeste\/jornadas\/2023\/wp-json\/wp\/v2\/media?parent=57692"}],"wp:term":[{"taxonomy":"category","embeddable":true,"href":"https:\/\/ebp.org.br\/nordeste\/jornadas\/2023\/wp-json\/wp\/v2\/categories?post=57692"},{"taxonomy":"post_tag","embeddable":true,"href":"https:\/\/ebp.org.br\/nordeste\/jornadas\/2023\/wp-json\/wp\/v2\/tags?post=57692"}],"curies":[{"name":"wp","href":"https:\/\/api.w.org\/{rel}","templated":true}]}}