{"id":57662,"date":"2023-08-13T10:57:51","date_gmt":"2023-08-13T13:57:51","guid":{"rendered":"https:\/\/ebp.org.br\/nordeste\/jornadas\/2023\/?p=57662"},"modified":"2023-08-14T16:57:58","modified_gmt":"2023-08-14T19:57:58","slug":"boletim-divagacoes-02","status":"publish","type":"post","link":"https:\/\/ebp.org.br\/nordeste\/jornadas\/2023\/boletim-divagacoes-02\/","title":{"rendered":"Boletim Divaga\u00e7\u00f5es #02"},"content":{"rendered":"<div class=\"wpb-content-wrapper\"><p>[vc_row][vc_column][vc_single_image image=&#8221;57594&#8243; img_size=&#8221;full&#8221;][\/vc_column][\/vc_row][vc_row][vc_column][vc_empty_space][vc_separator color=&#8221;orange&#8221;][vc_empty_space][\/vc_column][\/vc_row][vc_row][vc_column width=&#8221;2\/3&#8243;][vc_column_text]<\/p>\n<h3><span style=\"color: #993300;\">EDITORIAL<\/span><\/h3>\n<h6><em>Por Karynna N\u00f3brega<\/em><\/h6>\n<p>Caro leitor,<\/p>\n<p>Neste Divaga\u00e7\u00f5es#02, voc\u00ea vai encontrar o Argumento de cada um dos Eixos Tem\u00e1ticos da III Jornada da EBP &#8211; Nordeste<strong><em>,<\/em><\/strong>\u00a0que demarcam no Argumento da Jornada os aspectos epist\u00eamico, cl\u00ednico e pol\u00edtico, respectivamente. Cada eixo de investiga\u00e7\u00e3o teve uma quest\u00e3o disparadora a orientar a dire\u00e7\u00e3o do seu trabalho&#8230;[\/vc_column_text][vc_btn title=&#8221;Leia+&#8221; color=&#8221;orange&#8221; link=&#8221;url:https%3A%2F%2Febp.org.br%2Fnordeste%2Fjornadas%2F2023%2Feditorial-boletim-divagacoes-2%2F|title:Editorial%20Boletim%20Divaga%C3%A7%C3%B5es%20%2301&#8243;][\/vc_column][vc_column width=&#8221;1\/3&#8243;][vc_single_image image=&#8221;57643&#8243; img_size=&#8221;250&#215;250&#8243;][\/vc_column][\/vc_row][vc_row][vc_column][vc_empty_space][vc_separator color=&#8221;orange&#8221;][vc_empty_space][\/vc_column][\/vc_row][vc_row][vc_column width=&#8221;2\/3&#8243;][vc_column_text]<\/p>\n<h3><span style=\"color: #993300;\">EIXOS TEM\u00c1TICOS<\/span><\/h3>\n<p><strong>Eixo I \u2013\u00a0 \u201cComo situar a no\u00e7\u00e3o de acontecimento de corpo \u00e0 luz do conceito de del\u00edrio general<\/strong><strong>izado?\u201d<\/strong><\/p>\n<p><em>Respons\u00e1veis: Rosa Reis (EBP\/AMP) e Rosa Feitosa (Correspondente Se\u00e7\u00e3o Nordeste)<\/em><\/p>\n<p>Lacan usou a express\u00e3o \u2018acontecimento de corpo\u2019 para nomear o lugar do sinthoma ap\u00f3s recolher sua efic\u00e1cia na obra de Joyce [1]. O sinthoma, no Semin\u00e1rio 23, \u00e9 uma repara\u00e7\u00e3o, uma supl\u00eancia do lapso no n\u00f3 borromeano: no real, no simb\u00f3lico ou no imagin\u00e1rio e representa o sintoma quando este se encontra fora do inconsciente transferencial, reduzido ao seu n\u00facleo de gozo. \u00c9 um acontecimento de corpo[\/vc_column_text][vc_btn title=&#8221;Leia+&#8221; color=&#8221;orange&#8221; link=&#8221;url:https%3A%2F%2Febp.org.br%2Fnordeste%2Fjornadas%2F2023%2Feixos-tematicos%2Feixo-i-como-situar-a-nocao-de-acontecimento-de-corpo-a-luz-do-conceito-de-delirio-generalizado%2F|title:Editorial%20Boletim%20Divaga%C3%A7%C3%B5es%20%2301&#8243;][\/vc_column][vc_column width=&#8221;1\/3&#8243;][vc_single_image image=&#8221;57644&#8243; img_size=&#8221;250&#215;250&#8243;][\/vc_column][\/vc_row][vc_row][vc_column width=&#8221;2\/3&#8243;][vc_column_text]<strong>EIXO II \u2013 Pela via do sinthoma, como podemos ler a rela\u00e7\u00e3o do falasser com o mundo?<\/strong><\/p>\n<p>Respons\u00e1vel: Jos\u00e9 Carlos Lapenda (EBP\/AMP) e S\u00edlvia Farias (Aderente Se\u00e7\u00e3o Nordeste).<\/p>\n<p>A rela\u00e7\u00e3o do falasser com o mundo est\u00e1 marcada pelo acontecimento origin\u00e1rio, inaugural e traum\u00e1tico do encontro da carne com o significante. Trata-se do encontro do corpo com as palavras sem significa\u00e7\u00e3o, que Lacan denominou de\u00a0<em>lal\u00edngua<\/em>, enxame de S1, entrada de um gozo \u201cdeslocalizado\u201d. Tal experi\u00eancia produz resson\u00e2ncias, efeitos e afetos enigm\u00e1ticos, imposs\u00edveis de serem enunciados pelo sujeito. S\u00e3o marcas, entidades de gozo que nada comunicam, antes geram satisfa\u00e7\u00e3o pulsional.[\/vc_column_text][vc_btn title=&#8221;Leia+&#8221; color=&#8221;orange&#8221; link=&#8221;url:https%3A%2F%2Febp.org.br%2Fnordeste%2Fjornadas%2F2023%2Feixos-tematicos%2Feixo-ii-pela-via-do-sinthoma-como-podemos-ler-a-relacao-do-falasser-com-o-mundo%2F|title:Editorial%20Boletim%20Divaga%C3%A7%C3%B5es%20%2301&#8243;][\/vc_column][vc_column width=&#8221;1\/3&#8243;][vc_single_image image=&#8221;57644&#8243; img_size=&#8221;250&#215;250&#8243;][\/vc_column][\/vc_row][vc_row][vc_column width=&#8221;2\/3&#8243;][vc_column_text]<strong>Eixo III \u2013 O que est\u00e1 em jogo na pol\u00edtica lacaniana se nos referirmos a ela como acontecimento de corpo?<\/strong><\/p>\n<p>Respons\u00e1veis: L\u00eddia Pessoa (AMP\/EBP) e V\u00e2nia Ferreira (Aderente Se\u00e7\u00e3o Nordeste)<\/p>\n<p>Por que trazer hoje na III Jornada da Se\u00e7\u00e3o Nordeste a discuss\u00e3o da pol\u00edtica na psican\u00e1lise? Na d\u00e9cada de 60 do s\u00e9culo XX Jacques Lacan introduziu a dimens\u00e3o da pol\u00edtica \u00e0 psican\u00e1lise no Semin\u00e1rio a l\u00f3gica da Fantasia: \u201c&#8230;se dir\u00e1 n\u00e3o digo mesmo \u201cpol\u00edtica \u00e9 o inconsciente, mas simplesmente, o inconsciente \u00e9 a pol\u00edtica\u201d[1]. De que pol\u00edtica se trata?[\/vc_column_text][vc_btn title=&#8221;Leia+&#8221; color=&#8221;orange&#8221; link=&#8221;url:https%3A%2F%2Febp.org.br%2Fnordeste%2Fjornadas%2F2023%2Feixos-tematicos%2Feixo-iii-o-que-esta-em-jogo-na-politica-lacaniana-se-nos-referirmos-a-ela-como-acontecimento-de-corpo%2F|title:Editorial%20Boletim%20Divaga%C3%A7%C3%B5es%20%2301&#8243;][\/vc_column][vc_column width=&#8221;1\/3&#8243;][vc_single_image image=&#8221;57645&#8243; img_size=&#8221;250&#215;250&#8243;][\/vc_column][\/vc_row][vc_row][vc_column][vc_empty_space][vc_separator color=&#8221;orange&#8221;][vc_empty_space][\/vc_column][\/vc_row][vc_row][vc_column][vc_single_image image=&#8221;57660&#8243; img_size=&#8221;full&#8221; alignment=&#8221;center&#8221; onclick=&#8221;custom_link&#8221; link=&#8221;https:\/\/open.spotify.com\/show\/2sqsHoZgEBbrndLW9WJiJd&#8221;][\/vc_column][\/vc_row][vc_row][vc_column][vc_empty_space][vc_separator color=&#8221;orange&#8221;][vc_empty_space][\/vc_column][\/vc_row][vc_row][vc_column][vc_single_image image=&#8221;57659&#8243; img_size=&#8221;full&#8221; alignment=&#8221;center&#8221; onclick=&#8221;custom_link&#8221; link=&#8221;https:\/\/ebp.org.br\/nordeste\/jornadas\/2023\/wp-content\/uploads\/2023\/08\/rosa_reis.mp4&#8243;][\/vc_column][\/vc_row][vc_row][vc_column][vc_empty_space][vc_separator color=&#8221;orange&#8221;][vc_empty_space][\/vc_column][\/vc_row][vc_row bg_type=&#8221;bg_color&#8221; bg_color_value=&#8221;#0a0a0a&#8221;][vc_column][vc_single_image image=&#8221;57593&#8243; img_size=&#8221;full&#8221;][vc_column_text]<\/p>\n<h6 style=\"text-align: center;\"><span style=\"color: #ffffff;\">Diretoria da EBP &#8211; Se\u00e7\u00e3o Nordeste: Diretora Geral \u2013 Cassandra Dias, Diretora Secret\u00e1ria-Tesoureira \u2013 Anamaria Vasconcelos<\/span><br \/>\n<span style=\"color: #ffffff;\">Diretora de Cart\u00e9is e Interc\u00e2mbio \u2013 Li\u00e8ge Uch\u00f4a, Diretora de Biblioteca \u2013 Cleide Monteiro<\/span><\/h6>\n<h6 style=\"text-align: center;\"><span style=\"color: #ffffff;\">Coordena\u00e7\u00e3o Geral da III Jornada da Se\u00e7\u00e3o Nordeste: Cl\u00e1udia Formiga<\/span><\/h6>\n<h6 style=\"text-align: center;\"><span style=\"color: #ffffff;\">Comiss\u00e3o de M\u00eddias, divulga\u00e7\u00e3o e Arte: Karynna N\u00f3brega (coordena\u00e7\u00e3o), Jos\u00e9 Augusto Rocha, Jos\u00e9 Ronaldo,<\/span><br \/>\n<span style=\"color: #ffffff;\">Pauleska N\u00f3brega, Tatiana Schefer, Marina Fragoso e Severino Bernardino.<\/span><\/h6>\n<h6 style=\"text-align: center;\"><span style=\"color: #ffffff;\">Imagens: Collage illustration v\u00e1rios artistas. Colabora\u00e7\u00e3o K\u00e9sia Ramos<\/span><\/h6>\n<h6 style=\"text-align: center;\"><span style=\"color: #ffffff;\">Designer: Bruno Senna<\/span><\/h6>\n<p>[\/vc_column_text][\/vc_column][\/vc_row]<\/p>\n<\/div>","protected":false},"excerpt":{"rendered":"<p>[vc_row][vc_column][vc_single_image image=&#8221;57594&#8243; img_size=&#8221;full&#8221;][\/vc_column][\/vc_row][vc_row][vc_column][vc_empty_space][vc_separator color=&#8221;orange&#8221;][vc_empty_space][\/vc_column][\/vc_row][vc_row][vc_column width=&#8221;2\/3&#8243;][vc_column_text] EDITORIAL Por Karynna N\u00f3brega Caro leitor, Neste Divaga\u00e7\u00f5es#02, voc\u00ea vai encontrar o Argumento de cada um dos Eixos Tem\u00e1ticos da III Jornada da EBP &#8211; Nordeste,\u00a0que demarcam no Argumento da Jornada os aspectos epist\u00eamico, cl\u00ednico e pol\u00edtico, respectivamente. Cada eixo de investiga\u00e7\u00e3o teve uma quest\u00e3o disparadora a orientar a dire\u00e7\u00e3o&hellip;<\/p>\n","protected":false},"author":1,"featured_media":0,"comment_status":"open","ping_status":"open","sticky":false,"template":"","format":"standard","meta":{"footnotes":""},"categories":[18],"tags":[],"class_list":["post-57662","post","type-post","status-publish","format-standard","hentry","category-boletim-divagacoes","category-18","description-off"],"_links":{"self":[{"href":"https:\/\/ebp.org.br\/nordeste\/jornadas\/2023\/wp-json\/wp\/v2\/posts\/57662","targetHints":{"allow":["GET"]}}],"collection":[{"href":"https:\/\/ebp.org.br\/nordeste\/jornadas\/2023\/wp-json\/wp\/v2\/posts"}],"about":[{"href":"https:\/\/ebp.org.br\/nordeste\/jornadas\/2023\/wp-json\/wp\/v2\/types\/post"}],"author":[{"embeddable":true,"href":"https:\/\/ebp.org.br\/nordeste\/jornadas\/2023\/wp-json\/wp\/v2\/users\/1"}],"replies":[{"embeddable":true,"href":"https:\/\/ebp.org.br\/nordeste\/jornadas\/2023\/wp-json\/wp\/v2\/comments?post=57662"}],"version-history":[{"count":3,"href":"https:\/\/ebp.org.br\/nordeste\/jornadas\/2023\/wp-json\/wp\/v2\/posts\/57662\/revisions"}],"predecessor-version":[{"id":57666,"href":"https:\/\/ebp.org.br\/nordeste\/jornadas\/2023\/wp-json\/wp\/v2\/posts\/57662\/revisions\/57666"}],"wp:attachment":[{"href":"https:\/\/ebp.org.br\/nordeste\/jornadas\/2023\/wp-json\/wp\/v2\/media?parent=57662"}],"wp:term":[{"taxonomy":"category","embeddable":true,"href":"https:\/\/ebp.org.br\/nordeste\/jornadas\/2023\/wp-json\/wp\/v2\/categories?post=57662"},{"taxonomy":"post_tag","embeddable":true,"href":"https:\/\/ebp.org.br\/nordeste\/jornadas\/2023\/wp-json\/wp\/v2\/tags?post=57662"}],"curies":[{"name":"wp","href":"https:\/\/api.w.org\/{rel}","templated":true}]}}