{"id":57637,"date":"2023-08-12T05:11:06","date_gmt":"2023-08-12T08:11:06","guid":{"rendered":"https:\/\/ebp.org.br\/nordeste\/jornadas\/2023\/?p=57637"},"modified":"2023-08-12T05:11:06","modified_gmt":"2023-08-12T08:11:06","slug":"editorial-boletim-divagacoes-2","status":"publish","type":"post","link":"https:\/\/ebp.org.br\/nordeste\/jornadas\/2023\/editorial-boletim-divagacoes-2\/","title":{"rendered":"Editorial Boletim Divaga\u00e7\u00f5es #2"},"content":{"rendered":"<h6><em><strong>Por Karynna N\u00f3brega<\/strong><\/em><\/h6>\n<p>Caro leitor,<\/p>\n<p>Neste Divaga\u00e7\u00f5es#02, voc\u00ea vai encontrar o Argumento de cada um dos Eixos Tem\u00e1ticos da III Jornada da EBP &#8211; Nordeste<strong><em>,<\/em><\/strong> que demarcam no Argumento da Jornada os aspectos epist\u00eamico, cl\u00ednico e pol\u00edtico, respectivamente. Cada eixo de investiga\u00e7\u00e3o teve uma quest\u00e3o disparadora a orientar a dire\u00e7\u00e3o do seu trabalho: o Eixo 1, sob a responsabilidade das colegas Rosa Feitosa e Rosa Reis, se orienta pela pergunta \u201cComo situar a no\u00e7\u00e3o de acontecimentos de corpo \u00e0 luz do conceito de del\u00edrio generalizado?\u201d Em seguida, o Eixo 2, escrito pelos colegas jos\u00e9 Carlos Lapenda e Silvia Farias, tem como quest\u00e3o disparadora a seguinte: \u201cpela via do <em>sinthoma<\/em>, como podemos ler a rela\u00e7\u00e3o do <em>falasser<\/em> com o mundo?\u201d E na sequ\u00eancia, o Eixo 3, pelo qual respondem as colegas L\u00eddia Pessoa e V\u00e2nia Ferreira, cuja quest\u00e3o que anima \u00e9 \u201cO que est\u00e1 em jogo na pol\u00edtica lacaniana se nos referimos a ela como acontecimento de corpo?\u201d<\/p>\n<p>Al\u00e9m desses textos, o leitor encontra aqui tamb\u00e9m, na fala das colegas Gisella Lopes e Li\u00e9ge Uch\u00f4a, as resson\u00e2ncias produzidas pelo Argumento da Jornada que, proferidas pouco depois da atividade de lan\u00e7amento, abordam aspectos importantes dessa discuss\u00e3o e nos relan\u00e7a ao trabalho. Seguem, tamb\u00e9m neste n\u00famero, informa\u00e7\u00f5es sobre o prazo para o envio de trabalhos, assim como os valores e prazos para fazer, pela Plataforma Sympla, a sua inscri\u00e7\u00e3o na Jornada.<\/p>\n<p>Por \u00faltimo, voc\u00ea pode conferir uma pequena mostra das quest\u00f5es que animam o Eixo 1 no v\u00eddeo feito pela colega Rosa Reis, onde ela nos convida a participar da pr\u00f3xima atividade preparat\u00f3ria, que acontece nesta ter\u00e7a 15 de agosto, \u00e0s 20h e que ser\u00e1 transmitida pelo Zoom.<\/p>\n<p>Participe! Aproveite o link que disponibilizamos logo abaixo e fa\u00e7a a sua inscri\u00e7\u00e3o nessa atividade preparat\u00f3ria, garantindo assim tamb\u00e9m a sua participa\u00e7\u00e3o nas outras que vir\u00e3o. Boa leitura!<\/p>\n","protected":false},"excerpt":{"rendered":"<p>Por Karynna N\u00f3brega Caro leitor, Neste Divaga\u00e7\u00f5es#02, voc\u00ea vai encontrar o Argumento de cada um dos Eixos Tem\u00e1ticos da III Jornada da EBP &#8211; Nordeste, que demarcam no Argumento da Jornada os aspectos epist\u00eamico, cl\u00ednico e pol\u00edtico, respectivamente. Cada eixo de investiga\u00e7\u00e3o teve uma quest\u00e3o disparadora a orientar a dire\u00e7\u00e3o do seu trabalho: o Eixo&hellip;<\/p>\n","protected":false},"author":1,"featured_media":0,"comment_status":"open","ping_status":"open","sticky":false,"template":"","format":"standard","meta":{"footnotes":""},"categories":[18,16],"tags":[],"class_list":["post-57637","post","type-post","status-publish","format-standard","hentry","category-boletim-divagacoes","category-editoriais","category-18","category-16","description-off"],"_links":{"self":[{"href":"https:\/\/ebp.org.br\/nordeste\/jornadas\/2023\/wp-json\/wp\/v2\/posts\/57637","targetHints":{"allow":["GET"]}}],"collection":[{"href":"https:\/\/ebp.org.br\/nordeste\/jornadas\/2023\/wp-json\/wp\/v2\/posts"}],"about":[{"href":"https:\/\/ebp.org.br\/nordeste\/jornadas\/2023\/wp-json\/wp\/v2\/types\/post"}],"author":[{"embeddable":true,"href":"https:\/\/ebp.org.br\/nordeste\/jornadas\/2023\/wp-json\/wp\/v2\/users\/1"}],"replies":[{"embeddable":true,"href":"https:\/\/ebp.org.br\/nordeste\/jornadas\/2023\/wp-json\/wp\/v2\/comments?post=57637"}],"version-history":[{"count":1,"href":"https:\/\/ebp.org.br\/nordeste\/jornadas\/2023\/wp-json\/wp\/v2\/posts\/57637\/revisions"}],"predecessor-version":[{"id":57638,"href":"https:\/\/ebp.org.br\/nordeste\/jornadas\/2023\/wp-json\/wp\/v2\/posts\/57637\/revisions\/57638"}],"wp:attachment":[{"href":"https:\/\/ebp.org.br\/nordeste\/jornadas\/2023\/wp-json\/wp\/v2\/media?parent=57637"}],"wp:term":[{"taxonomy":"category","embeddable":true,"href":"https:\/\/ebp.org.br\/nordeste\/jornadas\/2023\/wp-json\/wp\/v2\/categories?post=57637"},{"taxonomy":"post_tag","embeddable":true,"href":"https:\/\/ebp.org.br\/nordeste\/jornadas\/2023\/wp-json\/wp\/v2\/tags?post=57637"}],"curies":[{"name":"wp","href":"https:\/\/api.w.org\/{rel}","templated":true}]}}