{"id":4170,"date":"2021-11-18T07:40:35","date_gmt":"2021-11-18T10:40:35","guid":{"rendered":"https:\/\/ebp.org.br\/mg\/?p=4170"},"modified":"2021-11-18T07:40:35","modified_gmt":"2021-11-18T10:40:35","slug":"curinga-052","status":"publish","type":"post","link":"https:\/\/ebp.org.br\/mg\/curinga-052\/","title":{"rendered":"Curinga 052"},"content":{"rendered":"<h3><img loading=\"lazy\" decoding=\"async\" class=\"alignright wp-image-4172 size-medium\" src=\"https:\/\/ebp.org.br\/mg\/wp-content\/uploads\/2021\/11\/capa-52-228x300.jpg\" alt=\"\" width=\"228\" height=\"300\" \/>N\u00daMERO \/ EDI\u00c7\u00c3O<\/h3>\n<p>52<\/p>\n<h3>ANO<\/h3>\n<p>julho\/dezembro 2021<\/p>\n<p>&nbsp;<\/p>\n<p>Curinga 52<\/p>\n<p>Psican\u00e1lise: corpo e acontecimento<\/p>\n<p>&nbsp;<\/p>\n<p>Sum\u00e1rio:<\/p>\n<p><strong>Cartas na mesa<\/strong>:<\/p>\n<p>Trans&#8230;: um real que se enla\u00e7a<\/p>\n<p>Fernando Casula<\/p>\n<p>&nbsp;<\/p>\n<p><strong>Internacional<\/strong><\/p>\n<p>1-Tra\u00e7os e marcas<\/p>\n<p>Marie-H\u00e8l\u00e9ne Brousse<\/p>\n<p>2- O que chamamos de \u201cacontecimento de corpo\u201d?<\/p>\n<p>Daniel Roy<\/p>\n<p>&nbsp;<\/p>\n<p><strong>Psican\u00e1lise: corpo e acontecimento<\/strong><\/p>\n<ul>\n<li>Ler o sintoma da crian\u00e7a<\/li>\n<\/ul>\n<p>Andrea Eul\u00e1lio de Paula Ferreira<\/p>\n<ul>\n<li>A interpreta\u00e7\u00e3o nos tempos do falasser<\/li>\n<\/ul>\n<p>Ant\u00f4nio Teixeira<\/p>\n<ul>\n<li>Interpreta\u00e7\u00e3o: entre a palavra e a escrita<\/li>\n<\/ul>\n<p>Cristiana Pittella<\/p>\n<ul>\n<li>Francesca Woodman entre os espelhos da adolesc\u00eancia<\/li>\n<\/ul>\n<p>Musso Greco<\/p>\n<ul>\n<li>Interpreta\u00e7\u00e3o acontecimento: ler o ileg\u00edvel<\/li>\n<\/ul>\n<p>Maria Aparecida Farage<\/p>\n<ul>\n<li>Lacan e alguns lugares do corpo do analista sob transfer\u00eancia<\/li>\n<\/ul>\n<p>M\u00e1rcia Rosa<\/p>\n<ul>\n<li>Uma pol\u00edtica da interpreta\u00e7\u00e3o no autismo em uma institui\u00e7\u00e3o lacaniana<\/li>\n<\/ul>\n<p>Suzana Faleiro Barroso<\/p>\n<ul>\n<li>Escrever com a for\u00e7a do corpo<\/li>\n<\/ul>\n<p>Luciana Silviano Brand\u00e3o<\/p>\n<ul>\n<li>Quignard e Joyce, a escrita do acontecimento e a interpreta\u00e7\u00e3o do analista<\/li>\n<\/ul>\n<p>Rodrigo Almeida<\/p>\n<ul>\n<li>Interpreta\u00e7\u00e3o acontecimento: Lalangue e o n\u00e3o saber<\/li>\n<\/ul>\n<p>Alessandra Thomaz Rocha<\/p>\n<p>&nbsp;<\/p>\n<p><strong>Extmidades<\/strong><\/p>\n<p>Encontro com Mar Becker e a <em>Mulher submersa<\/em><\/p>\n<p>&nbsp;<\/p>\n<p><strong>Biblioteca: <\/strong><\/p>\n<ul>\n<li>100 anos do Al\u00e9m do princ\u00edpio do prazer: j\u00e1?<\/li>\n<\/ul>\n<p>Ludmilla F\u00e9res Faria<\/p>\n<ul>\n<li>Eros na pandemia: breve notas do centen\u00e1rio de Al\u00e9m do princ\u00edpio do prazer<\/li>\n<\/ul>\n<p>Cleyton Andrade<\/p>\n<ul>\n<li>O mito do Andr\u00f3gino<\/li>\n<\/ul>\n<p>Gilson Iannini<\/p>\n<p>&nbsp;<\/p>\n<p><strong>Cart\u00e9is<\/strong><\/p>\n<ul>\n<li>O cartel na pol\u00edtica lacaniana<\/li>\n<\/ul>\n<p>Irene Kuperwajs<\/p>\n<ul>\n<li>Nata\u00e7\u00e3o anal\u00edtica: o que Irene Kuperwajs nos ensina<\/li>\n<\/ul>\n<p>S\u00e9rgio Laia<\/p>\n<ul>\n<li>O racismo \u00e0 brasileira interroga a Psican\u00e1lise<\/li>\n<\/ul>\n<p>Cristiane da Silva Ribeiro<\/p>\n<ul>\n<li>Um amor tendendo ao zero<\/li>\n<\/ul>\n<p>Cec\u00edlia Batista<\/p>\n<p>&nbsp;<\/p>\n<p><strong>Resson\u00e2ncias do Passe<\/strong><\/p>\n<p>BH: do fim do come\u00e7o ao come\u00e7o do fim de uma an\u00e1lise<\/p>\n<p>T\u00e2nia Abreu<\/p>\n<p>&nbsp;<\/p>\n<p><strong>Radar<\/strong><\/p>\n<ul>\n<li>O amor, ainda<\/li>\n<\/ul>\n<p>Maria Josefina Sota Fuentes<\/p>\n<ul>\n<li>Sexua\u00e7\u00e3o e diferen\u00e7a sexual: sobre a identidade sinthomal<\/li>\n<\/ul>\n<p>J\u00e9sus Santiago<\/p>\n","protected":false},"excerpt":{"rendered":"<p>N\u00daMERO \/ EDI\u00c7\u00c3O 52 ANO julho\/dezembro 2021 &nbsp; Curinga 52 Psican\u00e1lise: corpo e acontecimento &nbsp; Sum\u00e1rio: Cartas na mesa: Trans&#8230;: um real que se enla\u00e7a Fernando Casula &nbsp; Internacional 1-Tra\u00e7os e marcas Marie-H\u00e8l\u00e9ne Brousse 2- O que chamamos de \u201cacontecimento de corpo\u201d? Daniel Roy &nbsp; Psican\u00e1lise: corpo e acontecimento Ler o sintoma da crian\u00e7a Andrea&hellip;<\/p>\n","protected":false},"author":1,"featured_media":4172,"comment_status":"closed","ping_status":"closed","sticky":false,"template":"","format":"standard","meta":{"footnotes":""},"categories":[6],"tags":[],"post_series":[],"class_list":["post-4170","post","type-post","status-publish","format-standard","has-post-thumbnail","hentry","category-revista-curinga","entry","has-media"],"aioseo_notices":[],"_links":{"self":[{"href":"https:\/\/ebp.org.br\/mg\/wp-json\/wp\/v2\/posts\/4170","targetHints":{"allow":["GET"]}}],"collection":[{"href":"https:\/\/ebp.org.br\/mg\/wp-json\/wp\/v2\/posts"}],"about":[{"href":"https:\/\/ebp.org.br\/mg\/wp-json\/wp\/v2\/types\/post"}],"author":[{"embeddable":true,"href":"https:\/\/ebp.org.br\/mg\/wp-json\/wp\/v2\/users\/1"}],"replies":[{"embeddable":true,"href":"https:\/\/ebp.org.br\/mg\/wp-json\/wp\/v2\/comments?post=4170"}],"version-history":[{"count":0,"href":"https:\/\/ebp.org.br\/mg\/wp-json\/wp\/v2\/posts\/4170\/revisions"}],"wp:featuredmedia":[{"embeddable":true,"href":"https:\/\/ebp.org.br\/mg\/wp-json\/wp\/v2\/media\/4172"}],"wp:attachment":[{"href":"https:\/\/ebp.org.br\/mg\/wp-json\/wp\/v2\/media?parent=4170"}],"wp:term":[{"taxonomy":"category","embeddable":true,"href":"https:\/\/ebp.org.br\/mg\/wp-json\/wp\/v2\/categories?post=4170"},{"taxonomy":"post_tag","embeddable":true,"href":"https:\/\/ebp.org.br\/mg\/wp-json\/wp\/v2\/tags?post=4170"},{"taxonomy":"post_series","embeddable":true,"href":"https:\/\/ebp.org.br\/mg\/wp-json\/wp\/v2\/post_series?post=4170"}],"curies":[{"name":"wp","href":"https:\/\/api.w.org\/{rel}","templated":true}]}}