{"id":4169,"date":"2021-11-18T07:39:38","date_gmt":"2021-11-18T10:39:38","guid":{"rendered":"https:\/\/ebp.org.br\/mg\/?p=4169"},"modified":"2021-11-18T07:39:38","modified_gmt":"2021-11-18T10:39:38","slug":"curinga-051","status":"publish","type":"post","link":"https:\/\/ebp.org.br\/mg\/curinga-051\/","title":{"rendered":"Curinga 051"},"content":{"rendered":"<h3><img loading=\"lazy\" decoding=\"async\" class=\"alignright wp-image-4171 size-medium\" src=\"https:\/\/ebp.org.br\/mg\/wp-content\/uploads\/2021\/11\/capa-51-228x300.jpeg\" alt=\"\" width=\"228\" height=\"300\" \/>N\u00daMERO \/ EDI\u00c7\u00c3O<\/h3>\n<p>51<\/p>\n<h3>ANO<\/h3>\n<p>janeiro\/junho 2021<\/p>\n<p>&nbsp;<\/p>\n<p>Sum\u00e1rio Curinga 51<\/p>\n<p>&nbsp;<\/p>\n<p><strong>CARTAS NA MESA<\/strong><\/p>\n<p>A \u00e9tica do corpo falante na era do direito ao gozo<\/p>\n<p>Laura Rubi\u00e3o<\/p>\n<p>&nbsp;<\/p>\n<p><strong>INTERNACIONAL<\/strong><\/p>\n<p>O Um da inf\u00e2ncia<\/p>\n<p>Fabian Fajnwaks<\/p>\n<p>O racismo e a supervis\u00e3o<\/p>\n<p>Ana\u00eblle Lebovits-Quenehen<\/p>\n<p>&nbsp;<\/p>\n<p><strong>AS PARCERIAS CONTEMPOR\u00c2NEAS<\/strong><\/p>\n<p>O amor e o antiamor em Amy Winehouse<\/p>\n<p>J\u00e9sus Santiago<\/p>\n<p><em>Una<\/em>, a \u00fanica<\/p>\n<p>Andr\u00e9a Eul\u00e1lio de Paula Ferreira<\/p>\n<p>Novo amor: uma encruzilhada do amor<\/p>\n<p>K\u00e1tia Mari\u00e1s<\/p>\n<p>Lacan com Santa Tereza<\/p>\n<p>Fernanda Costa<\/p>\n<p>Breves considera\u00e7\u00f5es sobre a suspen\u00e7\u00e3o da letra ou um poema de amor ao modo autista?<\/p>\n<p>Paula Pimenta<\/p>\n<p>T\u00e3o longe quanto imposs\u00edvel: a psican\u00e1lise, seus pares e seu impar<\/p>\n<p>M\u00e1rcia Rosa<\/p>\n<p>&nbsp;<\/p>\n<p><strong>EXTIMIDADES<\/strong><\/p>\n<p>Fio de corte na l\u00edngua da fome<\/p>\n<p>Sabrina Sedelmayer<\/p>\n<p>&nbsp;<\/p>\n<p><strong>RESSON\u00c2NCIAS DO PASSE<\/strong><\/p>\n<p>\u201cThe vindication \u2018of rubish\u2019\u201d<\/p>\n<p>Sandra Arruda Grostein<\/p>\n<p>No limiar, sem encontrar a porta<\/p>\n<p>S\u00e9rgio Laia<\/p>\n<p>&nbsp;<\/p>\n<p><strong>RADAR<\/strong><\/p>\n<p>Um outro sentido para o corpo: o sexto sentido<\/p>\n<p>Miquel Bassols<\/p>\n","protected":false},"excerpt":{"rendered":"<p>N\u00daMERO \/ EDI\u00c7\u00c3O 51 ANO janeiro\/junho 2021 &nbsp; Sum\u00e1rio Curinga 51 &nbsp; CARTAS NA MESA A \u00e9tica do corpo falante na era do direito ao gozo Laura Rubi\u00e3o &nbsp; INTERNACIONAL O Um da inf\u00e2ncia Fabian Fajnwaks O racismo e a supervis\u00e3o Ana\u00eblle Lebovits-Quenehen &nbsp; AS PARCERIAS CONTEMPOR\u00c2NEAS O amor e o antiamor em Amy Winehouse&hellip;<\/p>\n","protected":false},"author":1,"featured_media":4171,"comment_status":"closed","ping_status":"closed","sticky":false,"template":"","format":"standard","meta":{"footnotes":""},"categories":[6],"tags":[],"post_series":[],"class_list":["post-4169","post","type-post","status-publish","format-standard","has-post-thumbnail","hentry","category-revista-curinga","entry","has-media"],"aioseo_notices":[],"_links":{"self":[{"href":"https:\/\/ebp.org.br\/mg\/wp-json\/wp\/v2\/posts\/4169","targetHints":{"allow":["GET"]}}],"collection":[{"href":"https:\/\/ebp.org.br\/mg\/wp-json\/wp\/v2\/posts"}],"about":[{"href":"https:\/\/ebp.org.br\/mg\/wp-json\/wp\/v2\/types\/post"}],"author":[{"embeddable":true,"href":"https:\/\/ebp.org.br\/mg\/wp-json\/wp\/v2\/users\/1"}],"replies":[{"embeddable":true,"href":"https:\/\/ebp.org.br\/mg\/wp-json\/wp\/v2\/comments?post=4169"}],"version-history":[{"count":0,"href":"https:\/\/ebp.org.br\/mg\/wp-json\/wp\/v2\/posts\/4169\/revisions"}],"wp:featuredmedia":[{"embeddable":true,"href":"https:\/\/ebp.org.br\/mg\/wp-json\/wp\/v2\/media\/4171"}],"wp:attachment":[{"href":"https:\/\/ebp.org.br\/mg\/wp-json\/wp\/v2\/media?parent=4169"}],"wp:term":[{"taxonomy":"category","embeddable":true,"href":"https:\/\/ebp.org.br\/mg\/wp-json\/wp\/v2\/categories?post=4169"},{"taxonomy":"post_tag","embeddable":true,"href":"https:\/\/ebp.org.br\/mg\/wp-json\/wp\/v2\/tags?post=4169"},{"taxonomy":"post_series","embeddable":true,"href":"https:\/\/ebp.org.br\/mg\/wp-json\/wp\/v2\/post_series?post=4169"}],"curies":[{"name":"wp","href":"https:\/\/api.w.org\/{rel}","templated":true}]}}