{"id":3304,"date":"2020-11-07T07:25:37","date_gmt":"2020-11-07T10:25:37","guid":{"rendered":"http:\/\/ebp.org.br\/mg\/?p=3304"},"modified":"2020-11-07T07:25:37","modified_gmt":"2020-11-07T10:25:37","slug":"curinga-048","status":"publish","type":"post","link":"https:\/\/ebp.org.br\/mg\/curinga-048\/","title":{"rendered":"Curinga 048"},"content":{"rendered":"<h3><strong><img loading=\"lazy\" decoding=\"async\" class=\"size-medium wp-image-3115 alignright\" src=\"http:\/\/ebp.org.br\/mg\/wp-content\/uploads\/2020\/10\/curinga048-221x300.jpg\" alt=\"\" width=\"221\" height=\"300\" \/>AUTOR<\/strong><\/h3>\n<p>V\u00e1rios autores<\/p>\n<h3><strong>N\u00daMERO \/ EDI\u00c7\u00c3O<\/strong><\/h3>\n<p>48<\/p>\n<h3><strong>ANO<\/strong><\/h3>\n<p>2019<\/p>\n<p>&nbsp;<\/p>\n<p>&nbsp;<\/p>\n<h3><strong>SOBRE O LIVRO<\/strong><\/h3>\n<p><strong>\u00cdNDICE<\/strong><\/p>\n<p>CURINGA 48<\/p>\n<p>&nbsp;<\/p>\n<p>CARTAS NA MESA<\/p>\n<p>10 O n\u00f3 dos tr\u00eas c\u00edrculos: o AP, o AME e o Passe<\/p>\n<p>Elisa Alvarenga<\/p>\n<p>&nbsp;<\/p>\n<p>INTERNACIONAL<\/p>\n<p>18 Urg\u00eancia: palavra sob a press\u00e3o de satisfa\u00e7\u00e3o<\/p>\n<p>Fernando Casula<\/p>\n<p>20 Urg\u00eancia e satisfa\u00e7\u00e3o<\/p>\n<p>Christiane Alberti<\/p>\n<p>&nbsp;<\/p>\n<p>TRANSITORIEDADE: O TEMPO E O SONHO EM AN\u00c1LISE<\/p>\n<p>46 Nota ligeira sobre a \u201cTransitoriedade\u201d<\/p>\n<p>Gilson Iannini<\/p>\n<p>50 Transitoriedade (1916)<\/p>\n<p>Sigmund Freud<\/p>\n<p>54 Que tempo para a psican\u00e1lise?<\/p>\n<p>Graciela Bessa<\/p>\n<p>64 Do inconsciente atemporal \u00e0 precipita\u00e7\u00e3o do tempo na sess\u00e3o anal\u00edtica<\/p>\n<p>Maria Jose Gontijo Salum<\/p>\n<p>73 Tr\u00eas considera\u00e7\u00f5es sobre o manejo do tempo na sess\u00e3o anal\u00edtica<\/p>\n<p>Simone Souto<\/p>\n<p>79 A urg\u00eancia na experi\u00eancia anal\u00edtica<\/p>\n<p>Laura Rubi\u00e3o<\/p>\n<p>87 Tempo, trauma e acontecimento<\/p>\n<p>L\u00facia Grossi<\/p>\n<p>93 N\u00e3o se desperta jamais do sonho<\/p>\n<p>J\u00e9sus Santiago<\/p>\n<p>103 Sonho e inconsciente real<\/p>\n<p>Ram Mandil<\/p>\n<p>110 Onde n\u00e3o v\u00eas, Isso mostra<\/p>\n<p>Henri Kaufmanner<\/p>\n<p>&nbsp;<\/p>\n<p>RESSON\u00c2NCIAS DO PASSE<\/p>\n<p>124 O sonho: da transfer\u00eancia ao ultrapasse<\/p>\n<p>Fabi\u00e1n Fajnwaks<\/p>\n<p>139 Finalizar e arrematar<\/p>\n<p>S\u00e9rgio Laia<\/p>\n<p>&nbsp;<\/p>\n<p>EXTIMIDADES<\/p>\n<p>150 Introdu\u00e7\u00e3o \u00e0 conversa com Daniel Jablonski<\/p>\n<p>Frederico Feu de Carvalho<\/p>\n<p>152 O sonho louco: conversa com Daniel Jablonski<\/p>\n<p>&nbsp;<\/p>\n<p>SUPERVIS\u00c3O: EFEITOS DE FORMA\u00c7\u00c3O<\/p>\n<p>176 O controle do analista praticante<\/p>\n<p>S\u00e9rgio de Campos<\/p>\n<p>&nbsp;<\/p>\n<p>RADAR<\/p>\n<p>186 O rep\u00fadio \u00e0 feminilidade<\/p>\n<p>Patrick Monribot<\/p>\n<p>&nbsp;<\/p>\n<p>&nbsp;<\/p>\n<p>Capa: Manuel Carvalho. <em>Empate<\/em>, 2015. \u00d3leo e esmalte sobre tela. 160 x 125 cm.<\/p>\n","protected":false},"excerpt":{"rendered":"<p>AUTOR V\u00e1rios autores N\u00daMERO \/ EDI\u00c7\u00c3O 48 ANO 2019 &nbsp; &nbsp; SOBRE O LIVRO \u00cdNDICE CURINGA 48 &nbsp; CARTAS NA MESA 10 O n\u00f3 dos tr\u00eas c\u00edrculos: o AP, o AME e o Passe Elisa Alvarenga &nbsp; INTERNACIONAL 18 Urg\u00eancia: palavra sob a press\u00e3o de satisfa\u00e7\u00e3o Fernando Casula 20 Urg\u00eancia e satisfa\u00e7\u00e3o Christiane Alberti &nbsp;&hellip;<\/p>\n","protected":false},"author":1,"featured_media":0,"comment_status":"closed","ping_status":"closed","sticky":false,"template":"","format":"standard","meta":{"footnotes":""},"categories":[6],"tags":[],"post_series":[],"class_list":["post-3304","post","type-post","status-publish","format-standard","hentry","category-revista-curinga","entry","no-media"],"aioseo_notices":[],"_links":{"self":[{"href":"https:\/\/ebp.org.br\/mg\/wp-json\/wp\/v2\/posts\/3304","targetHints":{"allow":["GET"]}}],"collection":[{"href":"https:\/\/ebp.org.br\/mg\/wp-json\/wp\/v2\/posts"}],"about":[{"href":"https:\/\/ebp.org.br\/mg\/wp-json\/wp\/v2\/types\/post"}],"author":[{"embeddable":true,"href":"https:\/\/ebp.org.br\/mg\/wp-json\/wp\/v2\/users\/1"}],"replies":[{"embeddable":true,"href":"https:\/\/ebp.org.br\/mg\/wp-json\/wp\/v2\/comments?post=3304"}],"version-history":[{"count":0,"href":"https:\/\/ebp.org.br\/mg\/wp-json\/wp\/v2\/posts\/3304\/revisions"}],"wp:attachment":[{"href":"https:\/\/ebp.org.br\/mg\/wp-json\/wp\/v2\/media?parent=3304"}],"wp:term":[{"taxonomy":"category","embeddable":true,"href":"https:\/\/ebp.org.br\/mg\/wp-json\/wp\/v2\/categories?post=3304"},{"taxonomy":"post_tag","embeddable":true,"href":"https:\/\/ebp.org.br\/mg\/wp-json\/wp\/v2\/tags?post=3304"},{"taxonomy":"post_series","embeddable":true,"href":"https:\/\/ebp.org.br\/mg\/wp-json\/wp\/v2\/post_series?post=3304"}],"curies":[{"name":"wp","href":"https:\/\/api.w.org\/{rel}","templated":true}]}}