{"id":3300,"date":"2020-11-07T07:24:29","date_gmt":"2020-11-07T10:24:29","guid":{"rendered":"http:\/\/ebp.org.br\/mg\/?p=3300"},"modified":"2020-11-07T07:24:29","modified_gmt":"2020-11-07T10:24:29","slug":"curinga-046","status":"publish","type":"post","link":"https:\/\/ebp.org.br\/mg\/curinga-046\/","title":{"rendered":"Curinga 046"},"content":{"rendered":"<h3><strong><img loading=\"lazy\" decoding=\"async\" class=\"size-medium wp-image-3113 alignright\" src=\"http:\/\/ebp.org.br\/mg\/wp-content\/uploads\/2020\/10\/curinga046-223x300.jpg\" alt=\"\" width=\"223\" height=\"300\" \/>AUTOR<\/strong><\/h3>\n<p>V\u00e1rios autores<\/p>\n<h3><strong>N\u00daMERO \/ EDI\u00c7\u00c3O<\/strong><\/h3>\n<p>46<\/p>\n<p><strong>ANO<\/strong><\/p>\n<p>2018<\/p>\n<p>&nbsp;<\/p>\n<p>&nbsp;<\/p>\n<p>&nbsp;<\/p>\n<h3><strong>SOBRE O LIVRO<\/strong><\/h3>\n<p><strong>\u00cdNDICE<\/strong><\/p>\n<p>CURINGA 46<\/p>\n<p>&nbsp;<\/p>\n<p>CARTAS NA MESA<\/p>\n<p>10 O big data e o pequeno a: conjecturas sobre o triunfo do objeto<\/p>\n<p>Henri Kaufmanner<\/p>\n<p>&nbsp;<\/p>\n<p>INTERNACIONAL<\/p>\n<p>20 Atualidade do corpo hist\u00e9rico<\/p>\n<p>Serge Cottet<\/p>\n<p>&nbsp;<\/p>\n<p>O FEMININO E A SUBJETIVIDADE DA \u00c9POCA<\/p>\n<p>34 As armas do analista frente ao discurso racista<\/p>\n<p>Ana Lydia Santiago<\/p>\n<p>39 O dem\u00f4nio do feminino em Grande Sert\u00e3o: veredas<\/p>\n<p>Ant\u00f4nio Teixeira<\/p>\n<p>53 A escrita como \u201cum modelo \u00fanico para um assunto singular\u201d<\/p>\n<p>Graciela Bessa<\/p>\n<p>61 Neurose sem \u00c9dipo?<\/p>\n<p>Helenice de Castro<\/p>\n<p>70 Oswald com Lacan<\/p>\n<p>S\u00e9rgio de Castro<\/p>\n<p>&nbsp;<\/p>\n<p>EXTIMIDADES<\/p>\n<p>80 Guardar segredos: rela\u00e7\u00f5es entre mulheres e capulanas<\/p>\n<p>Helena Santos Assun\u00e7\u00e3o<\/p>\n<p>&nbsp;<\/p>\n<p>SUPERVIS\u00c3O: EFEITOS DE FORMA\u00c7\u00c3O<\/p>\n<p>94 A supervis\u00e3o: efeitos de forma\u00e7\u00e3o na rede de sa\u00fade mental<\/p>\n<p>Elisa Alvarenga<\/p>\n<p>97 A supervis\u00e3o no Consult\u00f3rio de Rua: uma moldura?<\/p>\n<p>Cristiane Barreto<\/p>\n<p>107 Supervis\u00e3o na rede de sa\u00fade mental da PBH: incid\u00eancias do discurso anal\u00edtico<\/p>\n<p>Cristiana Miranda Ramos Ferreira<\/p>\n<p>&nbsp;<\/p>\n<p>RESSON\u00c2NCIAS DO PASSE<\/p>\n<p>118 O furo, em corpo, ainda&#8230;<\/p>\n<p>S\u00e9rgio Laia<\/p>\n<p>&nbsp;<\/p>\n<p>CART\u00c9IS<\/p>\n<p>136 Inconsciente e performatividade de g\u00eanero<\/p>\n<p>Frederico Zeymer Feu de Carvalho<\/p>\n<p>&nbsp;<\/p>\n<p>RADAR<\/p>\n<p>142 Os sem-nome e as normas<\/p>\n<p>Christiane Alberti<\/p>\n<p>&nbsp;<\/p>\n<p>Capa: Selma Weissman<\/p>\n","protected":false},"excerpt":{"rendered":"<p>AUTOR V\u00e1rios autores N\u00daMERO \/ EDI\u00c7\u00c3O 46 ANO 2018 &nbsp; &nbsp; &nbsp; SOBRE O LIVRO \u00cdNDICE CURINGA 46 &nbsp; CARTAS NA MESA 10 O big data e o pequeno a: conjecturas sobre o triunfo do objeto Henri Kaufmanner &nbsp; INTERNACIONAL 20 Atualidade do corpo hist\u00e9rico Serge Cottet &nbsp; O FEMININO E A SUBJETIVIDADE DA \u00c9POCA&hellip;<\/p>\n","protected":false},"author":1,"featured_media":0,"comment_status":"closed","ping_status":"closed","sticky":false,"template":"","format":"standard","meta":{"footnotes":""},"categories":[6],"tags":[],"post_series":[],"class_list":["post-3300","post","type-post","status-publish","format-standard","hentry","category-revista-curinga","entry","no-media"],"aioseo_notices":[],"_links":{"self":[{"href":"https:\/\/ebp.org.br\/mg\/wp-json\/wp\/v2\/posts\/3300","targetHints":{"allow":["GET"]}}],"collection":[{"href":"https:\/\/ebp.org.br\/mg\/wp-json\/wp\/v2\/posts"}],"about":[{"href":"https:\/\/ebp.org.br\/mg\/wp-json\/wp\/v2\/types\/post"}],"author":[{"embeddable":true,"href":"https:\/\/ebp.org.br\/mg\/wp-json\/wp\/v2\/users\/1"}],"replies":[{"embeddable":true,"href":"https:\/\/ebp.org.br\/mg\/wp-json\/wp\/v2\/comments?post=3300"}],"version-history":[{"count":0,"href":"https:\/\/ebp.org.br\/mg\/wp-json\/wp\/v2\/posts\/3300\/revisions"}],"wp:attachment":[{"href":"https:\/\/ebp.org.br\/mg\/wp-json\/wp\/v2\/media?parent=3300"}],"wp:term":[{"taxonomy":"category","embeddable":true,"href":"https:\/\/ebp.org.br\/mg\/wp-json\/wp\/v2\/categories?post=3300"},{"taxonomy":"post_tag","embeddable":true,"href":"https:\/\/ebp.org.br\/mg\/wp-json\/wp\/v2\/tags?post=3300"},{"taxonomy":"post_series","embeddable":true,"href":"https:\/\/ebp.org.br\/mg\/wp-json\/wp\/v2\/post_series?post=3300"}],"curies":[{"name":"wp","href":"https:\/\/api.w.org\/{rel}","templated":true}]}}