{"id":3298,"date":"2020-11-07T07:23:55","date_gmt":"2020-11-07T10:23:55","guid":{"rendered":"http:\/\/ebp.org.br\/mg\/?p=3298"},"modified":"2020-11-07T07:23:55","modified_gmt":"2020-11-07T10:23:55","slug":"curinga-045","status":"publish","type":"post","link":"https:\/\/ebp.org.br\/mg\/curinga-045\/","title":{"rendered":"Curinga 045"},"content":{"rendered":"<h3><strong><img loading=\"lazy\" decoding=\"async\" class=\"size-medium wp-image-3112 alignright\" src=\"http:\/\/ebp.org.br\/mg\/wp-content\/uploads\/2020\/10\/curinga045-217x300.jpg\" alt=\"\" width=\"217\" height=\"300\" \/>AUTOR<\/strong><\/h3>\n<p>V\u00e1rios autores<\/p>\n<h3><strong>N\u00daMERO \/ EDI\u00c7\u00c3O<\/strong><\/h3>\n<p>45<\/p>\n<h3><strong>ANO<\/strong><\/h3>\n<p>2018<\/p>\n<p>&nbsp;<\/p>\n<p>&nbsp;<\/p>\n<p>&nbsp;<\/p>\n<h3><strong>SOBRE O LIVRO<\/strong><\/h3>\n<p><strong>\u00cdNDICE<\/strong><\/p>\n<p>CURINGA 45<\/p>\n<p>&nbsp;<\/p>\n<p>CARTAS NA MESA<\/p>\n<p>12 Sob transfer\u00eancia<\/p>\n<p>Ram Mandil<\/p>\n<p>&nbsp;<\/p>\n<p>INTERNACIONAL<\/p>\n<p>18 G\u00eanero e gozo<\/p>\n<p>\u00c9ric Laurent<\/p>\n<p>&nbsp;<\/p>\n<p>HOMENAGENS<\/p>\n<p>36 Homenagem a Judith Miller<\/p>\n<p>Ana Lydia Santiago<\/p>\n<p>40 \u201cOn ne serre les coudes\u201d<\/p>\n<p>Angelina Harari<\/p>\n<p>42 Luiz Henrique Vidigal<\/p>\n<p>Antonio Beneti<\/p>\n<p>44 Serge Cottet e o desejo do psicanalista<\/p>\n<p>Elisa Alvarenga<\/p>\n<p>&nbsp;<\/p>\n<p>INCONSCIENTE: POR QUE N\u00c3O EXISTE RELA\u00c7\u00c3O SEXUAL?<\/p>\n<p>48 A defesa do infinito e o instante de Aragon<\/p>\n<p>Ant\u00f4nio Teixeira<\/p>\n<p>55 Os retirantes: uma experi\u00eancia de leitura<\/p>\n<p>Cristina Drummond<\/p>\n<p>61 O inconsciente e a <em>indiferen\u00e7a<\/em> sexual no sil\u00eancio do celibat\u00e1rio<\/p>\n<p>Gabriel Silva Medeiros<\/p>\n<p>70 Empuxo ao Trans? Algumas quest\u00f5es sobre o decl\u00ednio do falocentrismo<\/p>\n<p>Henri Kaufmanner<\/p>\n<p>80 O inconsciente e a diferen\u00e7a sexual: o que h\u00e1 de novo?<\/p>\n<p>J\u00e9sus Santiago<\/p>\n<p>95 Incid\u00eancias de estilos permissivos da sexualidade em um caso de psicose<\/p>\n<p>Luciana Silviano Brand\u00e3o<\/p>\n<p>102 O que \u00e9, o que \u00e9?<\/p>\n<p>Luc\u00edola Freitas de Mac\u00eado<\/p>\n<p>111 As mulheres e os analistas s\u00e3o feitos para perturbar?! (Varia\u00e7\u00f5es em torno do n\u00e3o-toda)<\/p>\n<p>M\u00e1rcia Rosa<\/p>\n<p>124 Com a\u00e7\u00facar, com afeto: uma vers\u00e3o da fal\u00e1cia do \u201cfalo\u201d<\/p>\n<p>Maria Am\u00e9lia Tostes<\/p>\n<p>133 G\u00eanero popular<\/p>\n<p>S\u00e9rgio de Campos<\/p>\n<p>&nbsp;<\/p>\n<p>EXTIMIDADES<\/p>\n<p>140 Entrevista com Ronaldo Fraga<\/p>\n<p>RESSON\u00c2NCIAS DO PASSE<\/p>\n<p>146 Uma pena<\/p>\n<p>Maria Josefina Fuentes<\/p>\n<p>155 \u201cO furo que sopra\u201d<\/p>\n<p>S\u00e9rgio Laia<\/p>\n<p>&nbsp;<\/p>\n<p>RADAR<\/p>\n<p>170 O triunfo e o furo<\/p>\n<p>Fernanda Otoni Brisset<\/p>\n<p>180 O inconsciente e o mestre contempor\u00e2neo: o que pode a transfer\u00eancia?<\/p>\n<p>Simone Souto<\/p>\n<p>&nbsp;<\/p>\n<p>Capa: Maria (Martins, Maria 1910-1973) <em>The impossible III,<\/em> 1946, New York. Museum of Modern Art. Bronze, 31 \u00bd x 32 \u00bd x 21\u2019 (80 x 82,5 x 53,3 cm) Purchase. Acc. n.: 138.1946. 208. Digital image. The Museum of Modern Art, New York\/Scala, Florence.<\/p>\n","protected":false},"excerpt":{"rendered":"<p>AUTOR V\u00e1rios autores N\u00daMERO \/ EDI\u00c7\u00c3O 45 ANO 2018 &nbsp; &nbsp; &nbsp; SOBRE O LIVRO \u00cdNDICE CURINGA 45 &nbsp; CARTAS NA MESA 12 Sob transfer\u00eancia Ram Mandil &nbsp; INTERNACIONAL 18 G\u00eanero e gozo \u00c9ric Laurent &nbsp; HOMENAGENS 36 Homenagem a Judith Miller Ana Lydia Santiago 40 \u201cOn ne serre les coudes\u201d Angelina Harari 42 Luiz&hellip;<\/p>\n","protected":false},"author":1,"featured_media":0,"comment_status":"closed","ping_status":"closed","sticky":false,"template":"","format":"standard","meta":{"footnotes":""},"categories":[6],"tags":[],"post_series":[],"class_list":["post-3298","post","type-post","status-publish","format-standard","hentry","category-revista-curinga","entry","no-media"],"aioseo_notices":[],"_links":{"self":[{"href":"https:\/\/ebp.org.br\/mg\/wp-json\/wp\/v2\/posts\/3298","targetHints":{"allow":["GET"]}}],"collection":[{"href":"https:\/\/ebp.org.br\/mg\/wp-json\/wp\/v2\/posts"}],"about":[{"href":"https:\/\/ebp.org.br\/mg\/wp-json\/wp\/v2\/types\/post"}],"author":[{"embeddable":true,"href":"https:\/\/ebp.org.br\/mg\/wp-json\/wp\/v2\/users\/1"}],"replies":[{"embeddable":true,"href":"https:\/\/ebp.org.br\/mg\/wp-json\/wp\/v2\/comments?post=3298"}],"version-history":[{"count":0,"href":"https:\/\/ebp.org.br\/mg\/wp-json\/wp\/v2\/posts\/3298\/revisions"}],"wp:attachment":[{"href":"https:\/\/ebp.org.br\/mg\/wp-json\/wp\/v2\/media?parent=3298"}],"wp:term":[{"taxonomy":"category","embeddable":true,"href":"https:\/\/ebp.org.br\/mg\/wp-json\/wp\/v2\/categories?post=3298"},{"taxonomy":"post_tag","embeddable":true,"href":"https:\/\/ebp.org.br\/mg\/wp-json\/wp\/v2\/tags?post=3298"},{"taxonomy":"post_series","embeddable":true,"href":"https:\/\/ebp.org.br\/mg\/wp-json\/wp\/v2\/post_series?post=3298"}],"curies":[{"name":"wp","href":"https:\/\/api.w.org\/{rel}","templated":true}]}}