{"id":3296,"date":"2020-11-07T07:23:22","date_gmt":"2020-11-07T10:23:22","guid":{"rendered":"http:\/\/ebp.org.br\/mg\/?p=3296"},"modified":"2020-11-07T07:23:22","modified_gmt":"2020-11-07T10:23:22","slug":"curinga-044","status":"publish","type":"post","link":"https:\/\/ebp.org.br\/mg\/curinga-044\/","title":{"rendered":"Curinga 044"},"content":{"rendered":"<h3><strong><img loading=\"lazy\" decoding=\"async\" class=\"size-medium wp-image-3111 alignright\" src=\"http:\/\/ebp.org.br\/mg\/wp-content\/uploads\/2020\/10\/curinga044-220x300.jpg\" alt=\"\" width=\"220\" height=\"300\" \/>AUTOR<\/strong><\/h3>\n<p>V\u00e1rios autores<\/p>\n<h3><strong>N\u00daMERO \/ EDI\u00c7\u00c3O<\/strong><\/h3>\n<p>44<\/p>\n<h3><strong>ANO<\/strong><\/h3>\n<p>2017<\/p>\n<p>&nbsp;<\/p>\n<p>&nbsp;<\/p>\n<h3><strong>SOBRE O LIVRO<\/strong><\/h3>\n<h3><strong>\u00cdNDICE<\/strong><\/h3>\n<p>CURINGA 44<\/p>\n<p>&nbsp;<\/p>\n<p>EDITORIAL<\/p>\n<p>&nbsp;<\/p>\n<p>CARTAS NA MESA<\/p>\n<p>10 Solu\u00e7\u00e3o morcego<\/p>\n<p>S\u00e9rgio Laia<\/p>\n<p>&nbsp;<\/p>\n<p>INTERNACIONAL<\/p>\n<p>22 Cl\u00ednica da mis\u00e9ria<\/p>\n<p>Serge Cottet<\/p>\n<p>&nbsp;<\/p>\n<p>TEMPOS DE SEGREGA\u00c7\u00c3O<\/p>\n<p>32 A segrega\u00e7\u00e3o homens\/mulheres e seu futuro<\/p>\n<p>Aur\u00e9lie Pfauwadel<\/p>\n<p>36 Lacan e a segrega\u00e7\u00e3o<\/p>\n<p>Luc\u00edola Freitas de Mac\u00eado<\/p>\n<p>44 As meninas e seus nomes: entre o infracional e o sexual<\/p>\n<p>Marina Barroso Sp\u00ednola<\/p>\n<p>52 O reino da norma e seus efeitos de segrega\u00e7\u00e3o<\/p>\n<p>Michelle Santos Sena de Oliveira<\/p>\n<p>65 Juventude, drogas e segrega\u00e7\u00e3o<\/p>\n<p>Musso Greco<\/p>\n<p>73 Do isolamento \u00e0 solid\u00e3o, pela via da ironia<\/p>\n<p>Philippe La Sagna<\/p>\n<p>&nbsp;<\/p>\n<p>EXTIMIDADES<\/p>\n<p>82 Entrevista com Ant\u00f4nio Nery Filho<\/p>\n<p>87 O avesso da segrega\u00e7\u00e3o<\/p>\n<p>Marcelo Veras<\/p>\n<p>94 Direito e viol\u00eancia: os limites do uso da for\u00e7a<\/p>\n<p>Newton Bignotto<\/p>\n<p>&nbsp;<\/p>\n<p>RESSON\u00c2NCIAS DO PASSE<\/p>\n<p>114 Belo<\/p>\n<p>Beatriz Ud\u00eanio<\/p>\n<p>123 A voz opaca<\/p>\n<p>Mar\u00eda Cristina Giraldo<\/p>\n<p>&nbsp;<\/p>\n<p>RESENHA<\/p>\n<p>134<em> Ex\u00edlio<\/em>, de Ester Cristelli<\/p>\n<p>Elisa Alvarenga<\/p>\n<p>&nbsp;<\/p>\n<p>RADAR<\/p>\n<p>140 Simplesmente, <em>parl\u00eatre<\/em><\/p>\n<p>Fernanda Otoni Brisset<\/p>\n<p>145 Descontinuidade do \u00c9dipo, continuidade do gozo<\/p>\n<p>Simone Souto<\/p>\n<p>150 O falo, uma fal\u00e1cia<\/p>\n<p>Fernanda Costa<\/p>\n<p>158 A emancipa\u00e7\u00e3o feminina e a desordem no real do sexo<\/p>\n<p>Ma\u00edra Marcondes Moreira<\/p>\n<p>&nbsp;<\/p>\n<p>&nbsp;<\/p>\n<p>Capa: F\u00e1bio Can\u00e7ado. <em>Vale do Sil\u00edcio, EUA.<\/em><\/p>\n","protected":false},"excerpt":{"rendered":"<p>AUTOR V\u00e1rios autores N\u00daMERO \/ EDI\u00c7\u00c3O 44 ANO 2017 &nbsp; &nbsp; SOBRE O LIVRO \u00cdNDICE CURINGA 44 &nbsp; EDITORIAL &nbsp; CARTAS NA MESA 10 Solu\u00e7\u00e3o morcego S\u00e9rgio Laia &nbsp; INTERNACIONAL 22 Cl\u00ednica da mis\u00e9ria Serge Cottet &nbsp; TEMPOS DE SEGREGA\u00c7\u00c3O 32 A segrega\u00e7\u00e3o homens\/mulheres e seu futuro Aur\u00e9lie Pfauwadel 36 Lacan e a segrega\u00e7\u00e3o Luc\u00edola&hellip;<\/p>\n","protected":false},"author":1,"featured_media":0,"comment_status":"closed","ping_status":"closed","sticky":false,"template":"","format":"standard","meta":{"footnotes":""},"categories":[6],"tags":[],"post_series":[],"class_list":["post-3296","post","type-post","status-publish","format-standard","hentry","category-revista-curinga","entry","no-media"],"aioseo_notices":[],"_links":{"self":[{"href":"https:\/\/ebp.org.br\/mg\/wp-json\/wp\/v2\/posts\/3296","targetHints":{"allow":["GET"]}}],"collection":[{"href":"https:\/\/ebp.org.br\/mg\/wp-json\/wp\/v2\/posts"}],"about":[{"href":"https:\/\/ebp.org.br\/mg\/wp-json\/wp\/v2\/types\/post"}],"author":[{"embeddable":true,"href":"https:\/\/ebp.org.br\/mg\/wp-json\/wp\/v2\/users\/1"}],"replies":[{"embeddable":true,"href":"https:\/\/ebp.org.br\/mg\/wp-json\/wp\/v2\/comments?post=3296"}],"version-history":[{"count":0,"href":"https:\/\/ebp.org.br\/mg\/wp-json\/wp\/v2\/posts\/3296\/revisions"}],"wp:attachment":[{"href":"https:\/\/ebp.org.br\/mg\/wp-json\/wp\/v2\/media?parent=3296"}],"wp:term":[{"taxonomy":"category","embeddable":true,"href":"https:\/\/ebp.org.br\/mg\/wp-json\/wp\/v2\/categories?post=3296"},{"taxonomy":"post_tag","embeddable":true,"href":"https:\/\/ebp.org.br\/mg\/wp-json\/wp\/v2\/tags?post=3296"},{"taxonomy":"post_series","embeddable":true,"href":"https:\/\/ebp.org.br\/mg\/wp-json\/wp\/v2\/post_series?post=3296"}],"curies":[{"name":"wp","href":"https:\/\/api.w.org\/{rel}","templated":true}]}}