{"id":3292,"date":"2020-11-07T07:21:25","date_gmt":"2020-11-07T10:21:25","guid":{"rendered":"http:\/\/ebp.org.br\/mg\/?p=3292"},"modified":"2020-11-07T07:21:25","modified_gmt":"2020-11-07T10:21:25","slug":"curinga-042","status":"publish","type":"post","link":"https:\/\/ebp.org.br\/mg\/curinga-042\/","title":{"rendered":"Curinga 042"},"content":{"rendered":"<h3><strong><img loading=\"lazy\" decoding=\"async\" class=\"size-medium wp-image-3109 alignright\" src=\"http:\/\/ebp.org.br\/mg\/wp-content\/uploads\/2020\/10\/curinga042-222x300.jpg\" alt=\"\" width=\"222\" height=\"300\" \/>AUTOR<\/strong><\/h3>\n<p>V\u00e1rios autores<\/p>\n<h3><strong>N\u00daMERO \/ EDI\u00c7\u00c3O<\/strong><\/h3>\n<p>42<\/p>\n<h3><strong>ANO<\/strong><\/h3>\n<p>2016<\/p>\n<p>&nbsp;<\/p>\n<p>&nbsp;<\/p>\n<h3><strong>SOBRE O LIVRO<\/strong><\/h3>\n<p><strong>\u00cdNDICE<\/strong><\/p>\n<p>CURINGA 42<\/p>\n<p>&nbsp;<\/p>\n<p>CARTAS NA MESA<\/p>\n<p>15 Jovens.com: corpos e linguagens<\/p>\n<p>S\u00e9rgio de Campos<\/p>\n<p>&nbsp;<\/p>\n<p>UMA NOVA JUVENTUDE<\/p>\n<p>29 O saber do jovem<\/p>\n<p>Ana Lydia Santiago<\/p>\n<p>45 Juventude, saber e gozo no impasse com a sexualidade<\/p>\n<p>Maria Jos\u00e9 Gontijo Salum<\/p>\n<p>55 Jovens.com: a experi\u00eancia do desenraizamento<\/p>\n<p>Luc\u00edola Freitas de Mac\u00eado<\/p>\n<p>65 Os jovens e os fundamentalismos<\/p>\n<p>Elisa Alvarenga<\/p>\n<p>75 Gide e a imiscui\u00e7\u00e3o do adulto na crian\u00e7a<\/p>\n<p>Cristina Drummond<\/p>\n<p>87 As trans-forma\u00e7\u00f5es da puberdade<\/p>\n<p>Sandra Espinha Oliveira<\/p>\n<p>97 Corpo jovem: a estreia de horizontes<\/p>\n<p>S\u00e9rgio Mattos<\/p>\n<p>&nbsp;<\/p>\n<p>RELAT\u00d3RIOS DOS N\u00daCLEOS DE PESQUISA<\/p>\n<p>115 Quais os impasses e solu\u00e7\u00f5es do jovem para a sintomatiza\u00e7\u00e3o do sexual, hoje?<\/p>\n<p>Cristiana Pittella de MAttos (relatora)<\/p>\n<p>131 Nota do enfraquecimento do pai<\/p>\n<p>Fernanda Otoni-Brisset (relatora)<\/p>\n<p>141 Adolesc\u00eancia: entre a emerg\u00eancia e a inven\u00e7\u00e3o<\/p>\n<p>Cristiane de Freitas Cunha (relatora)<\/p>\n<p>151 A psicose frente ao real do sexo na adolesc\u00eancia<\/p>\n<p>Laura Rubi\u00e3o (relatora)<\/p>\n<p>161 Da adolesc\u00eancia \u00e0 juventude: efeitos decisivos<\/p>\n<p>Helenice Saldanha de Castro (relatora)<\/p>\n<p>171 Adolesc\u00eancia e drogas: um encontro marcado<\/p>\n<p>Maria Wilma Faria (relatora)<\/p>\n<p>&nbsp;<\/p>\n<p>BIBLIOTECA<\/p>\n<p>181 Jovem e Bela &#8211; sob o signo de Rimbaud: \u201cN\u00e3o se pode ser s\u00e9rio aos dezessete anos\u201d<\/p>\n<p>Cristina Marcos (relatora)<\/p>\n<p>&nbsp;<\/p>\n<p>RESSON\u00c2NCIAS DO PASSE<\/p>\n<p>191 Parceria na adolesc\u00eancia: pudor e segredo do sexo<\/p>\n<p>Dani\u00e8le Lacad\u00e9e-Labro<\/p>\n<p>&nbsp;<\/p>\n<p>INTERNACIONAL<\/p>\n<p>201 Metamorfoses<\/p>\n<p>Daniel Roy<\/p>\n<p>&nbsp;<\/p>\n<p>&nbsp;<\/p>\n<p>Capa: M\u00e1rio Arreguy. <em>Piano, <\/em>t\u00e9cnica de pigmentos e acr\u00edlica sobre tela, 85 x 55 cm, 1998. Tela original pertencente a Guto Gomes.<\/p>\n","protected":false},"excerpt":{"rendered":"<p>AUTOR V\u00e1rios autores N\u00daMERO \/ EDI\u00c7\u00c3O 42 ANO 2016 &nbsp; &nbsp; SOBRE O LIVRO \u00cdNDICE CURINGA 42 &nbsp; CARTAS NA MESA 15 Jovens.com: corpos e linguagens S\u00e9rgio de Campos &nbsp; UMA NOVA JUVENTUDE 29 O saber do jovem Ana Lydia Santiago 45 Juventude, saber e gozo no impasse com a sexualidade Maria Jos\u00e9 Gontijo Salum&hellip;<\/p>\n","protected":false},"author":1,"featured_media":0,"comment_status":"closed","ping_status":"closed","sticky":false,"template":"","format":"standard","meta":{"footnotes":""},"categories":[6],"tags":[],"post_series":[],"class_list":["post-3292","post","type-post","status-publish","format-standard","hentry","category-revista-curinga","entry","no-media"],"aioseo_notices":[],"_links":{"self":[{"href":"https:\/\/ebp.org.br\/mg\/wp-json\/wp\/v2\/posts\/3292","targetHints":{"allow":["GET"]}}],"collection":[{"href":"https:\/\/ebp.org.br\/mg\/wp-json\/wp\/v2\/posts"}],"about":[{"href":"https:\/\/ebp.org.br\/mg\/wp-json\/wp\/v2\/types\/post"}],"author":[{"embeddable":true,"href":"https:\/\/ebp.org.br\/mg\/wp-json\/wp\/v2\/users\/1"}],"replies":[{"embeddable":true,"href":"https:\/\/ebp.org.br\/mg\/wp-json\/wp\/v2\/comments?post=3292"}],"version-history":[{"count":0,"href":"https:\/\/ebp.org.br\/mg\/wp-json\/wp\/v2\/posts\/3292\/revisions"}],"wp:attachment":[{"href":"https:\/\/ebp.org.br\/mg\/wp-json\/wp\/v2\/media?parent=3292"}],"wp:term":[{"taxonomy":"category","embeddable":true,"href":"https:\/\/ebp.org.br\/mg\/wp-json\/wp\/v2\/categories?post=3292"},{"taxonomy":"post_tag","embeddable":true,"href":"https:\/\/ebp.org.br\/mg\/wp-json\/wp\/v2\/tags?post=3292"},{"taxonomy":"post_series","embeddable":true,"href":"https:\/\/ebp.org.br\/mg\/wp-json\/wp\/v2\/post_series?post=3292"}],"curies":[{"name":"wp","href":"https:\/\/api.w.org\/{rel}","templated":true}]}}