{"id":3289,"date":"2020-11-07T07:20:47","date_gmt":"2020-11-07T10:20:47","guid":{"rendered":"http:\/\/ebp.org.br\/mg\/?p=3289"},"modified":"2020-11-07T07:20:47","modified_gmt":"2020-11-07T10:20:47","slug":"curinga-041","status":"publish","type":"post","link":"https:\/\/ebp.org.br\/mg\/curinga-041\/","title":{"rendered":"Curinga 041"},"content":{"rendered":"<h3><strong><img loading=\"lazy\" decoding=\"async\" class=\"size-medium wp-image-3108 alignright\" src=\"http:\/\/ebp.org.br\/mg\/wp-content\/uploads\/2020\/10\/curinga041-220x300.jpg\" alt=\"\" width=\"220\" height=\"300\" \/>AUTOR<\/strong><\/h3>\n<p>V\u00e1rios autores<\/p>\n<h3><strong>N\u00daMERO \/ EDI\u00c7\u00c3O<\/strong><\/h3>\n<p>41<\/p>\n<h3><strong>ANO<\/strong><\/h3>\n<p>2016<\/p>\n<p>&nbsp;<\/p>\n<h3><strong>SOBRE O LIVRO<\/strong><\/h3>\n<h3><strong>\u00cdNDICE<\/strong><\/h3>\n<p>CURINGA 41<\/p>\n<p>&nbsp;<\/p>\n<p>CARTAS NA MESA<\/p>\n<p>13 Segrega\u00e7\u00e3o e o s\u00e9culo XXI<\/p>\n<p>Wellerson Dur\u00e3es de Alkimim<\/p>\n<p>&nbsp;<\/p>\n<p>O CORPO FALANTE<\/p>\n<p>21 O mist\u00e9rio do corpo falante<\/p>\n<p>Alicia Arenas<\/p>\n<p>25 As polifonias na sa\u00fade mental<\/p>\n<p>Carlos Luchina<\/p>\n<p>33 A instaura\u00e7\u00e3o da transfer\u00eancia: uma via para a sublima\u00e7\u00e3o do gozo na psicose<\/p>\n<p>Simone Souto<\/p>\n<p>41 O corpo falante e os humores<\/p>\n<p>Elisa Alvarenga<\/p>\n<p>&nbsp;<\/p>\n<p>MATERNIDADES CONTEMPOR\u00c2NEAS<\/p>\n<p>57 Quem \u00e9 essa m\u00e3e? Ou Quando ser m\u00e3e \u00e9 subversivo!<\/p>\n<p>Jorge Pimenta Filho<\/p>\n<p>&nbsp;<\/p>\n<p>RESSON\u00c2NCIAS DO PASSE<\/p>\n<p>67 Ser tolo do inumano da mulher<\/p>\n<p>J\u00e9sus Santiago<\/p>\n<p>75 Coment\u00e1rios sobre o testemunho de J\u00e9sus Santiago<\/p>\n<p>Marie-H\u00e9l\u00e8ne Brousse<\/p>\n<p>&nbsp;<\/p>\n<p>INTERNACIONAL<\/p>\n<p>83 Das crises identit\u00e1rias aos triunfos das religi\u00f5es<\/p>\n<p>\u00c9ric Laurent<\/p>\n<p>111 O supereu contempor\u00e2neo<\/p>\n<p>Daniel Roy<\/p>\n<p>&nbsp;<\/p>\n<p>RADAR<\/p>\n<p>125 A responsabilidade dos jovens e a psican\u00e1lise na cidade<\/p>\n<p>Cristiane Barreto<\/p>\n<p>139 Adolesc\u00eancia e corpo falante: <em>o que se faz com o menino atentado?<\/em><\/p>\n<p>Lisley Braun Toniolo, Bruna Sim\u00f5es de Albuquerque e Ana Lydia Bezerra Santiago<\/p>\n<p>&nbsp;<\/p>\n<p>&nbsp;<\/p>\n<p>Capa: Marco Tulio Resende. <em>S\u00e9rie Ecce Homo,<\/em> 2010.<\/p>\n","protected":false},"excerpt":{"rendered":"<p>AUTOR V\u00e1rios autores N\u00daMERO \/ EDI\u00c7\u00c3O 41 ANO 2016 &nbsp; SOBRE O LIVRO \u00cdNDICE CURINGA 41 &nbsp; CARTAS NA MESA 13 Segrega\u00e7\u00e3o e o s\u00e9culo XXI Wellerson Dur\u00e3es de Alkimim &nbsp; O CORPO FALANTE 21 O mist\u00e9rio do corpo falante Alicia Arenas 25 As polifonias na sa\u00fade mental Carlos Luchina 33 A instaura\u00e7\u00e3o da transfer\u00eancia:&hellip;<\/p>\n","protected":false},"author":1,"featured_media":0,"comment_status":"closed","ping_status":"closed","sticky":false,"template":"","format":"standard","meta":{"footnotes":""},"categories":[6],"tags":[],"post_series":[],"class_list":["post-3289","post","type-post","status-publish","format-standard","hentry","category-revista-curinga","entry","no-media"],"aioseo_notices":[],"_links":{"self":[{"href":"https:\/\/ebp.org.br\/mg\/wp-json\/wp\/v2\/posts\/3289","targetHints":{"allow":["GET"]}}],"collection":[{"href":"https:\/\/ebp.org.br\/mg\/wp-json\/wp\/v2\/posts"}],"about":[{"href":"https:\/\/ebp.org.br\/mg\/wp-json\/wp\/v2\/types\/post"}],"author":[{"embeddable":true,"href":"https:\/\/ebp.org.br\/mg\/wp-json\/wp\/v2\/users\/1"}],"replies":[{"embeddable":true,"href":"https:\/\/ebp.org.br\/mg\/wp-json\/wp\/v2\/comments?post=3289"}],"version-history":[{"count":0,"href":"https:\/\/ebp.org.br\/mg\/wp-json\/wp\/v2\/posts\/3289\/revisions"}],"wp:attachment":[{"href":"https:\/\/ebp.org.br\/mg\/wp-json\/wp\/v2\/media?parent=3289"}],"wp:term":[{"taxonomy":"category","embeddable":true,"href":"https:\/\/ebp.org.br\/mg\/wp-json\/wp\/v2\/categories?post=3289"},{"taxonomy":"post_tag","embeddable":true,"href":"https:\/\/ebp.org.br\/mg\/wp-json\/wp\/v2\/tags?post=3289"},{"taxonomy":"post_series","embeddable":true,"href":"https:\/\/ebp.org.br\/mg\/wp-json\/wp\/v2\/post_series?post=3289"}],"curies":[{"name":"wp","href":"https:\/\/api.w.org\/{rel}","templated":true}]}}