{"id":3287,"date":"2020-11-07T07:20:16","date_gmt":"2020-11-07T10:20:16","guid":{"rendered":"http:\/\/ebp.org.br\/mg\/?p=3287"},"modified":"2020-11-07T07:20:16","modified_gmt":"2020-11-07T10:20:16","slug":"curinga-040","status":"publish","type":"post","link":"https:\/\/ebp.org.br\/mg\/curinga-040\/","title":{"rendered":"Curinga 040"},"content":{"rendered":"<h3><strong><img loading=\"lazy\" decoding=\"async\" class=\"size-medium wp-image-3107 alignright\" src=\"http:\/\/ebp.org.br\/mg\/wp-content\/uploads\/2020\/10\/curinga040-225x300.jpg\" alt=\"\" width=\"225\" height=\"300\" \/>AUTOR<\/strong><\/h3>\n<h3>V\u00e1rios autores<\/h3>\n<h3><strong>N\u00daMERO \/ EDI\u00c7\u00c3O<\/strong><\/h3>\n<h3>40<\/h3>\n<h3><strong>ANO<\/strong><\/h3>\n<h3>2015<\/h3>\n<h3><strong>\u00a0<\/strong><\/h3>\n<h3><strong>SOBRE O LIVRO<\/strong><\/h3>\n<h3><strong>\u00cdNDICE<\/strong><\/h3>\n<p>CURINGA 40<\/p>\n<p>&nbsp;<\/p>\n<p>CARTAS NA MESA<\/p>\n<p>13 O que quer a m\u00e3e, hoje?<\/p>\n<p>S\u00e9rgio de Campos<\/p>\n<p>&nbsp;<\/p>\n<p>O QUE QUER A M\u00c3E, HOJE?<\/p>\n<p>23 O que Medeia nos ensina sobre as m\u00e3es, hoje?<\/p>\n<p>S\u00e9rgio Laia<\/p>\n<p>35 Ser m\u00e3e hoje, uma quest\u00e3o de g\u00eanero?<\/p>\n<p>Luc\u00edola Freitas de Mac\u00eado<\/p>\n<p>47 Mulher, m\u00e3e e o Outro da biopol\u00edtica<\/p>\n<p>Lucia Maria de Lima Mello<\/p>\n<p>59 M\u00e3e simb\u00f3lica e fun\u00e7\u00e3o da m\u00e3e<\/p>\n<p>Suzana Faleiro Barroso<\/p>\n<p>73 M\u00e3ebeb\u00ea ou m\u00e3emulher<\/p>\n<p>J\u00e9sus Santiago<\/p>\n<p>&nbsp;<\/p>\n<p>TE\u00d3RICO CL\u00cdNICO<\/p>\n<p>87 Loucuras maternas: a m\u00e3e, a mulher e o amor<\/p>\n<p>Simone Souto<\/p>\n<p>93 Olhar de m\u00e3e<\/p>\n<p>Cristina Drummond<\/p>\n<p>103 M\u00e3es dolorosas<\/p>\n<p>Cristina Vidigal<\/p>\n<p>113 M\u00e3es loucas<\/p>\n<p>Elisa Alvarenga<\/p>\n<p>119 Amor e viol\u00eancia: a crian\u00e7a entre a mulher e a m\u00e3e<\/p>\n<p>In\u00eas Seabra Abreu Rocha<\/p>\n<p>125 Maternidades: impasses e solu\u00e7\u00f5es contempor\u00e2neas<\/p>\n<p>Lilany Pacheco<\/p>\n<p>133 Mam\u00e3e filha da ci\u00eancia; m\u00e3e filha de um desejo<\/p>\n<p>Cristiana Pittella de Mattos<\/p>\n<p>&nbsp;<\/p>\n<p>RELAT\u00d3RIOS DOS N\u00daCLEOS DE PESQUISA<\/p>\n<p>145 Quais os impasses para a crian\u00e7a se inscrever no Outro hoje?<\/p>\n<p>Cristiana Pittella de Mattos e Margaret Pires do Couto (relatoras)<\/p>\n<p>163 <em>Pater et mater semper incertus<\/em> &#8211; as novas fic\u00e7\u00f5es jur\u00eddicas sobre a fam\u00edlia<\/p>\n<p>M\u00e1rcia Mez\u00eancio (relatora)<\/p>\n<p>179 Maternidade 2.0<\/p>\n<p>Guilherme Cunha Ribeiro (relator)<\/p>\n<p>191 A m\u00e3e suficientemente louca<\/p>\n<p>Henri Kaufmanner (relator)<\/p>\n<p>201 Quando a maternidade n\u00e3o se sustenta nos semblantes<\/p>\n<p>Graciela Bessa (relatora)<\/p>\n<p>219 A cl\u00ednica da maternidade \u00e9 sempre uma cl\u00ednica da separa\u00e7\u00e3o<\/p>\n<p>Cristina Pinelli Nogueira (relatora)<\/p>\n<p>&nbsp;<\/p>\n<p>BIBLIOTECA<\/p>\n<p>233 E os escritores, o que nos dizem sobre o que quer uma m\u00e3e?<\/p>\n<p>M\u00e1rcia Rosa (relatora)<\/p>\n<p>&nbsp;<\/p>\n<p>RADAR<\/p>\n<p>257 Corpos lacanianos: novidades contempor\u00e2neas sobre o Est\u00e1dio do Espelho<\/p>\n<p>Marie-H\u00e9l\u00e8ne Brousse<\/p>\n<p>&nbsp;<\/p>\n<p>&nbsp;<\/p>\n<p>Capa: Miguel Gontijo. <em>Lombriga (Tapeworm), <\/em>1977.<\/p>\n","protected":false},"excerpt":{"rendered":"<p>AUTOR V\u00e1rios autores N\u00daMERO \/ EDI\u00c7\u00c3O 40 ANO 2015 \u00a0 SOBRE O LIVRO \u00cdNDICE CURINGA 40 &nbsp; CARTAS NA MESA 13 O que quer a m\u00e3e, hoje? S\u00e9rgio de Campos &nbsp; O QUE QUER A M\u00c3E, HOJE? 23 O que Medeia nos ensina sobre as m\u00e3es, hoje? S\u00e9rgio Laia 35 Ser m\u00e3e hoje, uma quest\u00e3o&hellip;<\/p>\n","protected":false},"author":1,"featured_media":0,"comment_status":"closed","ping_status":"closed","sticky":false,"template":"","format":"standard","meta":{"footnotes":""},"categories":[6],"tags":[],"post_series":[],"class_list":["post-3287","post","type-post","status-publish","format-standard","hentry","category-revista-curinga","entry","no-media"],"aioseo_notices":[],"_links":{"self":[{"href":"https:\/\/ebp.org.br\/mg\/wp-json\/wp\/v2\/posts\/3287","targetHints":{"allow":["GET"]}}],"collection":[{"href":"https:\/\/ebp.org.br\/mg\/wp-json\/wp\/v2\/posts"}],"about":[{"href":"https:\/\/ebp.org.br\/mg\/wp-json\/wp\/v2\/types\/post"}],"author":[{"embeddable":true,"href":"https:\/\/ebp.org.br\/mg\/wp-json\/wp\/v2\/users\/1"}],"replies":[{"embeddable":true,"href":"https:\/\/ebp.org.br\/mg\/wp-json\/wp\/v2\/comments?post=3287"}],"version-history":[{"count":0,"href":"https:\/\/ebp.org.br\/mg\/wp-json\/wp\/v2\/posts\/3287\/revisions"}],"wp:attachment":[{"href":"https:\/\/ebp.org.br\/mg\/wp-json\/wp\/v2\/media?parent=3287"}],"wp:term":[{"taxonomy":"category","embeddable":true,"href":"https:\/\/ebp.org.br\/mg\/wp-json\/wp\/v2\/categories?post=3287"},{"taxonomy":"post_tag","embeddable":true,"href":"https:\/\/ebp.org.br\/mg\/wp-json\/wp\/v2\/tags?post=3287"},{"taxonomy":"post_series","embeddable":true,"href":"https:\/\/ebp.org.br\/mg\/wp-json\/wp\/v2\/post_series?post=3287"}],"curies":[{"name":"wp","href":"https:\/\/api.w.org\/{rel}","templated":true}]}}