{"id":3283,"date":"2020-11-07T07:19:31","date_gmt":"2020-11-07T10:19:31","guid":{"rendered":"http:\/\/ebp.org.br\/mg\/?p=3283"},"modified":"2020-11-07T07:19:31","modified_gmt":"2020-11-07T10:19:31","slug":"curinga-039-2","status":"publish","type":"post","link":"https:\/\/ebp.org.br\/mg\/curinga-039-2\/","title":{"rendered":"curinga 039"},"content":{"rendered":"<h3><strong><img loading=\"lazy\" decoding=\"async\" class=\"size-medium wp-image-3106 alignright\" src=\"http:\/\/ebp.org.br\/mg\/wp-content\/uploads\/2020\/10\/curinga039-216x300.jpg\" alt=\"\" width=\"216\" height=\"300\" \/>AUTOR<\/strong><\/h3>\n<h3>V\u00e1rios autores<\/h3>\n<h3><strong>N\u00daMERO \/ EDI\u00c7\u00c3O<\/strong><\/h3>\n<h3>39<\/h3>\n<h3><strong>ANO<\/strong><\/h3>\n<h3>2015<\/h3>\n<p>&nbsp;<\/p>\n<p>&nbsp;<\/p>\n<h3><strong>SOBRE O LIVRO<\/strong><\/h3>\n<h3><strong>\u00cdNDICE<\/strong><\/h3>\n<p>CURINGA 39<\/p>\n<p>&nbsp;<\/p>\n<p>CARTAS NA MESA<\/p>\n<p>15 Mosaicos<\/p>\n<p>S\u00e9rgio de Campos<\/p>\n<p>&nbsp;<\/p>\n<p>INTERNACIONAL<\/p>\n<p>23 Viol\u00eancia: marcas nos corpos e nas cidades<\/p>\n<p>Philippe Lacad\u00e9e<\/p>\n<p>31 <em>J\u00e9r\u00f4me<\/em> e as marcas no corpo. <em>Reizinho<\/em> e a viol\u00eancia na cidade<\/p>\n<p>Philippe Lacad\u00e9e<\/p>\n<p>&nbsp;<\/p>\n<p>EVENTOS-SAT\u00c9LITES DO XX ENCONTRO BRASILEIRO DO CAMPO FREUDIANO<\/p>\n<p><em>I Encontro da Rede Toxicomania e Alcoolismo (TyA) &#8211; Brasil<\/em><\/p>\n<p><em>Adi\u00e7\u00f5es, corpo e viol\u00eancia: o que est\u00e1 em jogo hoje?<\/em><\/p>\n<p>55 Um homem de palavra e a pol\u00edtica da psican\u00e1lise<\/p>\n<p>Leonardo Scofield<\/p>\n<p>61 Ato e toxicomania: deixar-se cair<\/p>\n<p>Cassandra Dias<\/p>\n<p>&nbsp;<\/p>\n<p><em>IV Tarde de Trabalhos do Centro Interdisciplinar de Estudos sobre a Crian\u00e7a &#8211; CIEN &#8211; Brasil<\/em><\/p>\n<p>69 O trauma e o real na cl\u00ednica: o que inventam as crian\u00e7as?<\/p>\n<p>Nohem\u00ed Brown<\/p>\n<p>73 Do trauma a uma formaliza\u00e7\u00e3o: efeitos na equipe docente<\/p>\n<p>Virg\u00ednia C. Carvalho da Silva<\/p>\n<p>77 Aprender a n\u00e3o se envolver?<\/p>\n<p>V\u00e2nia Brito Gomes<\/p>\n<p>Gricel Osorio Hor-Meyll<\/p>\n<p>81 Diante do impasse, a inven\u00e7\u00e3o &#8211; adolesc\u00eancia e sexualid(a)de<\/p>\n<p>Catiana Brito Moura Santos<\/p>\n<p>Mario Jeferson Reis Silva<\/p>\n<p>Wilker Luiz Pessoa de Fran\u00e7a<\/p>\n<p>&nbsp;<\/p>\n<p><em>IV Encontro dos N\u00facleos da Nova Rede CEREDA &#8211; BRASIL<\/em><\/p>\n<p><em>O traumatismo e o real na cl\u00ednica: o que as crian\u00e7as inventam?<\/em><\/p>\n<p>87 As crian\u00e7as e seus analistas: traumatismos e inven\u00e7\u00f5es<\/p>\n<p>Cristina Vidigal<\/p>\n<p>97 O trauma e o real na cl\u00ednica: o que as crian\u00e7as inventam?<\/p>\n<p>Mauricio Tarrab<\/p>\n<p>&nbsp;<\/p>\n<p><em>Evento Cart\u00e9is<\/em><\/p>\n<p>109 Para al\u00e9m do amor\u00f3dio: a transfer\u00eancia de trabalho no cartel<\/p>\n<p>Ana Cristina Figueiredo<\/p>\n<p>113 Amar o que em si faz dejeto<\/p>\n<p>Paola Salinas<\/p>\n<p>&nbsp;<\/p>\n<p>PANORAMA DO XX ENCONTRO BRASILEIRO DO CAMPO FREUDIANO<\/p>\n<p>121 Sexualidade e trauma<\/p>\n<p>Fernanda Costa<\/p>\n<p>131 Trauma, isto \u00e9, o mal-entendido<\/p>\n<p>D\u00e9bora Matoso<\/p>\n<p>135 Psicologia das massas: uma releitura<\/p>\n<p>S\u00e9rgio de Campos<\/p>\n<p>141 Novas vers\u00f5es do trauma e a rejei\u00e7\u00e3o da marca<\/p>\n<p>Laura Rubi\u00e3o<\/p>\n<p>147 A viol\u00eancia policial, a lei e o gozo<\/p>\n<p>Rodrigo Abecassis<br \/>\n153 Incid\u00eancias da sexua\u00e7\u00e3o feminina na estrutura e na experi\u00eancia do ci\u00fame masculino<\/p>\n<p>Christiano Mendes de Lima<\/p>\n<p>&nbsp;<\/p>\n<p>RESSON\u00c2NCIAS DO PASSE<\/p>\n<p><em>Passe na Escola: O falo na sua rela\u00e7\u00e3o com o real<\/em><\/p>\n<p>159 Nota preliminar<\/p>\n<p>Angelina Harari<\/p>\n<p>161 O falo como semblante: rumo ao final de an\u00e1lise<\/p>\n<p>Ana Lydia Santiago<\/p>\n<p>165 Da rigidez f\u00e1lica ao objeto m\u00f3bil<\/p>\n<p>J\u00e9sus Santiago<\/p>\n<p>171 O destino do falo no final de an\u00e1lise<\/p>\n<p>R\u00f4mulo Ferreira da Silva<\/p>\n<p>177 Se o sil\u00eancio falasse<\/p>\n<p>Marcus Andr\u00e9 Vieira<\/p>\n<p>183 O falo e o real (O que se torna o falo, no final?)<\/p>\n<p>Ram Mandil<\/p>\n<p>&nbsp;<\/p>\n<p>RADAR<\/p>\n<p>191 Horsexe: extens\u00e3o do circuito da m\u00e3e<\/p>\n<p>Marie-H\u00e9l\u00e8ne Brousse<\/p>\n<p>205 O que quer a m\u00e3o, hoje?<\/p>\n<p>Cristina Drummond<\/p>\n<p>213 A Inven\u00e7\u00e3o da crian\u00e7a<\/p>\n<p>Cristiana Pittella de Mattos e Margaret Pires do Couto<\/p>\n<p>&nbsp;<\/p>\n<p>Capa: Conrado Almada.<\/p>\n","protected":false},"excerpt":{"rendered":"<p>AUTOR V\u00e1rios autores N\u00daMERO \/ EDI\u00c7\u00c3O 39 ANO 2015 &nbsp; &nbsp; SOBRE O LIVRO \u00cdNDICE CURINGA 39 &nbsp; CARTAS NA MESA 15 Mosaicos S\u00e9rgio de Campos &nbsp; INTERNACIONAL 23 Viol\u00eancia: marcas nos corpos e nas cidades Philippe Lacad\u00e9e 31 J\u00e9r\u00f4me e as marcas no corpo. Reizinho e a viol\u00eancia na cidade Philippe Lacad\u00e9e &nbsp; EVENTOS-SAT\u00c9LITES&hellip;<\/p>\n","protected":false},"author":1,"featured_media":0,"comment_status":"closed","ping_status":"closed","sticky":false,"template":"","format":"standard","meta":{"footnotes":""},"categories":[6],"tags":[],"post_series":[],"class_list":["post-3283","post","type-post","status-publish","format-standard","hentry","category-revista-curinga","entry","no-media"],"aioseo_notices":[],"_links":{"self":[{"href":"https:\/\/ebp.org.br\/mg\/wp-json\/wp\/v2\/posts\/3283","targetHints":{"allow":["GET"]}}],"collection":[{"href":"https:\/\/ebp.org.br\/mg\/wp-json\/wp\/v2\/posts"}],"about":[{"href":"https:\/\/ebp.org.br\/mg\/wp-json\/wp\/v2\/types\/post"}],"author":[{"embeddable":true,"href":"https:\/\/ebp.org.br\/mg\/wp-json\/wp\/v2\/users\/1"}],"replies":[{"embeddable":true,"href":"https:\/\/ebp.org.br\/mg\/wp-json\/wp\/v2\/comments?post=3283"}],"version-history":[{"count":0,"href":"https:\/\/ebp.org.br\/mg\/wp-json\/wp\/v2\/posts\/3283\/revisions"}],"wp:attachment":[{"href":"https:\/\/ebp.org.br\/mg\/wp-json\/wp\/v2\/media?parent=3283"}],"wp:term":[{"taxonomy":"category","embeddable":true,"href":"https:\/\/ebp.org.br\/mg\/wp-json\/wp\/v2\/categories?post=3283"},{"taxonomy":"post_tag","embeddable":true,"href":"https:\/\/ebp.org.br\/mg\/wp-json\/wp\/v2\/tags?post=3283"},{"taxonomy":"post_series","embeddable":true,"href":"https:\/\/ebp.org.br\/mg\/wp-json\/wp\/v2\/post_series?post=3283"}],"curies":[{"name":"wp","href":"https:\/\/api.w.org\/{rel}","templated":true}]}}