{"id":3279,"date":"2020-11-07T07:18:22","date_gmt":"2020-11-07T10:18:22","guid":{"rendered":"http:\/\/ebp.org.br\/mg\/?p=3279"},"modified":"2020-11-07T07:18:22","modified_gmt":"2020-11-07T10:18:22","slug":"curinga-038","status":"publish","type":"post","link":"https:\/\/ebp.org.br\/mg\/curinga-038\/","title":{"rendered":"Curinga 038"},"content":{"rendered":"<h3><strong><img loading=\"lazy\" decoding=\"async\" class=\"size-medium wp-image-3105 alignright\" src=\"http:\/\/ebp.org.br\/mg\/wp-content\/uploads\/2020\/10\/curinga038-214x300.jpg\" alt=\"\" width=\"214\" height=\"300\" \/>AUTOR<\/strong><\/h3>\n<h3>V\u00e1rios autores<\/h3>\n<h3><strong>N\u00daMERO \/ EDI\u00c7\u00c3O<\/strong><\/h3>\n<h3>38<\/h3>\n<h3><strong>ANO<\/strong><\/h3>\n<h3>2014<\/h3>\n<p>&nbsp;<\/p>\n<h3><strong>SOBRE O LIVRO<\/strong><\/h3>\n<h3><strong>\u00cdNDICE<\/strong><\/h3>\n<p>CURINGA 38<\/p>\n<p>&nbsp;<\/p>\n<p>CARTAS NA MESA<\/p>\n<p>13 Contemporaneidade do trauma e desmontagem da defesa<\/p>\n<p>Simone Souto<\/p>\n<p>&nbsp;<\/p>\n<p>INTERNACIONAL<\/p>\n<p>21 A cl\u00ednica do \u00f3dio e a viol\u00eancia<\/p>\n<p>Miquel Bassols<\/p>\n<p>&nbsp;<\/p>\n<p>OS TRAUMAS E OS CORPOS<\/p>\n<p>31 A peculiaridade da biologia humana: especificidades da esquizofrenia<\/p>\n<p>Glacy Gorski<\/p>\n<p>Ilka Franco Ferrari<\/p>\n<p>39 Trauma e psicose<\/p>\n<p>L\u00facia Grossi dos Santos<\/p>\n<p>49 Trauma e acontecimento de corpo: a escrita de Primo Levi<\/p>\n<p>Luc\u00edola Freitas de Mac\u00eado<\/p>\n<p>49 Corpo, corte e costura<\/p>\n<p>Maria Rachel Botrel<\/p>\n<p>&nbsp;<\/p>\n<p>BIBLIOTECA<\/p>\n<p>69 O real \u2013 leitura e escrita<\/p>\n<p>Ram Mandil<\/p>\n<p>&nbsp;<\/p>\n<p>RESSON\u00c2NCIAS DO PASSE<\/p>\n<p>85 Feminino: defesa contra o trauma<\/p>\n<p>Ana Lydia Santiago<\/p>\n<p>&nbsp;<\/p>\n<p>CART\u00c9IS<\/p>\n<p>93 Redes sociais digitais e a transforma\u00e7\u00e3o da privacidade (e da intimidade)<\/p>\n<p>J\u00falia Ramalho-Pinto<\/p>\n<p>101 As conversa\u00e7\u00f5es n\u00e3o seriam uma \u201cconversa qualquer\u201d: o lugar do analisante<\/p>\n<p>Margarete Miranda<\/p>\n<p>&nbsp;<\/p>\n<p>RADAR<\/p>\n<p>107 Traumatismo sob transfer\u00eancia<\/p>\n<p>Maria Josefina Sota Fuentes<\/p>\n<p>&nbsp;<\/p>\n<p>Capa: Reginaldo Luiz Cardoso. <em>collage-city, <\/em>janeiro 2014, rua guaicurus e arredores (belo horizonte).<\/p>\n","protected":false},"excerpt":{"rendered":"<p>AUTOR V\u00e1rios autores N\u00daMERO \/ EDI\u00c7\u00c3O 38 ANO 2014 &nbsp; SOBRE O LIVRO \u00cdNDICE CURINGA 38 &nbsp; CARTAS NA MESA 13 Contemporaneidade do trauma e desmontagem da defesa Simone Souto &nbsp; INTERNACIONAL 21 A cl\u00ednica do \u00f3dio e a viol\u00eancia Miquel Bassols &nbsp; OS TRAUMAS E OS CORPOS 31 A peculiaridade da biologia humana: especificidades&hellip;<\/p>\n","protected":false},"author":1,"featured_media":0,"comment_status":"closed","ping_status":"closed","sticky":false,"template":"","format":"standard","meta":{"footnotes":""},"categories":[6],"tags":[],"post_series":[],"class_list":["post-3279","post","type-post","status-publish","format-standard","hentry","category-revista-curinga","entry","no-media"],"aioseo_notices":[],"_links":{"self":[{"href":"https:\/\/ebp.org.br\/mg\/wp-json\/wp\/v2\/posts\/3279","targetHints":{"allow":["GET"]}}],"collection":[{"href":"https:\/\/ebp.org.br\/mg\/wp-json\/wp\/v2\/posts"}],"about":[{"href":"https:\/\/ebp.org.br\/mg\/wp-json\/wp\/v2\/types\/post"}],"author":[{"embeddable":true,"href":"https:\/\/ebp.org.br\/mg\/wp-json\/wp\/v2\/users\/1"}],"replies":[{"embeddable":true,"href":"https:\/\/ebp.org.br\/mg\/wp-json\/wp\/v2\/comments?post=3279"}],"version-history":[{"count":0,"href":"https:\/\/ebp.org.br\/mg\/wp-json\/wp\/v2\/posts\/3279\/revisions"}],"wp:attachment":[{"href":"https:\/\/ebp.org.br\/mg\/wp-json\/wp\/v2\/media?parent=3279"}],"wp:term":[{"taxonomy":"category","embeddable":true,"href":"https:\/\/ebp.org.br\/mg\/wp-json\/wp\/v2\/categories?post=3279"},{"taxonomy":"post_tag","embeddable":true,"href":"https:\/\/ebp.org.br\/mg\/wp-json\/wp\/v2\/tags?post=3279"},{"taxonomy":"post_series","embeddable":true,"href":"https:\/\/ebp.org.br\/mg\/wp-json\/wp\/v2\/post_series?post=3279"}],"curies":[{"name":"wp","href":"https:\/\/api.w.org\/{rel}","templated":true}]}}