{"id":3277,"date":"2020-11-07T07:17:45","date_gmt":"2020-11-07T10:17:45","guid":{"rendered":"http:\/\/ebp.org.br\/mg\/?p=3277"},"modified":"2020-11-07T07:17:45","modified_gmt":"2020-11-07T10:17:45","slug":"curinga-037","status":"publish","type":"post","link":"https:\/\/ebp.org.br\/mg\/curinga-037\/","title":{"rendered":"Curinga 037"},"content":{"rendered":"<h3><img loading=\"lazy\" decoding=\"async\" class=\"size-medium wp-image-3104 alignright\" src=\"http:\/\/ebp.org.br\/mg\/wp-content\/uploads\/2020\/10\/curinga037-217x300.jpg\" alt=\"\" width=\"217\" height=\"300\" \/>AUTOR<\/h3>\n<h3>V\u00e1rios autores<\/h3>\n<h3>N\u00daMERO \/ EDI\u00c7\u00c3O<\/h3>\n<h3>37<\/h3>\n<h3>ANO<\/h3>\n<h3>2014<\/h3>\n<p>&nbsp;<\/p>\n<h3>SOBRE O LIVRO<\/h3>\n<h3>\u00cdNDICE<\/h3>\n<p>CURINGA 37<\/p>\n<p>&nbsp;<\/p>\n<p>CARTAS NA MESA<\/p>\n<p>17 O interesse cient\u00edfico da psican\u00e1lise hoje: Condi\u00e7\u00f5es para uma conversa\u00e7\u00e3o entre psican\u00e1lise e ci\u00eancia<\/p>\n<p>Frederico Feu de Carvalho<\/p>\n<p>&nbsp;<\/p>\n<p>INTERNACIONAL<\/p>\n<p>23 Psican\u00e1lise e Ci\u00eancia<\/p>\n<p>Fran\u00e7ois Ansermet<\/p>\n<p>&nbsp;<\/p>\n<p>RELAT\u00d3RIOS-EIXO DA XVIII JORNADA DA EBP-MG<\/p>\n<p>41 Ci\u00eancia e Del\u00edrio<\/p>\n<p>Relator: Ant\u00f4nio Teixeira<\/p>\n<p>51 O saber da crian\u00e7a e o saber da ci\u00eancia<\/p>\n<p>Relatora: Suzana Faleiro Barroso<\/p>\n<p>67 Os efeitos da ci\u00eancia sobre o corpo<\/p>\n<p>Relator: S\u00e9rgio de Campos<\/p>\n<p>83 As mamas de Angelina ou o real da psican\u00e1lise e da ci\u00eancia<\/p>\n<p>Relatora: M\u00e1rcia Rosa<\/p>\n<p>&nbsp;<\/p>\n<p>PANORAMA DOS TRABALHOS APRESENTADOS NA XVIII JORNADA DA EBP-MG<\/p>\n<p>99 O caso Bataille: o homog\u00eaneo versus o heterog\u00eaneo<\/p>\n<p>Alessandra Thomaz Rocha<\/p>\n<p>103 A estrutura do eu em Freud e o modelo biol\u00f3gico da identidade<\/p>\n<p>Alexandre Sim\u00f5es Barbosa<\/p>\n<p>109 O advento do sujeito: uma resposta ao real em jogo na experi\u00eancia anal\u00edtica<\/p>\n<p>Ana Maria Lopes<\/p>\n<p>113 A temporalidade qu\u00e2ntica do inconsciente<\/p>\n<p>Bernardo Augusto Caldeira<\/p>\n<p>117 Do rock ao roll: do saber \u00e0 verdade<\/p>\n<p>Ednei Soares<\/p>\n<p>123 O sujeito da ci\u00eancia e o sujeito da psican\u00e1lise<\/p>\n<p>Lucas Fernandes Loureiro<\/p>\n<p>137 Perdas de repeti\u00e7\u00e3o \u2013 O caso Vera<\/p>\n<p>M\u00e1rcia Aparecida de Abreu Fonseca<\/p>\n<p>\u00c2ngela Maria Resende Vorcaro<\/p>\n<p>133 Amanda e o real em jogo em seu medo de cair<\/p>\n<p>Margaret Pires do Couto<\/p>\n<p>137 H\u00e1 um sujeito doente?<\/p>\n<p>Maria C\u00e2ndida Marques<\/p>\n<p>143 Do transtorno ao sintoma<\/p>\n<p>Patr\u00edcia Ribeiro<\/p>\n<p>Cristina Vidigal<\/p>\n<p>149 Muito mais ainda&#8230;<\/p>\n<p>T\u00e2nia Coelho dos Santos<\/p>\n<p>155 As implica\u00e7\u00f5es do real na cl\u00ednica<\/p>\n<p>Virginia Souto Maior San\u00e1bio<\/p>\n<p>&nbsp;<\/p>\n<p>RESSON\u00c2NCIAS DO PASSE<\/p>\n<p>161 Trauma e acontecimento de corpo<\/p>\n<p>Ram Mandil<\/p>\n<p>&nbsp;<\/p>\n<p>RADAR<\/p>\n<p>171 O que pode a psican\u00e1lise diante dessa vida que vai al\u00e9m da vida dos corpos<\/p>\n<p>Notas rumo ao XX Encontro Brasileiro do Campo Freudiano<\/p>\n<p>Fernanda Ottoni de Barros-Brisset<\/p>\n<p>&nbsp;<\/p>\n<p>CART\u00c9IS<\/p>\n<p>181 As quatro manias em Plat\u00e3o<\/p>\n<p>Mario Elkin Ram\u00edrez<\/p>\n<p>&nbsp;<\/p>\n<p>&nbsp;<\/p>\n<p>Capa: Solange Pessoa. <em>Sem t\u00edtulo<\/em>, 2014, jenipapo e urucum s\/ tela, 40x30cm.<\/p>\n<p>&nbsp;<\/p>\n<p>&nbsp;<\/p>\n<p>&nbsp;<\/p>\n<p>&nbsp;<\/p>\n","protected":false},"excerpt":{"rendered":"<p>AUTOR V\u00e1rios autores N\u00daMERO \/ EDI\u00c7\u00c3O 37 ANO 2014 &nbsp; SOBRE O LIVRO \u00cdNDICE CURINGA 37 &nbsp; CARTAS NA MESA 17 O interesse cient\u00edfico da psican\u00e1lise hoje: Condi\u00e7\u00f5es para uma conversa\u00e7\u00e3o entre psican\u00e1lise e ci\u00eancia Frederico Feu de Carvalho &nbsp; INTERNACIONAL 23 Psican\u00e1lise e Ci\u00eancia Fran\u00e7ois Ansermet &nbsp; RELAT\u00d3RIOS-EIXO DA XVIII JORNADA DA EBP-MG 41&hellip;<\/p>\n","protected":false},"author":1,"featured_media":0,"comment_status":"closed","ping_status":"closed","sticky":false,"template":"","format":"standard","meta":{"footnotes":""},"categories":[6],"tags":[],"post_series":[],"class_list":["post-3277","post","type-post","status-publish","format-standard","hentry","category-revista-curinga","entry","no-media"],"aioseo_notices":[],"_links":{"self":[{"href":"https:\/\/ebp.org.br\/mg\/wp-json\/wp\/v2\/posts\/3277","targetHints":{"allow":["GET"]}}],"collection":[{"href":"https:\/\/ebp.org.br\/mg\/wp-json\/wp\/v2\/posts"}],"about":[{"href":"https:\/\/ebp.org.br\/mg\/wp-json\/wp\/v2\/types\/post"}],"author":[{"embeddable":true,"href":"https:\/\/ebp.org.br\/mg\/wp-json\/wp\/v2\/users\/1"}],"replies":[{"embeddable":true,"href":"https:\/\/ebp.org.br\/mg\/wp-json\/wp\/v2\/comments?post=3277"}],"version-history":[{"count":0,"href":"https:\/\/ebp.org.br\/mg\/wp-json\/wp\/v2\/posts\/3277\/revisions"}],"wp:attachment":[{"href":"https:\/\/ebp.org.br\/mg\/wp-json\/wp\/v2\/media?parent=3277"}],"wp:term":[{"taxonomy":"category","embeddable":true,"href":"https:\/\/ebp.org.br\/mg\/wp-json\/wp\/v2\/categories?post=3277"},{"taxonomy":"post_tag","embeddable":true,"href":"https:\/\/ebp.org.br\/mg\/wp-json\/wp\/v2\/tags?post=3277"},{"taxonomy":"post_series","embeddable":true,"href":"https:\/\/ebp.org.br\/mg\/wp-json\/wp\/v2\/post_series?post=3277"}],"curies":[{"name":"wp","href":"https:\/\/api.w.org\/{rel}","templated":true}]}}